{"id":3368,"date":"2022-11-29T22:56:44","date_gmt":"2022-11-29T21:56:44","guid":{"rendered":"https:\/\/www.hornamicina.eu\/web\/?p=3368"},"modified":"2022-11-29T22:57:22","modified_gmt":"2022-11-29T21:57:22","slug":"plan-kontrolnej-cinnosti-hlavneho-kontrolora-obce-na-1-polrok-2023-navrh","status":"publish","type":"post","link":"https:\/\/www.hornamicina.eu\/web\/plan-kontrolnej-cinnosti-hlavneho-kontrolora-obce-na-1-polrok-2023-navrh\/","title":{"rendered":"Pl\u00e1n kontrolnej \u010dinnosti hlavn\u00e9ho kontrol\u00f3ra obce na 1. polrok 2023 &#8211; n\u00e1vrh"},"content":{"rendered":"<p style=\"text-align: center;\"><span style=\"color: #993300;\">N \u00c1 V\u00a0R H<\/span><\/p>\n<h2 style=\"text-align: center;\"><strong>Pl\u00e1n kontrolnej \u010dinnosti hlavn\u00e9ho kontrol\u00f3ra obce na 1. polrok 2023<\/strong><\/h2>\n<h2 style=\"text-align: center;\"><strong>Obec Horn\u00e1 Mi\u010din\u00e1<\/strong><\/h2>\n<p>&nbsp;<\/p>\n<p>Kontroln\u00e1 \u010dinnosti v\u00a0obci Horn\u00e1 Mi\u010din\u00e1 sa riadi pl\u00e1nom kontrolnej \u010dinnosti hlavn\u00e9ho kontrol\u00f3ra, ktor\u00fd je tvoren\u00fd v\u00a0zmysle ustanoven\u00ed Z\u00e1kona \u010d. 369\/1990 Z. z. o\u00a0obecnom zriaden\u00ed v\u00a0znen\u00ed neskor\u0161\u00edch predpisov, \u00a7 18 f ods.1 p\u00edsm. b) so zameran\u00edm na sledovanie z\u00e1konnosti, \u00fa\u010dinnosti, hospod\u00e1rnosti, efekt\u00edvnosti pri hospod\u00e1ren\u00ed a\u00a0nakladan\u00ed s\u00a0majetkom, finan\u010dn\u00fdmi prostriedkami a\u00a0majetkov\u00fdmi pr\u00e1vami obce. Kontrolnej \u010dinnosti v\u00a0obci Horn\u00e1 Mi\u010din\u00e1 podliehaj\u00fa nasledovn\u00e9 subjekty:<\/p>\n<ul>\n<li>obecn\u00fd \u00farad,<\/li>\n<li>osoby a organiz\u00e1cie, ktor\u00fdm boli poskytnut\u00e9 z\u00a0rozpo\u010dtu obce \u00fa\u010delov\u00e9 dot\u00e1cie alebo n\u00e1vratn\u00e9, \u010di nen\u00e1vratn\u00e9 finan\u010dn\u00e9 v\u00fdpomoci a\u00a0to v\u00a0rozsahu nakladania s\u00a0t\u00fdmito prostriedkami.<\/li>\n<\/ul>\n<p>Pl\u00e1n kontrol v\u00a01. polroku 2023 je stanoven\u00fd pre nasledovn\u00e9 kontroln\u00e9 \u010dinnosti a\u00a0oblasti:<\/p>\n<ul>\n<li><strong><em>Pravideln\u00e1 kontroln\u00e1 \u010dinnos\u0165<\/em><\/strong><\/li>\n<li>Kontrola plnenia schv\u00e1len\u00fdch uznesen\u00ed zo zasadnut\u00ed obecn\u00e9ho zastupite\u013estva \u2013 predklad\u00e1 sa na ka\u017edom zasadnut\u00ed obecn\u00e9ho zastupite\u013estva.<\/li>\n<li>Kontrola plnenia rozpo\u010dtu &#8211; pri ka\u017edej zmene rozpo\u010dtu v\u00a0s\u00favislosti s\u00a0predkladan\u00fdmi n\u00e1vrhmi \u00faprav rozpo\u010dtu rozpo\u010dtov\u00fdmi opatreniami a\u00a0pr\u00edprava stanoviska s\u00a0hodnoten\u00edm \u00farovne \u010derpania rozpo\u010dtu,<\/li>\n<\/ul>\n<p>&#8211; v\u00a0pr\u00edpade, \u017ee sa nevykon\u00e1 \u00faprava rozpo\u010dtu do 30. 06. be\u017en\u00e9ho rozpo\u010dtov\u00e9ho roka, predlo\u017e\u00ed sa po tomto term\u00edne hodnotenie aktu\u00e1lneho \u010derpania rozpo\u010dtu na najbli\u017e\u0161om zasadnut\u00ed obecn\u00e9ho zastupite\u013estva.<\/p>\n<ul>\n<li><strong><em>Tematick\u00e9 finan\u010dn\u00e9 kontroly<\/em><\/strong><\/li>\n<\/ul>\n<ol>\n<li>Kontrola podmienok poskytovania dot\u00e1ci\u00ed z rozpo\u010dtu obce Horn\u00e1 Mi\u010din\u00e1 pr\u00e1vnick\u00fdm a fyzick\u00fdm osob\u00e1m, z\u00fa\u010dtovanie dot\u00e1ci\u00ed a opr\u00e1vnenos\u0165 pou\u017eitia poskytnut\u00fdch finan\u010dn\u00fdch prostriedkov za rok 2022.<\/li>\n<li>Kontrola plnenia opatren\u00ed z\u00a0vykonanej kontroly v\u00a01. polroku 2022 \u2013 kontrola pokladne, pokladni\u010dnej hotovosti, finan\u010dn\u00fdch oper\u00e1ci\u00ed vykonan\u00fdch cez poklad\u0148u obce, evidencia dokladov a\u00a0v\u00fdkon z\u00e1kladnej finan\u010dnej kontroly, kontrola intern\u00e9ho predpisu upravuj\u00faceho procesy s\u00favisiace s\u00a0poklad\u0148ou za rok 2021.<\/li>\n<li>Kontrola plnenia opatren\u00ed z\u00a0vykonanej kontroly v\u00a02. polroku 2022 &#8211; Kontrola do\u0161l\u00fdch fakt\u00far obce za 1. polrok 2022, evidencia, v\u00fdkon finan\u010dnej kontroly a\u00a0s\u00falad s\u00a0uzatvoren\u00fdmi zmluvami. Kontrola finan\u010dn\u00fdch oper\u00e1ci\u00ed s\u00favisiacich s\u00a0do\u0161l\u00fdmi fakt\u00farami evidovan\u00fdmi a\u00a0z\u00fa\u010dtovan\u00fdmi v\u00a0obci za obdobie 1. polroka roku 2022.<\/li>\n<\/ol>\n<p><strong>Cie\u013e kontroly: <\/strong>Overenie objekt\u00edvneho stavu v\u00a0preverovanej oblasti a\u00a0s\u00falad s\u00a0platnou legislat\u00edvou a\u00a0vn\u00fatorn\u00fdmi predpismi obce.<\/p>\n<p><strong>V\u00fdstup z\u00a0kontroly:<\/strong> Spr\u00e1va o\u00a0v\u00fdsledku kontroly.<\/p>\n<ul>\n<li><strong><em>Ostatn\u00e1 kontroln\u00e1 \u010dinnos\u0165<\/em><\/strong><\/li>\n<\/ul>\n<ol>\n<li>Kontrola vykon\u00e1van\u00e1 na z\u00e1klade novovzniknut\u00fdch potrieb a\u00a0po\u017eiadaviek obecn\u00e9ho zastupite\u013estva a\u00a0podnetov poslancov obecn\u00e9ho zastupite\u013estva.<\/li>\n<\/ol>\n<ul>\n<li><strong><em>Pr\u00edprava a\u00a0tvorba materi\u00e1lov<\/em><\/strong><\/li>\n<\/ul>\n<ol>\n<li>Vypracovanie spr\u00e1vy o kontrolnej \u010dinnosti za rok 2022.<\/li>\n<li>Vypracovanie spr\u00e1v z\u00a0realizovanej kontrolnej \u010dinnosti pod\u013ea schv\u00e1len\u00e9ho pl\u00e1nu kontrolnej \u010dinnosti.<\/li>\n<li>Vypracovanie odborn\u00e9ho stanoviska k\u00a0n\u00e1vrhu z\u00e1vere\u010dn\u00e9ho \u00fa\u010dtu obce Horn\u00e1 Mi\u010din\u00e1 za rok 2022 v\u00a0zmysle \u00a7 18 f ods.1.p\u00edsm. c) Z\u00e1kona \u010d. 369\/1990 o\u00a0obecnom zriaden\u00ed v\u00a0znen\u00ed neskor\u0161\u00edch predpisov, pred jeho samotn\u00fdm schv\u00e1len\u00edm v\u00a0obecnom zastupite\u013estve.<\/li>\n<li>\u00da\u010das\u0165 na zasadnutiach obecn\u00e9ho zastupite\u013estva v\u00a0zmysle \u00a7 18 f ods. 2 Z\u00e1kona \u010d. 369\/1990 o\u00a0obecnom zriaden\u00ed v\u00a0znen\u00ed neskor\u0161\u00edch predpisov.<\/li>\n<li>Spolupr\u00e1ca pri tvorbe nov\u00fdch n\u00e1vrhov na intern\u00e9 predpisy obce v\u00a0nadv\u00e4znosti na platn\u00fa legislat\u00edvu SR.<\/li>\n<li>Vypracovanie n\u00e1vrhu pl\u00e1nu kontrolnej \u010dinnosti na 2. polrok 2023.<\/li>\n<\/ol>\n<p><strong>\u00a0<\/strong><\/p>\n<p><strong>V zmysle predlo\u017een\u00e9ho pl\u00e1nu \u010dinnosti zmeny vo v\u00fdkone kontroly m\u00f4\u017eu by\u0165 podmienen\u00e9 vznikom nov\u00fdch z\u00e1va\u017en\u00fdch skuto\u010dnost\u00ed, ktor\u00fdch naliehavos\u0165 a rozsah zisten\u00fdch nedostatkov si vy\u017eiada uprednostnenie v\u00fdkonu kontroly stanovenej problematiky.<\/strong><\/p>\n<p>&nbsp;<\/p>\n<p>V\u00a0Hornej Mi\u010dinej, 25. novembra 2022<\/p>\n<p>&nbsp;<\/p>\n<p>Ing. Marta Lapi\u0148ov\u00e1<\/p>\n<p>Hlavn\u00e1 kontrol\u00f3rka obce Horn\u00e1 Mi\u010din\u00e1<\/p>\n<p>&nbsp;<\/p>\n","protected":false},"excerpt":{"rendered":"N \u00c1 V\u00a0R H Pl\u00e1n kontrolnej \u010dinnosti hlavn\u00e9ho kontrol\u00f3ra obce na 1. polrok [&hellip;]","protected":false},"author":1,"featured_media":390,"comment_status":"closed","ping_status":"open","sticky":false,"template":"","format":"standard","meta":{"advanced_seo_description":"","jetpack_seo_html_title":"","jetpack_seo_noindex":false,"_jetpack_memberships_contains_paid_content":false,"footnotes":""},"categories":[32,8],"tags":[],"class_list":["post-3368","post","type-post","status-publish","format-standard","has-post-thumbnail","hentry","category-uradna-tabula","category-oznamy"],"jetpack_featured_media_url":"https:\/\/i0.wp.com\/www.hornamicina.eu\/web\/wp-content\/uploads\/2017\/07\/uznesenia.jpg?fit=530%2C530&ssl=1","jetpack_sharing_enabled":true,"jetpack_shortlink":"https:\/\/wp.me\/p8RsFw-Sk","jetpack-related-posts":[{"id":4340,"url":"https:\/\/www.hornamicina.eu\/web\/navrh-planu-kontrolnej-cinnosti-hlavneho-kontrolora-obce-horna-micina-na-2-polrok-2024\/","url_meta":{"origin":3368,"position":0},"title":"N\u00c1VRH PL\u00c1NU KONTROLNEJ \u010cINNOSTI HLAVN\u00c9HO KONTROL\u00d3RA OBCE HORN\u00c1 MI\u010cIN\u00c1 NA 2. POLROK 2024","author":"admin","date":"12. j\u00fala 2024","format":false,"excerpt":"Kontroln\u00fd proces je neoddelite\u013enou s\u00fa\u010das\u0165ou \u0161trukt\u00fary riadenia samospr\u00e1vy Obce Horn\u00e1 Mi\u010din\u00e1 \u00a0a \u00a0jej \u00a0hospod\u00e1renia s \u00a0verejn\u00fdmi \u00a0prostriedkami,\u00a0 kde \u00a0pln\u00ed \u00a0funkcie \u00a0sp\u00e4tnej \u00a0v\u00e4zby.\u00a0 \u00da\u010dinn\u00e1 \u00a0a cie\u013eavedome uplat\u0148ovan\u00e1 kontrola prispieva k neust\u00e1lemu skvalit\u0148ovaniu riadiaceho procesu samospr\u00e1vy. \u00dalohou hlavn\u00e9ho kontrol\u00f3ra je vykon\u00e1va\u0165 kontrolu z h\u013eadiska dodr\u017eiavania z\u00e1konnosti predov\u0161etk\u00fdm so zameran\u00edm sa na dodr\u017eiavanie\u2026","rel":"","context":"V &quot;D\u00f4le\u017eit\u00e9&quot;","block_context":{"text":"D\u00f4le\u017eit\u00e9","link":"https:\/\/www.hornamicina.eu\/web\/category\/dolezite\/"},"img":{"alt_text":"Logo obce a dokumenty","src":"https:\/\/i0.wp.com\/www.hornamicina.eu\/web\/wp-content\/uploads\/2017\/07\/uznesenia.jpg?fit=530%2C530&ssl=1&resize=350%2C200","width":350,"height":200,"srcset":"https:\/\/i0.wp.com\/www.hornamicina.eu\/web\/wp-content\/uploads\/2017\/07\/uznesenia.jpg?fit=530%2C530&ssl=1&resize=350%2C200 1x, https:\/\/i0.wp.com\/www.hornamicina.eu\/web\/wp-content\/uploads\/2017\/07\/uznesenia.jpg?fit=530%2C530&ssl=1&resize=525%2C300 1.5x"},"classes":[]},{"id":4975,"url":"https:\/\/www.hornamicina.eu\/web\/navrh-planu-kontrolnej-cinnosti-hlavneho-kontrolora-obce-horna-micina-1-polrok-2025\/","url_meta":{"origin":3368,"position":1},"title":"N\u00e1vrh pl\u00e1nu kontrolnej \u010dinnosti hlavn\u00e9ho kontrol\u00f3ra obce Horn\u00e1 Mi\u010din\u00e1 &#8211; 1. polrok 2025","author":"admin","date":"27. novembra 2024","format":false,"excerpt":"Kontroln\u00fd proces je neoddelite\u013enou s\u00fa\u010das\u0165ou \u0161trukt\u00fary riadenia samospr\u00e1vy Obce Horn\u00e1 Mi\u010din\u00e1 a jej hospod\u00e1renia s verejn\u00fdmi prostriedkami, kde pln\u00ed funkcie sp\u00e4tnej v\u00e4zby. \u00da\u010dinn\u00e1 a cie\u013eavedome uplat\u0148ovan\u00e1 kontrola prispieva k neust\u00e1lemu skvalit\u0148ovaniu riadiaceho procesu samospr\u00e1vy. \u00dalohou hlavn\u00e9ho kontrol\u00f3ra je vykon\u00e1va\u0165 kontrolu z h\u013eadiska dodr\u017eiavania z\u00e1konnosti predov\u0161etk\u00fdm so zameran\u00edm sa na dodr\u017eiavanie\u2026","rel":"","context":"V &quot;D\u00f4le\u017eit\u00e9&quot;","block_context":{"text":"D\u00f4le\u017eit\u00e9","link":"https:\/\/www.hornamicina.eu\/web\/category\/dolezite\/"},"img":{"alt_text":"Logo obce a dokumenty","src":"https:\/\/i0.wp.com\/www.hornamicina.eu\/web\/wp-content\/uploads\/2017\/07\/uznesenia.jpg?fit=530%2C530&ssl=1&resize=350%2C200","width":350,"height":200,"srcset":"https:\/\/i0.wp.com\/www.hornamicina.eu\/web\/wp-content\/uploads\/2017\/07\/uznesenia.jpg?fit=530%2C530&ssl=1&resize=350%2C200 1x, https:\/\/i0.wp.com\/www.hornamicina.eu\/web\/wp-content\/uploads\/2017\/07\/uznesenia.jpg?fit=530%2C530&ssl=1&resize=525%2C300 1.5x"},"classes":[]},{"id":5244,"url":"https:\/\/www.hornamicina.eu\/web\/navrh-planu-kontrolnej-cinnosti-hlavneho-kontrolora-obce-horna-micina-na-2-polrok-2025\/","url_meta":{"origin":3368,"position":2},"title":"N\u00c1VRH PL\u00c1NU KONTROLNEJ \u010cINNOSTI HLAVN\u00c9HO KONTROL\u00d3RA OBCE HORN\u00c1 MI\u010cIN\u00c1  NA 2. POLROK 2025","author":"admin","date":"16. m\u00e1ja 2025","format":false,"excerpt":"Kontroln\u00fd proces je neoddelite\u013enou s\u00fa\u010das\u0165ou \u0161trukt\u00fary riadenia samospr\u00e1vy Obce Horn\u00e1 Mi\u010din\u00e1 a jej hospod\u00e1renia s verejn\u00fdmi prostriedkami, kde pln\u00ed funkcie sp\u00e4tnej v\u00e4zby. \u00da\u010dinn\u00e1 a cie\u013eavedome uplat\u0148ovan\u00e1 kontrola prispieva k neust\u00e1lemu skvalit\u0148ovaniu riadiaceho procesu samospr\u00e1vy. \u00dalohou hlavn\u00e9ho kontrol\u00f3ra je vykon\u00e1va\u0165 kontrolu z h\u013eadiska dodr\u017eiavania z\u00e1konnosti predov\u0161etk\u00fdm so zameran\u00edm sa na dodr\u017eiavanie\u2026","rel":"","context":"V &quot;Elektronick\u00e1 \u00faradn\u00e1 tabu\u013ea&quot;","block_context":{"text":"Elektronick\u00e1 \u00faradn\u00e1 tabu\u013ea","link":"https:\/\/www.hornamicina.eu\/web\/category\/uradna-tabula\/"},"img":{"alt_text":"Logo obce a dokumenty","src":"https:\/\/i0.wp.com\/www.hornamicina.eu\/web\/wp-content\/uploads\/2017\/07\/uznesenia.jpg?fit=530%2C530&ssl=1&resize=350%2C200","width":350,"height":200,"srcset":"https:\/\/i0.wp.com\/www.hornamicina.eu\/web\/wp-content\/uploads\/2017\/07\/uznesenia.jpg?fit=530%2C530&ssl=1&resize=350%2C200 1x, https:\/\/i0.wp.com\/www.hornamicina.eu\/web\/wp-content\/uploads\/2017\/07\/uznesenia.jpg?fit=530%2C530&ssl=1&resize=525%2C300 1.5x"},"classes":[]},{"id":5547,"url":"https:\/\/www.hornamicina.eu\/web\/navrh-planu-kontrolnej-cinnosti-obce-horna-micina-na-1-polrok-2026\/","url_meta":{"origin":3368,"position":3},"title":"N\u00e1vrh pl\u00e1nu kontrolnej \u010dinnosti hlavn\u00e9ho kontrol\u00f3ra obce na prv\u00fd polrok 2026","author":"admin","date":"29. okt\u00f3bra 2025","format":false,"excerpt":"Kontroln\u00fd proces je neoddelite\u013enou s\u00fa\u010das\u0165ou \u0161trukt\u00fary riadenia samospr\u00e1vy Obce Horn\u00e1 Mi\u010din\u00e1 a jej hospod\u00e1renia s verejn\u00fdmi prostriedkami, kde pln\u00ed funkcie sp\u00e4tnej v\u00e4zby. \u00da\u010dinn\u00e1 a cie\u013eavedome uplat\u0148ovan\u00e1 kontrola prispieva k neust\u00e1lemu skvalit\u0148ovaniu riadiaceho procesu samospr\u00e1vy. \u00dalohou hlavn\u00e9ho kontrol\u00f3ra je vykon\u00e1va\u0165 kontrolu z h\u013eadiska dodr\u017eiavania z\u00e1konnosti predov\u0161etk\u00fdm so zameran\u00edm sa na dodr\u017eiavanie\u2026","rel":"","context":"V &quot;Elektronick\u00e1 \u00faradn\u00e1 tabu\u013ea&quot;","block_context":{"text":"Elektronick\u00e1 \u00faradn\u00e1 tabu\u013ea","link":"https:\/\/www.hornamicina.eu\/web\/category\/uradna-tabula\/"},"img":{"alt_text":"Logo obce a dokumenty","src":"https:\/\/i0.wp.com\/www.hornamicina.eu\/web\/wp-content\/uploads\/2017\/07\/uznesenia.jpg?fit=530%2C530&ssl=1&resize=350%2C200","width":350,"height":200,"srcset":"https:\/\/i0.wp.com\/www.hornamicina.eu\/web\/wp-content\/uploads\/2017\/07\/uznesenia.jpg?fit=530%2C530&ssl=1&resize=350%2C200 1x, https:\/\/i0.wp.com\/www.hornamicina.eu\/web\/wp-content\/uploads\/2017\/07\/uznesenia.jpg?fit=530%2C530&ssl=1&resize=525%2C300 1.5x"},"classes":[]},{"id":3698,"url":"https:\/\/www.hornamicina.eu\/web\/navrh-planu-kontrolnej-cinnosti-hk-obce-na-2-polrok-2023\/","url_meta":{"origin":3368,"position":4},"title":"N\u00e1vrh pl\u00e1nu kontrolnej \u010dinnosti HK obce na 2. polrok 2023","author":"admin","date":"15. m\u00e1ja 2023","format":false,"excerpt":"Pl\u00e1n kontrolnej \u010dinnosti hlavn\u00e9ho kontrol\u00f3ra obce na 2. polrok 2023 Obec Horn\u00e1 Mi\u010din\u00e1 V zmysle z\u00e1kona \u010d. 369\/1990 Zb. o obecnom zriaden\u00ed v znen\u00ed neskor\u0161\u00edch predpisov, \u00a7 18 ods. 1 p\u00edsm. b) hlavn\u00fd kontrol\u00f3r obce zostavuje a predklad\u00e1 pl\u00e1n kontrolnej \u010dinnosti, ktor\u00fd bude v\u00fdchodiskom pre v\u00fdkon kontrolnej \u010dinnosti v podmienkach\u2026","rel":"","context":"V &quot;D\u00f4le\u017eit\u00e9&quot;","block_context":{"text":"D\u00f4le\u017eit\u00e9","link":"https:\/\/www.hornamicina.eu\/web\/category\/dolezite\/"},"img":{"alt_text":"Logo obce a dokumenty","src":"https:\/\/i0.wp.com\/www.hornamicina.eu\/web\/wp-content\/uploads\/2017\/07\/uznesenia.jpg?fit=530%2C530&ssl=1&resize=350%2C200","width":350,"height":200,"srcset":"https:\/\/i0.wp.com\/www.hornamicina.eu\/web\/wp-content\/uploads\/2017\/07\/uznesenia.jpg?fit=530%2C530&ssl=1&resize=350%2C200 1x, https:\/\/i0.wp.com\/www.hornamicina.eu\/web\/wp-content\/uploads\/2017\/07\/uznesenia.jpg?fit=530%2C530&ssl=1&resize=525%2C300 1.5x"},"classes":[]},{"id":4924,"url":"https:\/\/www.hornamicina.eu\/web\/zapisnica-so-zasadnutia-zastupitelstva-obce-hm-9-2024\/","url_meta":{"origin":3368,"position":5},"title":"Z\u00e1pisnica so zasadnutia zastupite\u013estva obce HM &#8211; 9\/2024","author":"admin","date":"23. septembra 2024","format":false,"excerpt":"Z\u00c1PISNICA zo zasadnutia obecn\u00e9ho zastupite\u013estva (\u010falej len OZ) obce\u00a0Horn\u00e1 Mi\u010din\u00e1 konan\u00e9ho d\u0148a 16.9.2024 v budove obecn\u00e9ho \u00faradu Horn\u00e1 Mi\u010din\u00e1 o 17:00 hod. \u00a0 PR\u00cdTOMN\u00cd: Starosta obce:\u00a0\u00a0\u00a0\u00a0\u00a0\u00a0\u00a0\u00a0\u00a0\u00a0\u00a0\u00a0\u00a0\u00a0\u00a0\u00a0\u00a0\u00a0\u00a0\u00a0\u00a0\u00a0\u00a0\u00a0\u00a0\u00a0\u00a0\u00a0\u00a0 Ivan Len\u00e1r Poslanci OZ:\u00a0\u00a0\u00a0\u00a0\u00a0\u00a0\u00a0\u00a0\u00a0\u00a0\u00a0\u00a0\u00a0\u00a0\u00a0\u00a0\u00a0\u00a0\u00a0\u00a0\u00a0\u00a0\u00a0\u00a0\u00a0\u00a0\u00a0\u00a0\u00a0\u00a0\u00a0\u00a0 pod\u013ea prilo\u017eenej prezen\u010dnej listiny Ob\u010dania obce a\u00a0prizvan\u00ed:\u00a0\u00a0\u00a0\u00a0\u00a0\u00a0\u00a0\u00a0\u00a0\u00a0\u00a0\u00a0 pod\u013ea prilo\u017eenej prezen\u010dnej listiny \u00a0 Zasadnutie obecn\u00e9ho zastupite\u013estva otvoril a\u00a0viedol starosta obce Ivan\u2026","rel":"","context":"V &quot;D\u00f4le\u017eit\u00e9&quot;","block_context":{"text":"D\u00f4le\u017eit\u00e9","link":"https:\/\/www.hornamicina.eu\/web\/category\/dolezite\/"},"img":{"alt_text":"","src":"https:\/\/i0.wp.com\/www.hornamicina.eu\/web\/wp-content\/uploads\/2017\/07\/zastupitelstvo.jpg?fit=530%2C375&ssl=1&resize=350%2C200","width":350,"height":200,"srcset":"https:\/\/i0.wp.com\/www.hornamicina.eu\/web\/wp-content\/uploads\/2017\/07\/zastupitelstvo.jpg?fit=530%2C375&ssl=1&resize=350%2C200 1x, https:\/\/i0.wp.com\/www.hornamicina.eu\/web\/wp-content\/uploads\/2017\/07\/zastupitelstvo.jpg?fit=530%2C375&ssl=1&resize=525%2C300 1.5x"},"classes":[]}],"jetpack_likes_enabled":true,"_links":{"self":[{"href":"https:\/\/www.hornamicina.eu\/web\/wp-json\/wp\/v2\/posts\/3368","targetHints":{"allow":["GET"]}}],"collection":[{"href":"https:\/\/www.hornamicina.eu\/web\/wp-json\/wp\/v2\/posts"}],"about":[{"href":"https:\/\/www.hornamicina.eu\/web\/wp-json\/wp\/v2\/types\/post"}],"author":[{"embeddable":true,"href":"https:\/\/www.hornamicina.eu\/web\/wp-json\/wp\/v2\/users\/1"}],"replies":[{"embeddable":true,"href":"https:\/\/www.hornamicina.eu\/web\/wp-json\/wp\/v2\/comments?post=3368"}],"version-history":[{"count":0,"href":"https:\/\/www.hornamicina.eu\/web\/wp-json\/wp\/v2\/posts\/3368\/revisions"}],"wp:featuredmedia":[{"embeddable":true,"href":"https:\/\/www.hornamicina.eu\/web\/wp-json\/wp\/v2\/media\/390"}],"wp:attachment":[{"href":"https:\/\/www.hornamicina.eu\/web\/wp-json\/wp\/v2\/media?parent=3368"}],"wp:term":[{"taxonomy":"category","embeddable":true,"href":"https:\/\/www.hornamicina.eu\/web\/wp-json\/wp\/v2\/categories?post=3368"},{"taxonomy":"post_tag","embeddable":true,"href":"https:\/\/www.hornamicina.eu\/web\/wp-json\/wp\/v2\/tags?post=3368"}],"curies":[{"name":"wp","href":"https:\/\/api.w.org\/{rel}","templated":true}]}}