{"id":3343,"date":"2022-11-22T14:37:08","date_gmt":"2022-11-22T13:37:08","guid":{"rendered":"https:\/\/www.hornamicina.eu\/web\/?p=3343"},"modified":"2022-11-22T14:37:08","modified_gmt":"2022-11-22T13:37:08","slug":"pozvanka-na-ustanovujuce-zasadnutie-oz-obce","status":"publish","type":"post","link":"https:\/\/www.hornamicina.eu\/web\/pozvanka-na-ustanovujuce-zasadnutie-oz-obce\/","title":{"rendered":"Pozv\u00e1nka na ustanovuj\u00face zasadnutie OZ obce"},"content":{"rendered":"<p>Pod\u013ea \u00a712 ods.1 z\u00e1kona \u010d.369\/1990 zb.o obecnom zriaden\u00ed v znen\u00ed neskor\u0161\u00edch predpisov, <strong>zvol\u00e1vam<\/strong> ustanovuj\u00face zasadnutie obecn\u00e9ho zastupite\u013estva obce Horn\u00e1 Mi\u010din\u00e1.<\/p>\n<blockquote>\n<h3>Term\u00edn: 28.11.2022 o 18:00 hod. v s\u00e1le obecn\u00e9ho \u00faradu Horn\u00e1 Mi\u010din\u00e1<\/h3>\n<\/blockquote>\n<p><strong>Program<\/strong><\/p>\n<ol id=\"l1\">\n<li><strong>\u0160t\u00e1tna hymna SR<\/strong><\/li>\n<li><strong>Otvorenie zasadnutia obecn\u00e9ho zastupite\u013estva<\/strong><\/li>\n<li><strong>Ur\u010denie zapisovate\u013ea a overovate\u013eov z\u00e1pisnice<\/strong><\/li>\n<li><strong>Ozn\u00e1menie v\u00fdsledkov volieb do org\u00e1nov samospr\u00e1vy v obci Horn\u00e1 Mi\u010din\u00e1, konan\u00fdch d\u0148a 29.10.2022<\/strong><\/li>\n<li><strong>Zlo\u017eenie s\u013eubu novozvolen\u00e9ho starostu obce a odovzdanie osved\u010denia o zvolen\u00ed<\/strong><\/li>\n<li><strong>Zlo\u017eenie s\u013eubu poslancov novozvolen\u00e9ho obecn\u00e9ho zastupite\u013estva obce\u00a0a odovzdanie osved\u010den\u00ed<\/strong><\/li>\n<li><strong>Pr\u00edhovor novozvolen\u00e9ho starostu obce<\/strong><\/li>\n<li><strong>Vo\u013eba mand\u00e1tovej, volebnej a n\u00e1vrhovej komisie<\/strong><\/li>\n<li><strong>Program a schv\u00e1lenie ustanovuj\u00faceho zasadnutia obecn\u00e9ho zastupite\u013estva<\/strong><\/li>\n<li><strong>Poverenie poslanca obecn\u00e9ho zastupite\u013estva opr\u00e1vnen\u00e9ho zvola\u0165 a vies\u0165 zasadnutie obecn\u00e9ho zastupite\u013estva v pr\u00edpadoch ur\u010den\u00fdch z\u00e1konom \u010d.369\/1990Zb. o obecnom zriaden\u00ed v znen\u00ed neskor\u0161\u00edch predpisov<\/strong><\/li>\n<li><strong>Poverenie poslanca obecn\u00e9ho zastupite\u013estva na v\u00fdkon z\u00e1stupcu starostu obce<\/strong><\/li>\n<li><strong>Volba \u010dlenov komisie na ochranu verejn\u00e9ho z\u00e1ujmu pri v\u00fdkone funkcie starostu obce<\/strong><\/li>\n<li><strong>N\u00e1vrh a vo\u013eba predsedov a \u010dlenov komisi\u00ed obecn\u00e9ho zastupite\u013estva<\/strong><\/li>\n<li><strong>Ur\u010denie platu novozvolen\u00e9mu starostovi obce<\/strong><\/li>\n<li><strong>Z\u00e1ver<\/strong><\/li>\n<\/ol>\n<p>&nbsp;<\/p>\n<p>Ivan Len\u00e1r v.r.<\/p>\n<p>starosta obce<\/p>\n<ol id=\"l2\"><\/ol>\n","protected":false},"excerpt":{"rendered":"Pod\u013ea \u00a712 ods.1 z\u00e1kona \u010d.369\/1990 zb.o obecnom zriaden\u00ed v znen\u00ed neskor\u0161\u00edch predpisov, zvol\u00e1vam [&hellip;]","protected":false},"author":1,"featured_media":390,"comment_status":"closed","ping_status":"open","sticky":false,"template":"","format":"standard","meta":{"advanced_seo_description":"","jetpack_seo_html_title":"","jetpack_seo_noindex":false,"_jetpack_memberships_contains_paid_content":false,"footnotes":""},"categories":[5,8],"tags":[],"class_list":["post-3343","post","type-post","status-publish","format-standard","has-post-thumbnail","hentry","category-dolezite","category-oznamy"],"jetpack_featured_media_url":"https:\/\/i0.wp.com\/www.hornamicina.eu\/web\/wp-content\/uploads\/2017\/07\/uznesenia.jpg?fit=530%2C530&ssl=1","jetpack_sharing_enabled":true,"jetpack_shortlink":"https:\/\/wp.me\/p8RsFw-RV","jetpack-related-posts":[{"id":3370,"url":"https:\/\/www.hornamicina.eu\/web\/zapisnica-1-2022\/","url_meta":{"origin":3343,"position":0},"title":"Z\u00e1pisnica 1-2022","author":"admin","date":"2. decembra 2022","format":false,"excerpt":"Z\u00e1pisnica 1\/2022 z ustanovuj\u00faceho zasadnutia obecn\u00e9ho zastupite\u013estva, ktor\u00e9 sa konalo d\u0148a 28. 11. 2022 v\u00a0budove obecn\u00e9ho \u00faradu Horn\u00e1 Mi\u010din\u00e1 \u00a0 Program rokovania: \u00a0 \u0160t\u00e1tna hymna SR. Otvorenie zasadnutia obecn\u00e9ho zastupite\u013estva. Ur\u010denie zapisovate\u013ea, ur\u010denie overovate\u013eov z\u00e1pisnice. Ozn\u00e1menie v\u00fdsledkov volieb do org\u00e1nov samospr\u00e1vy obc\u00ed v obci Horn\u00e1 Mi\u010din\u00e1, konan\u00fdch 29.10. 2022. Zlo\u017eenie\u2026","rel":"","context":"V &quot;Zastupite\u013estvo&quot;","block_context":{"text":"Zastupite\u013estvo","link":"https:\/\/www.hornamicina.eu\/web\/category\/zastupitelstvo\/"},"img":{"alt_text":"Logo obce a dokumenty","src":"https:\/\/i0.wp.com\/www.hornamicina.eu\/web\/wp-content\/uploads\/2017\/07\/uznesenia.jpg?fit=530%2C530&ssl=1&resize=350%2C200","width":350,"height":200,"srcset":"https:\/\/i0.wp.com\/www.hornamicina.eu\/web\/wp-content\/uploads\/2017\/07\/uznesenia.jpg?fit=530%2C530&ssl=1&resize=350%2C200 1x, https:\/\/i0.wp.com\/www.hornamicina.eu\/web\/wp-content\/uploads\/2017\/07\/uznesenia.jpg?fit=530%2C530&ssl=1&resize=525%2C300 1.5x"},"classes":[]},{"id":3159,"url":"https:\/\/www.hornamicina.eu\/web\/uznesenia-zo-dna-29-6-2022\/","url_meta":{"origin":3343,"position":1},"title":"Uznesenia obecn\u00e9ho zastupite\u013estva zo d\u0148a 29.6.2022","author":"admin","date":"7. j\u00fala 2022","format":false,"excerpt":"UZNESENIA zo zasadnutia obecn\u00e9ho zastupite\u013estva (\u010falej len OZ) obce Horn\u00e1 Mi\u010din\u00e1 konan\u00e9ho d\u0148a 29.6.2022 v budove obecn\u00e9ho \u00faradu Horn\u00e1 Mi\u010din\u00e1 o 19:00 hod. PR\u00cdTOMN\u00cd: Starosta obce: Ivan Len\u00e1r Poslanci OZ: Jana Baranov\u00e1, Michal Karkal\u00edk, Richard Kaz\u00edk NEPR\u00cdTOMN\u00cd: Poslanci OZ: Jaroslav Pa\u013ea, Bohu\u0161 Martinec Uznesenie\u00a0\u010d.\u00a01 \/ zo d\u0148a 29.06.2022 k bodu\u2026","rel":"","context":"V &quot;Uznesenia&quot;","block_context":{"text":"Uznesenia","link":"https:\/\/www.hornamicina.eu\/web\/category\/uznesenia\/"},"img":{"alt_text":"Logo obce a dokumenty","src":"https:\/\/i0.wp.com\/www.hornamicina.eu\/web\/wp-content\/uploads\/2017\/07\/uznesenia.jpg?fit=530%2C530&ssl=1&resize=350%2C200","width":350,"height":200,"srcset":"https:\/\/i0.wp.com\/www.hornamicina.eu\/web\/wp-content\/uploads\/2017\/07\/uznesenia.jpg?fit=530%2C530&ssl=1&resize=350%2C200 1x, https:\/\/i0.wp.com\/www.hornamicina.eu\/web\/wp-content\/uploads\/2017\/07\/uznesenia.jpg?fit=530%2C530&ssl=1&resize=525%2C300 1.5x"},"classes":[]},{"id":3308,"url":"https:\/\/www.hornamicina.eu\/web\/uznesenia-obecneho-zastupitelstva-zo-dna-28-9-22\/","url_meta":{"origin":3343,"position":2},"title":"Uznesenia obecn\u00e9ho zastupite\u013estva zo d\u0148a 28.9.2022","author":"admin","date":"6. okt\u00f3bra 2022","format":false,"excerpt":"UZNESENIA zo zasadnutia obecn\u00e9ho zastupite\u013estva (\u010falej len OZ) obce Horn\u00e1 Mi\u010din\u00e1 konan\u00e9ho d\u0148a 29.9.2022 v budove obecn\u00e9ho \u00faradu Horn\u00e1 Mi\u010din\u00e1 o 19:00 hod. PR\u00cdTOMN\u00cd: Starosta obce: Ivan Len\u00e1r Poslanci OZ: Michal Karkal\u00edk, Richard Kaz\u00edk,\u00a0 Bohu\u0161 Martinec NEPR\u00cdTOMN\u00cd: Poslanci OZ: Jana Baranov\u00e1, Jaroslav Pa\u013ea Uznesenie \u010d. 1 \/ zo d\u0148a 28.09.2022\u2026","rel":"","context":"V &quot;Uznesenia&quot;","block_context":{"text":"Uznesenia","link":"https:\/\/www.hornamicina.eu\/web\/category\/uznesenia\/"},"img":{"alt_text":"Logo obce a dokumenty","src":"https:\/\/i0.wp.com\/www.hornamicina.eu\/web\/wp-content\/uploads\/2017\/07\/uznesenia.jpg?fit=530%2C530&ssl=1&resize=350%2C200","width":350,"height":200,"srcset":"https:\/\/i0.wp.com\/www.hornamicina.eu\/web\/wp-content\/uploads\/2017\/07\/uznesenia.jpg?fit=530%2C530&ssl=1&resize=350%2C200 1x, https:\/\/i0.wp.com\/www.hornamicina.eu\/web\/wp-content\/uploads\/2017\/07\/uznesenia.jpg?fit=530%2C530&ssl=1&resize=525%2C300 1.5x"},"classes":[]},{"id":3317,"url":"https:\/\/www.hornamicina.eu\/web\/zapisnica-zo-zasadnutia-obecneho-zastupitelstva-28-9-2022\/","url_meta":{"origin":3343,"position":3},"title":"Z\u00e1pisnica zo zasadnutia obecneho zastupite\u013estva &#8211; 28.9.2022","author":"admin","date":"14. okt\u00f3bra 2022","format":false,"excerpt":"Z\u00c1PISNICA zo zasadnutia obecn\u00e9ho zastupite\u013estva (\u010falej len OZ) obce\u00a0Horn\u00e1 Mi\u010din\u00e1 konan\u00e9ho d\u0148a 28.09.2022 v\u00a0budove obecn\u00e9ho \u00faradu Horn\u00e1 Mi\u010din\u00e1 o\u00a019.00 hod. \u00a0 PR\u00cdTOMN\u00cd: Starosta obce:\u00a0\u00a0\u00a0\u00a0\u00a0\u00a0\u00a0\u00a0\u00a0\u00a0\u00a0\u00a0\u00a0\u00a0\u00a0\u00a0\u00a0\u00a0\u00a0\u00a0\u00a0\u00a0\u00a0\u00a0\u00a0\u00a0\u00a0\u00a0\u00a0\u00a0\u00a0 Ivan Len\u00e1r Poslanci OZ:\u00a0 \u00a0 \u00a0 \u00a0 \u00a0 \u00a0 \u00a0 \u00a0 \u00a0 \u00a0 \u00a0 \u00a0 \u00a0 \u00a0 \u00a0 \u00a0 \u00a0 pod\u013ea prezen\u010dnej listiny Ob\u010dania obce a\u2026","rel":"","context":"V &quot;Oznamy&quot;","block_context":{"text":"Oznamy","link":"https:\/\/www.hornamicina.eu\/web\/category\/oznamy\/"},"img":{"alt_text":"Logo obce a dokumenty","src":"https:\/\/i0.wp.com\/www.hornamicina.eu\/web\/wp-content\/uploads\/2017\/07\/uznesenia.jpg?fit=530%2C530&ssl=1&resize=350%2C200","width":350,"height":200,"srcset":"https:\/\/i0.wp.com\/www.hornamicina.eu\/web\/wp-content\/uploads\/2017\/07\/uznesenia.jpg?fit=530%2C530&ssl=1&resize=350%2C200 1x, https:\/\/i0.wp.com\/www.hornamicina.eu\/web\/wp-content\/uploads\/2017\/07\/uznesenia.jpg?fit=530%2C530&ssl=1&resize=525%2C300 1.5x"},"classes":[]},{"id":3894,"url":"https:\/\/www.hornamicina.eu\/web\/zapisnica-a-uznesenia-oz-zo-dna-22-8-2023\/","url_meta":{"origin":3343,"position":4},"title":"Z\u00e1pisnica a uznesenia OZ zo d\u0148a 22.8.2023","author":"admin","date":"30. augusta 2023","format":false,"excerpt":"Z\u00c1PISNICA Z mimoriadneho zasadnutia obecn\u00e9ho zastupite\u013estva(\u010falej len OZ) v Hornej Mi\u010dinej konan\u00e9ho d\u0148a 22.8.2023 v s\u00e1le obecn\u00e9ho \u00faradu Horn\u00e1 Mi\u010din\u00e1 o 19:00 hod. PR\u00cdTOMN\u00cd: Starosta obce: Ivan Len\u00e1r Poslanci OZ: Janka Baranov\u00e1,Teodor Bachleda,Tibor Pip\u00ed\u0161ka,\u013dubom\u00edr \u010cerh\u00fd\u0148 NEPR\u00cdTOMN\u00dd: Michal Karkal\u00edk Ob\u010dania obce a pozvan\u00ed: pod\u013ea prilo\u017eenej prezen\u010dnej listiny Zasadnutie OZ otvoril a\u2026","rel":"","context":"V &quot;Uznesenia&quot;","block_context":{"text":"Uznesenia","link":"https:\/\/www.hornamicina.eu\/web\/category\/uznesenia\/"},"img":{"alt_text":"Logo obce a dokumenty","src":"https:\/\/i0.wp.com\/www.hornamicina.eu\/web\/wp-content\/uploads\/2017\/07\/uznesenia.jpg?fit=530%2C530&ssl=1&resize=350%2C200","width":350,"height":200,"srcset":"https:\/\/i0.wp.com\/www.hornamicina.eu\/web\/wp-content\/uploads\/2017\/07\/uznesenia.jpg?fit=530%2C530&ssl=1&resize=350%2C200 1x, https:\/\/i0.wp.com\/www.hornamicina.eu\/web\/wp-content\/uploads\/2017\/07\/uznesenia.jpg?fit=530%2C530&ssl=1&resize=525%2C300 1.5x"},"classes":[]},{"id":5639,"url":"https:\/\/www.hornamicina.eu\/web\/uznesenia-z-mimoriadneho-zasadnutia-oz-obce-horna-micina-17-1-2026\/","url_meta":{"origin":3343,"position":5},"title":"Uznesenia z mimoriadneho zasadnutia OZ obce Horna Micina &#8211; 17.1.2026","author":"admin","date":"22. janu\u00e1ra 2026","format":false,"excerpt":"UZNESENIA Z mimoriadneho zasadnutia obecn\u00e9ho zastupite\u013estva (\u010falej len OZ) obce Horn\u00e1 Mi\u010din\u00e1 konan\u00e9ho d\u0148a 17.1.2026 v\u00a0budove obecn\u00e9ho \u00faradu Horn\u00e1 Mi\u010din\u00e1 o\u00a017:00 hod. PR\u00cdTOMN\u00cd POSLANCI: \u013dubom\u00edr \u010cerh\u00fd\u0148 ,Janka Baranov\u00e1 ,Teodor Bachleda, NEPR\u00cdTOMN\u00cd POSLANCI: Tibor Pip\u00ed\u0161ka ,Michal Karkal\u00edk uznesenie \u010d.124\/2026 zo \u00a017.1.2026 K\u00a0bodu 2. Vo\u013eba n\u00e1vrhovej komisie, overovate\u013ea z\u00e1pisnice a\u00a0zapisovate\u013ea OZ obce\u2026","rel":"","context":"V &quot;Uznesenia&quot;","block_context":{"text":"Uznesenia","link":"https:\/\/www.hornamicina.eu\/web\/category\/uznesenia\/"},"img":{"alt_text":"","src":"https:\/\/i0.wp.com\/www.hornamicina.eu\/web\/wp-content\/uploads\/2017\/07\/zastupitelstvo.jpg?fit=530%2C375&ssl=1&resize=350%2C200","width":350,"height":200,"srcset":"https:\/\/i0.wp.com\/www.hornamicina.eu\/web\/wp-content\/uploads\/2017\/07\/zastupitelstvo.jpg?fit=530%2C375&ssl=1&resize=350%2C200 1x, https:\/\/i0.wp.com\/www.hornamicina.eu\/web\/wp-content\/uploads\/2017\/07\/zastupitelstvo.jpg?fit=530%2C375&ssl=1&resize=525%2C300 1.5x"},"classes":[]}],"jetpack_likes_enabled":true,"_links":{"self":[{"href":"https:\/\/www.hornamicina.eu\/web\/wp-json\/wp\/v2\/posts\/3343","targetHints":{"allow":["GET"]}}],"collection":[{"href":"https:\/\/www.hornamicina.eu\/web\/wp-json\/wp\/v2\/posts"}],"about":[{"href":"https:\/\/www.hornamicina.eu\/web\/wp-json\/wp\/v2\/types\/post"}],"author":[{"embeddable":true,"href":"https:\/\/www.hornamicina.eu\/web\/wp-json\/wp\/v2\/users\/1"}],"replies":[{"embeddable":true,"href":"https:\/\/www.hornamicina.eu\/web\/wp-json\/wp\/v2\/comments?post=3343"}],"version-history":[{"count":0,"href":"https:\/\/www.hornamicina.eu\/web\/wp-json\/wp\/v2\/posts\/3343\/revisions"}],"wp:featuredmedia":[{"embeddable":true,"href":"https:\/\/www.hornamicina.eu\/web\/wp-json\/wp\/v2\/media\/390"}],"wp:attachment":[{"href":"https:\/\/www.hornamicina.eu\/web\/wp-json\/wp\/v2\/media?parent=3343"}],"wp:term":[{"taxonomy":"category","embeddable":true,"href":"https:\/\/www.hornamicina.eu\/web\/wp-json\/wp\/v2\/categories?post=3343"},{"taxonomy":"post_tag","embeddable":true,"href":"https:\/\/www.hornamicina.eu\/web\/wp-json\/wp\/v2\/tags?post=3343"}],"curies":[{"name":"wp","href":"https:\/\/api.w.org\/{rel}","templated":true}]}}