{"id":3340,"date":"2022-11-10T15:10:27","date_gmt":"2022-11-10T14:10:27","guid":{"rendered":"https:\/\/www.hornamicina.eu\/web\/?p=3340"},"modified":"2022-11-11T15:10:40","modified_gmt":"2022-11-11T14:10:40","slug":"informacie-pre-volica-referendum-21-1-2023","status":"publish","type":"post","link":"https:\/\/www.hornamicina.eu\/web\/informacie-pre-volica-referendum-21-1-2023\/","title":{"rendered":"Inform\u00e1cie pre voli\u010da &#8211; referendum 21.1.2023"},"content":{"rendered":"<blockquote><p><strong>D\u00e1tum a \u010das konania referenda<\/strong><\/p>\n<p>Referendum sa kon\u00e1 v\u00a0<strong>sobotu 21. janu\u00e1ra 2023<\/strong>\u00a0od\u00a0<strong>7:00<\/strong>\u00a0do\u00a0<strong>22:00<\/strong>\u00a0h.<\/p>\n<p>&nbsp;<\/p><\/blockquote>\n<p><strong>Pr\u00e1vo voli\u0165<\/strong><\/p>\n<p>Pr\u00e1vo hlasova\u0165 v referende m\u00e1 ob\u010dan Slovenskej republiky, ktor\u00fd m\u00e1 pr\u00e1vo voli\u0165 do N\u00e1rodnej rady Slovenskej republiky, t. j. ktor\u00fd najnesk\u00f4r v de\u0148 konania referenda dov\u0155\u0161i 18 rokov veku. Prek\u00e1\u017ekou pr\u00e1va voli\u0165 je z\u00e1konom ustanoven\u00e9 obmedzenie osobnej slobody z d\u00f4vodu ochrany verejn\u00e9ho zdravia, ak osobitn\u00fd z\u00e1kon v \u010dase pand\u00e9mie neustanov\u00ed inak.<\/p>\n<p><strong>Sp\u00f4sob vo\u013eby<\/strong><\/p>\n<p>Voli\u010d m\u00f4\u017ee voli\u0165 na \u00fazem\u00ed Slovenskej republiky<\/p>\n<ul>\n<li>vo volebnom okrsku, v ktor\u00e9ho zozname voli\u010dov je zap\u00edsan\u00fd, alebo<\/li>\n<li>v ktoromko\u013evek volebnom okrsku na z\u00e1klade hlasovacieho preukazu.<\/li>\n<\/ul>\n<p>Voli\u010d m\u00f4\u017ee voli\u0165 mimo \u00fazemia Slovenskej republiky po\u0161tou, ak<\/p>\n<ul>\n<li>nem\u00e1 trval\u00fd pobyt na \u00fazem\u00ed Slovenskej republiky a bol na z\u00e1klade \u017eiadosti zap\u00edsan\u00fd do osobitn\u00e9ho zoznamu voli\u010dov,<\/li>\n<li>m\u00e1 trval\u00fd pobyt na \u00fazem\u00ed Slovenskej republiky a v \u010dase referenda sa zdr\u017eiava mimo jej \u00fazemia a o vo\u013ebu po\u0161tou po\u017eiada obec, v ktorej m\u00e1 trval\u00fd pobyt.<\/li>\n<\/ul>\n<p><strong>Hlasovac\u00ed preukaz<\/strong><\/p>\n<p>Voli\u010d, ktor\u00fd m\u00e1 trval\u00fd pobyt na \u00fazem\u00ed Slovenskej republiky a v de\u0148 konania referenda nebude m\u00f4c\u0165 hlasova\u0165 v mieste svojho trval\u00e9ho pobytu vo volebnom okrsku, v ktor\u00e9ho zozname voli\u010dov je zap\u00edsan\u00fd, m\u00f4\u017ee po\u017eiada\u0165<strong>\u00a0obec svojho trval\u00e9ho pobytu<\/strong>\u00a0o vydanie hlasovacieho preukazu. Obec na z\u00e1klade \u017eiadosti voli\u010dovi vyd\u00e1 hlasovac\u00ed preukaz a zo zoznamu voli\u010dov ho vy\u010diarkne s pozn\u00e1mkou o vydan\u00ed hlasovacieho preukazu.<\/p>\n<p>Hlasovac\u00ed preukaz opr\u00e1v\u0148uje na z\u00e1pis do zoznamu voli\u010dov v ktoromko\u013evek volebnom okrsku.<\/p>\n<p>Voli\u010d m\u00f4\u017ee po\u017eiada\u0165 o vydanie hlasovacieho preukazu<\/p>\n<p><u>osobne<\/u>, najnesk\u00f4r posledn\u00fd pracovn\u00fd de\u0148 pred konan\u00edm referenda (t. j. najnesk\u00f4r 20. 1. 2023) v \u00faradn\u00fdch hodin\u00e1ch obce. Obec vyd\u00e1 hlasovac\u00ed preukaz bezodkladne.<\/p>\n<p><u>v listinnej forme<\/u>\u00a0tak, aby \u017eiados\u0165 o vydanie hlasovacieho preukazu bola doru\u010den\u00e1 obci najnesk\u00f4r 15 pracovn\u00fdch dn\u00ed predo d\u0148om konania referenda.<\/p>\n<p><u>elektronicky (e-mailom)<\/u>\u00a0tak, aby \u017eiados\u0165 o vydanie hlasovacieho preukazu bola doru\u010den\u00e1 obci najnesk\u00f4r 15 pracovn\u00fdch dn\u00ed predo d\u0148om konania referenda (t. j. najnesk\u00f4r 2. 1. 2023). Obec na tieto \u00fa\u010dely zverejn\u00ed na svojom webovom s\u00eddle elektronick\u00fa adresu na doru\u010dovanie \u017eiadost\u00ed. Ak obec nem\u00e1 webov\u00e9 s\u00eddlo, zverejn\u00ed elektronick\u00fa adresu na doru\u010dovanie \u017eiadosti na \u00faradnej tabuli obce.<\/p>\n<p>\u017diados\u0165 mus\u00ed obsahova\u0165 \u00fadaje o voli\u010dovi<\/p>\n<ul>\n<li>meno a priezvisko,<\/li>\n<li>rodn\u00e9 \u010d\u00edslo,<\/li>\n<li>\u0161t\u00e1tnu pr\u00edslu\u0161nos\u0165,<\/li>\n<li>adresu trval\u00e9ho pobytu (obec, ulica, \u010d\u00edslo domu),<\/li>\n<li>kore\u0161ponden\u010dn\u00fa adresu, na ktor\u00fa obec doru\u010d\u00ed hlasovac\u00ed preukaz.<\/li>\n<\/ul>\n<p><u>prostredn\u00edctvom osoby splnomocnenej \u017eiadate\u013eom<\/u>\u00a0mo\u017eno po\u017eiada\u0165 o vydanie hlasovacieho preukazu najnesk\u00f4r v posledn\u00fd pracovn\u00fd de\u0148 predo d\u0148om konania referenda (t. j. najnesk\u00f4r 20. 1. 2023).<\/p>\n<p>\u017diados\u0165 mus\u00ed obsahova\u0165 \u00fadaje o voli\u010dovi<\/p>\n<ul>\n<li>meno a priezvisko,<\/li>\n<li>rodn\u00e9 \u010d\u00edslo,<\/li>\n<li>\u0161t\u00e1tnu pr\u00edslu\u0161nos\u0165,<\/li>\n<li>adresu trval\u00e9ho pobytu (obec, ulica, \u010d\u00edslo domu).<\/li>\n<\/ul>\n<p>Obec za\u0161le hlasovac\u00ed preukaz voli\u010dovi na adresu trval\u00e9ho pobytu, ak v \u017eiadosti neuvedie in\u00fa kore\u0161ponden\u010dn\u00fa adresu, najnesk\u00f4r tri pracovn\u00e9 dni od doru\u010denia \u017eiadosti. Obec za\u0161le hlasovac\u00ed preukaz na adresu uveden\u00fa v \u017eiadosti doporu\u010denou z\u00e1sielkou \u201e<em>Do vlastn\u00fdch r\u00fak<\/em>\u201c.<\/p>\n<p>Ak voli\u010d v p\u00edsomnej \u017eiadosti alebo elektronickej \u017eiadosti uvedie, \u017ee hlasovac\u00ed preukaz prevezme in\u00e1 osoba, mus\u00ed v \u017eiadosti uvies\u0165 jej meno, priezvisko a \u010d\u00edslo ob\u010dianskeho preukazu. T\u00e1to osoba je povinn\u00e1 prevzatie hlasovacieho preukazu potvrdi\u0165 svoj\u00edm podpisom.<\/p>\n<p><strong>Vo\u013eba po\u0161tou<\/strong><\/p>\n<p>Voli\u010d, ktor\u00fd\u00a0<strong>m\u00e1 trval\u00fd pobyt<\/strong>\u00a0na \u00fazem\u00ed Slovenskej republiky a v \u010dase referenda sa zdr\u017eiava mimo jej \u00fazemia, m\u00f4\u017ee po\u017eiada\u0165 obec trval\u00e9ho pobytu o vo\u013ebu po\u0161tou, a to<\/p>\n<p><u>p\u00edsomne (v listinnej forme)<\/u>\u00a0tak, aby \u017eiados\u0165 o vo\u013ebu po\u0161tou bola doru\u010den\u00e1 na adresu obce (obecn\u00e9ho \u00faradu) najnesk\u00f4r 50 dn\u00ed predo d\u0148om konania referenda (t. j. najnesk\u00f4r 2. 12. 2022). Na \u017eiados\u0165 doru\u010den\u00fa po ustanovenej lehote sa neprihliada.<\/p>\n<p><u>elektronicky (e-mailom)<\/u>\u00a0tak, aby \u017eiados\u0165 o vo\u013ebu po\u0161tou bola doru\u010den\u00e1 na elektronick\u00fa adresu obce najnesk\u00f4r 50 dn\u00ed predo d\u0148om konania referenda (t. j. najnesk\u00f4r 2. 12. 2022). Na \u017eiados\u0165 doru\u010den\u00fa po ustanovenej lehote sa neprihliada.<\/p>\n<p>\u017diados\u0165 o vo\u013ebu po\u0161tou mus\u00ed obsahova\u0165 tieto \u00fadaje o voli\u010dovi:<\/p>\n<ul>\n<li>meno a priezvisko,<\/li>\n<li>rodn\u00e9 \u010d\u00edslo,<\/li>\n<li>adresu trval\u00e9ho pobytu,<\/li>\n<li>adresu miesta pobytu v cudzine (ulica, \u010d\u00edslo domu \u2013 orienta\u010dn\u00e9 \u010d\u00edslo, obec, PS\u010c, \u0161t\u00e1t), na ktorej si voli\u010d z\u00e1sielku prevezme.<\/li>\n<\/ul>\n<p>Ak \u017eiados\u0165 sp\u013a\u0148a z\u00e1konom ustanoven\u00e9 n\u00e1le\u017eitosti, obec za\u0161le najnesk\u00f4r 35 dn\u00ed predo d\u0148om konania referenda voli\u010dovi, ktor\u00fd po\u017eiadal o vo\u013ebu po\u0161tou, na adresu miesta pobytu v cudzine<\/p>\n<ul>\n<li>ob\u00e1lku opatren\u00fa odtla\u010dkom \u00faradnej pe\u010diatky obce,<\/li>\n<li>hlasovac\u00ed l\u00edstok,<\/li>\n<li>n\u00e1vratn\u00fa ob\u00e1lku (ozna\u010den\u00fa heslom \u201eVO\u013dBA PO\u0160TOU\u201c, vyp\u00edsanou adresou s\u00eddla obecn\u00e9ho \u00faradu ako adres\u00e1ta a adresou voli\u010da v cudzine ako odosielate\u013ea),<\/li>\n<li>pou\u010denie o sp\u00f4sobe hlasovania.<\/li>\n<\/ul>\n<p>Po vykonan\u00ed hlasovania (pod\u013ea pou\u010denia o sp\u00f4sobe hlasovania) vlo\u017e\u00ed voli\u010d hlasovac\u00ed l\u00edstok do ob\u00e1lky opatrenej odtla\u010dkom \u00faradnej pe\u010diatky obce a zalep\u00ed ju. Zalepen\u00fa ob\u00e1lku vlo\u017e\u00ed do n\u00e1vratnej ob\u00e1lky, ktor\u00fa odosiela. V\u00fddavky spojen\u00e9 so zaslan\u00edm n\u00e1vratnej ob\u00e1lky po\u0161tou hrad\u00ed odosielate\u013e.<\/p>\n<p>Do v\u00fdsledku hlasovania sa zapo\u010d\u00edtavaj\u00fa hlasy na hlasovac\u00edch l\u00edstkoch, ktor\u00e9 boli doru\u010den\u00e9 obci trval\u00e9ho pobytu voli\u010da najnesk\u00f4r v posledn\u00fd pracovn\u00fd de\u0148 predo d\u0148om konania referenda (t. j. najnesk\u00f4r 20. 1. 2023).<\/p>\n<p>\u010eal\u0161ie inform\u00e1cie k referendu s\u00fa uverejnen\u00e9 na webovej str\u00e1nke\u00a0<a href=\"https:\/\/www.minv.sk\/?referendum\" target=\"_blank\" rel=\"noopener\">https:\/\/www.minv.sk\/?referendum<\/a>.<\/p>\n<p>&nbsp;<\/p>\n<p><strong>Elektronick\u00e1 adresa<\/strong><\/p>\n<p>na doru\u010denie ozn\u00e1menia o delegovan\u00ed \u010dlena a n\u00e1hradn\u00edka do okrskovej volebnej komisie, na doru\u010dovanie \u017eiadost\u00ed o vydanie hlasovacieho preukazu a na doru\u010dovanie \u017eiadost\u00ed o vo\u013ebu po\u0161tou: <a href=\"mailto:hornamicina@gmail.com\">hornamicina@gmail.com<\/a><\/p>\n<p>&nbsp;<\/p>\n<p class=\"s59\"><strong>Zapisovate\u013e miestnej volebnej komisie:<\/strong><\/p>\n<p class=\"s59\">Petra Palu\u0161ov\u00e1, \u010d.t. 048\/4180923, 0907 087 152<\/p>\n<p class=\"s59\">974 01 Obec Horn\u00e1 Mi\u010din\u00e1 \u010d. 79\u00a0<a href=\"mailto:hornamicina@gmail.com\" target=\"_blank\" rel=\"noopener\">Email &#8211;\u00a0<\/a><a class=\"s61\" href=\"mailto:hornamicina@gmail.com\" target=\"_blank\" rel=\"noopener\">hornamicina@gmail.com<\/a><\/p>\n<p>&nbsp;<\/p>\n<p class=\"s68\"><strong>Obec Horn\u00e1 Mi\u010din\u00e1 ur\u010duje a zverej\u0148uje volebn\u00fd obvod, volebn\u00e9 miesto:<\/strong><\/p>\n<ul id=\"l5\">\n<li>\n<p class=\"s65\">Volebn\u00fd obvod: 1<\/p>\n<\/li>\n<li>\n<p class=\"s65\">Volebn\u00e1 miestnos\u0165: Obecn\u00fd \u00farad<\/p>\n<\/li>\n<\/ul>\n<p class=\"s69\">Uveden\u00e9 \u00fadaje sa zverej\u0148uj\u00fa na z\u00e1klade usmernenia Ministerstva vn\u00fatra SR\u00a0&#8211;\u00a0odboru volieb, referenda\u00a0a\u00a0politick\u00fdch str\u00e1n.<\/p>\n<p>&nbsp;<\/p>\n<p>Ivan Len\u00e1r, Horn\u00e1 Mi\u010din\u00e1, 10.11.2022<\/p>\n","protected":false},"excerpt":{"rendered":"D\u00e1tum a \u010das konania referenda Referendum sa kon\u00e1 v\u00a0sobotu 21. janu\u00e1ra 2023\u00a0od\u00a07:00\u00a0do\u00a022:00\u00a0h. &nbsp; [&hellip;]","protected":false},"author":1,"featured_media":3341,"comment_status":"closed","ping_status":"open","sticky":false,"template":"","format":"standard","meta":{"advanced_seo_description":"","jetpack_seo_html_title":"","jetpack_seo_noindex":false,"_jetpack_memberships_contains_paid_content":false,"footnotes":""},"categories":[5,8],"tags":[],"class_list":["post-3340","post","type-post","status-publish","format-standard","has-post-thumbnail","hentry","category-dolezite","category-oznamy"],"jetpack_featured_media_url":"https:\/\/i0.wp.com\/www.hornamicina.eu\/web\/wp-content\/uploads\/2022\/11\/referendumHM.png?fit=530%2C530&ssl=1","jetpack_sharing_enabled":true,"jetpack_shortlink":"https:\/\/wp.me\/p8RsFw-RS","jetpack-related-posts":[{"id":5749,"url":"https:\/\/www.hornamicina.eu\/web\/referendum-2026-informacia-o-podmienkach-prava-hlasovat-v-referende\/","url_meta":{"origin":3340,"position":0},"title":"REFERENDUM 2026: Inform\u00e1cia o podmienkach pr\u00e1va hlasova\u0165 v referende","author":"admin","date":"23. apr\u00edla 2026","format":false,"excerpt":"I D\u00e1tum a \u010das konania referenda Referendum sa kon\u00e1 v sobotu 4. 7. 2026 od 7:00 do 22:00 h. II Pr\u00e1vo voli\u0165 Pr\u00e1vo hlasova\u0165 v referende m\u00e1 ob\u010dan Slovenskej republiky, ktor\u00fd m\u00e1 pr\u00e1vo voli\u0165 do N\u00e1rodnej rady Slovenskej republiky, t.j. ktor\u00fd najnesk\u00f4r v de\u0148 konania referenda dov\u0155\u0161i 18 rokov veku.\u2026","rel":"","context":"V &quot;D\u00f4le\u017eit\u00e9&quot;","block_context":{"text":"D\u00f4le\u017eit\u00e9","link":"https:\/\/www.hornamicina.eu\/web\/category\/dolezite\/"},"img":{"alt_text":"","src":"https:\/\/i0.wp.com\/www.hornamicina.eu\/web\/wp-content\/uploads\/2026\/04\/referendum.webp?fit=1200%2C800&ssl=1&resize=350%2C200","width":350,"height":200,"srcset":"https:\/\/i0.wp.com\/www.hornamicina.eu\/web\/wp-content\/uploads\/2026\/04\/referendum.webp?fit=1200%2C800&ssl=1&resize=350%2C200 1x, https:\/\/i0.wp.com\/www.hornamicina.eu\/web\/wp-content\/uploads\/2026\/04\/referendum.webp?fit=1200%2C800&ssl=1&resize=525%2C300 1.5x, https:\/\/i0.wp.com\/www.hornamicina.eu\/web\/wp-content\/uploads\/2026\/04\/referendum.webp?fit=1200%2C800&ssl=1&resize=700%2C400 2x, https:\/\/i0.wp.com\/www.hornamicina.eu\/web\/wp-content\/uploads\/2026\/04\/referendum.webp?fit=1200%2C800&ssl=1&resize=1050%2C600 3x"},"classes":[]},{"id":1182,"url":"https:\/\/www.hornamicina.eu\/web\/volby-mesto-obec-2018-informacie-2\/","url_meta":{"origin":3340,"position":1},"title":"Vo\u013eby prezidenta Slovenskej republiky &#8211; inform\u00e1cie pre voli\u010da","author":"admin","date":"14. janu\u00e1ra 2019","format":"aside","excerpt":"Vo\u013eby prezidenta Slovenskej republiky sa konaj\u00fa v sobotu 16.3.2019 od 7:00 do 22:00 h. Ak v prvom kole volieb ani jeden z kandid\u00e1tov na prezidenta Slovenskej republiky nez\u00edska nadpolovi\u010dn\u00fa v\u00e4\u010d\u0161inu platn\u00fdch hlasov voli\u010dov, bude sa druh\u00e9 kolo volieb kona\u0165 v sobotu 30.3.2019 od 7:00 do 22:00 h. Pr\u00e1vo voli\u0165 m\u00e1\u2026","rel":"","context":"V &quot;Oznamy&quot;","block_context":{"text":"Oznamy","link":"https:\/\/www.hornamicina.eu\/web\/category\/oznamy\/"},"img":{"alt_text":"","src":"https:\/\/i0.wp.com\/www.hornamicina.eu\/web\/wp-content\/uploads\/2019\/01\/volbyPrezidenta.jpg?fit=530%2C530&ssl=1&resize=350%2C200","width":350,"height":200,"srcset":"https:\/\/i0.wp.com\/www.hornamicina.eu\/web\/wp-content\/uploads\/2019\/01\/volbyPrezidenta.jpg?fit=530%2C530&ssl=1&resize=350%2C200 1x, https:\/\/i0.wp.com\/www.hornamicina.eu\/web\/wp-content\/uploads\/2019\/01\/volbyPrezidenta.jpg?fit=530%2C530&ssl=1&resize=525%2C300 1.5x"},"classes":[]},{"id":4102,"url":"https:\/\/www.hornamicina.eu\/web\/prezidentske-volby-2024-informacie-pre-volica\/","url_meta":{"origin":3340,"position":2},"title":"Vo\u013eby do Eur\u00f3pskeho parlamentu 2024 &#8211; inform\u00e1cie pre voli\u010da","author":"admin","date":"12. febru\u00e1ra 2024","format":false,"excerpt":"EN - Information for the voter Vo\u013eby do Eur\u00f3pskeho parlamentu na \u00fazem\u00ed Slovenskej republiky Inform\u00e1cie pre voli\u010da I D\u00e1tum a \u010das konania volieb Vo\u013eby do Eur\u00f3pskeho parlamentu na \u00fazem\u00ed Slovenskej republiky sa konaj\u00fa v sobotu 8. 6. 2024 od 7:00 do 22:00 h. II Pr\u00e1vo voli\u0165 Pr\u00e1vo voli\u0165 do Eur\u00f3pskeho\u2026","rel":"","context":"V &quot;D\u00f4le\u017eit\u00e9&quot;","block_context":{"text":"D\u00f4le\u017eit\u00e9","link":"https:\/\/www.hornamicina.eu\/web\/category\/dolezite\/"},"img":{"alt_text":"","src":"https:\/\/i0.wp.com\/www.hornamicina.eu\/web\/wp-content\/uploads\/2019\/03\/euvote.jpg?fit=640%2C419&ssl=1&resize=350%2C200","width":350,"height":200,"srcset":"https:\/\/i0.wp.com\/www.hornamicina.eu\/web\/wp-content\/uploads\/2019\/03\/euvote.jpg?fit=640%2C419&ssl=1&resize=350%2C200 1x, https:\/\/i0.wp.com\/www.hornamicina.eu\/web\/wp-content\/uploads\/2019\/03\/euvote.jpg?fit=640%2C419&ssl=1&resize=525%2C300 1.5x"},"classes":[]},{"id":4070,"url":"https:\/\/www.hornamicina.eu\/web\/volby-prezidenta-sr-2024-info-volic\/","url_meta":{"origin":3340,"position":3},"title":"Vo\u013eby prezidenta SR &#8211; 2024 &#8211; Inform\u00e1cie pre voli\u010da","author":"admin","date":"10. janu\u00e1ra 2024","format":false,"excerpt":"Vo\u013eby prezidenta Slovenskej republiky Inform\u00e1cie pre voli\u010da \u00a0 I D\u00e1tum a \u010das konania volieb Vo\u013eby prezidenta Slovenskej republiky sa konaj\u00fa v sobotu 23. 3. 2024 od 7:00 do 22:00 h. Ak v prvom kole volieb ani jeden z kandid\u00e1tov na prezidenta Slovenskej republiky nez\u00edska nadpolovi\u010dn\u00fa v\u00e4\u010d\u0161inu platn\u00fdch hlasov voli\u010dov, bude\u2026","rel":"","context":"V &quot;D\u00f4le\u017eit\u00e9&quot;","block_context":{"text":"D\u00f4le\u017eit\u00e9","link":"https:\/\/www.hornamicina.eu\/web\/category\/dolezite\/"},"img":{"alt_text":"","src":"https:\/\/i0.wp.com\/www.hornamicina.eu\/web\/wp-content\/uploads\/2019\/01\/volbyPrezidenta.jpg?fit=530%2C530&ssl=1&resize=350%2C200","width":350,"height":200,"srcset":"https:\/\/i0.wp.com\/www.hornamicina.eu\/web\/wp-content\/uploads\/2019\/01\/volbyPrezidenta.jpg?fit=530%2C530&ssl=1&resize=350%2C200 1x, https:\/\/i0.wp.com\/www.hornamicina.eu\/web\/wp-content\/uploads\/2019\/01\/volbyPrezidenta.jpg?fit=530%2C530&ssl=1&resize=525%2C300 1.5x"},"classes":[]},{"id":3131,"url":"https:\/\/www.hornamicina.eu\/web\/2022-volby-do-organov-samospravy-obci-a-samospravnych-krajov-informacie\/","url_meta":{"origin":3340,"position":4},"title":"2022 &#8211; Vo\u013eby do org\u00e1nov samospr\u00e1vy obc\u00ed a samospr\u00e1vnych krajov &#8211; inform\u00e1cie","author":"admin","date":"20. j\u00fana 2022","format":false,"excerpt":"Vo\u013eby do org\u00e1nov samospr\u00e1vy obc\u00ed Inform\u00e1cia o podmienkach pr\u00e1va voli\u0165 a pr\u00e1va by\u0165 volen\u00fd \u00a0 Vo\u013eby do org\u00e1nov samospr\u00e1vy obc\u00ed sa konaj\u00fa v sobotu 29. okt\u00f3bra 2022 od 7:00 do 20:00 h. \u00a0 Pr\u00e1vo voli\u0165 do org\u00e1nov samospr\u00e1vy obc\u00ed Pr\u00e1vo voli\u0165 do org\u00e1nov samospr\u00e1vy obc\u00ed m\u00e1 ob\u010dan Slovenskej republiky a\u2026","rel":"","context":"V &quot;D\u00f4le\u017eit\u00e9&quot;","block_context":{"text":"D\u00f4le\u017eit\u00e9","link":"https:\/\/www.hornamicina.eu\/web\/category\/dolezite\/"},"img":{"alt_text":"","src":"https:\/\/i0.wp.com\/www.hornamicina.eu\/web\/wp-content\/uploads\/2018\/07\/volby2022.jpg?fit=530%2C530&ssl=1&resize=350%2C200","width":350,"height":200,"srcset":"https:\/\/i0.wp.com\/www.hornamicina.eu\/web\/wp-content\/uploads\/2018\/07\/volby2022.jpg?fit=530%2C530&ssl=1&resize=350%2C200 1x, https:\/\/i0.wp.com\/www.hornamicina.eu\/web\/wp-content\/uploads\/2018\/07\/volby2022.jpg?fit=530%2C530&ssl=1&resize=525%2C300 1.5x"},"classes":[]},{"id":329,"url":"https:\/\/www.hornamicina.eu\/web\/volby-do-vuc-informacie\/","url_meta":{"origin":3340,"position":5},"title":"Vo\u013eby do V\u00daC 2017 &#8211; inform\u00e1cie pre voli\u010da","author":"admin","date":"30. j\u00fana 2017","format":"aside","excerpt":"D\u00e1tum a \u010das konania volieb Vo\u013eby do org\u00e1nov samospr\u00e1vnych krajov sa konaj\u00fa v sobotu 4. novembra 2017 od 7:00 do 22:00 h. Pr\u00e1vo voli\u0165 Pr\u00e1vo voli\u0165 do org\u00e1nov samospr\u00e1vnych krajov m\u00e1 ob\u010dan Slovenskej republiky a cudzinec, ktor\u00fd m\u00e1 trval\u00fd pobyt v obci, ktor\u00e1 patr\u00ed do \u00fazemia samospr\u00e1vneho kraja, alebo m\u00e1\u2026","rel":"","context":"V &quot;Oznamy&quot;","block_context":{"text":"Oznamy","link":"https:\/\/www.hornamicina.eu\/web\/category\/oznamy\/"},"img":{"alt_text":"Volby do VUC","src":"https:\/\/i0.wp.com\/www.hornamicina.eu\/web\/wp-content\/uploads\/2017\/06\/vuc-volby.jpg?fit=530%2C530&ssl=1&resize=350%2C200","width":350,"height":200,"srcset":"https:\/\/i0.wp.com\/www.hornamicina.eu\/web\/wp-content\/uploads\/2017\/06\/vuc-volby.jpg?fit=530%2C530&ssl=1&resize=350%2C200 1x, https:\/\/i0.wp.com\/www.hornamicina.eu\/web\/wp-content\/uploads\/2017\/06\/vuc-volby.jpg?fit=530%2C530&ssl=1&resize=525%2C300 1.5x"},"classes":[]}],"jetpack_likes_enabled":true,"_links":{"self":[{"href":"https:\/\/www.hornamicina.eu\/web\/wp-json\/wp\/v2\/posts\/3340","targetHints":{"allow":["GET"]}}],"collection":[{"href":"https:\/\/www.hornamicina.eu\/web\/wp-json\/wp\/v2\/posts"}],"about":[{"href":"https:\/\/www.hornamicina.eu\/web\/wp-json\/wp\/v2\/types\/post"}],"author":[{"embeddable":true,"href":"https:\/\/www.hornamicina.eu\/web\/wp-json\/wp\/v2\/users\/1"}],"replies":[{"embeddable":true,"href":"https:\/\/www.hornamicina.eu\/web\/wp-json\/wp\/v2\/comments?post=3340"}],"version-history":[{"count":0,"href":"https:\/\/www.hornamicina.eu\/web\/wp-json\/wp\/v2\/posts\/3340\/revisions"}],"wp:featuredmedia":[{"embeddable":true,"href":"https:\/\/www.hornamicina.eu\/web\/wp-json\/wp\/v2\/media\/3341"}],"wp:attachment":[{"href":"https:\/\/www.hornamicina.eu\/web\/wp-json\/wp\/v2\/media?parent=3340"}],"wp:term":[{"taxonomy":"category","embeddable":true,"href":"https:\/\/www.hornamicina.eu\/web\/wp-json\/wp\/v2\/categories?post=3340"},{"taxonomy":"post_tag","embeddable":true,"href":"https:\/\/www.hornamicina.eu\/web\/wp-json\/wp\/v2\/tags?post=3340"}],"curies":[{"name":"wp","href":"https:\/\/api.w.org\/{rel}","templated":true}]}}