{"id":3308,"date":"2022-10-06T14:55:27","date_gmt":"2022-10-06T12:55:27","guid":{"rendered":"https:\/\/www.hornamicina.eu\/web\/?p=3308"},"modified":"2024-09-26T08:41:06","modified_gmt":"2024-09-26T06:41:06","slug":"uznesenia-obecneho-zastupitelstva-zo-dna-28-9-22","status":"publish","type":"post","link":"https:\/\/www.hornamicina.eu\/web\/uznesenia-obecneho-zastupitelstva-zo-dna-28-9-22\/","title":{"rendered":"Uznesenia obecn\u00e9ho zastupite\u013estva zo d\u0148a 28.9.2022"},"content":{"rendered":"<h2 style=\"text-align: center;\">UZNESENIA<\/h2>\n<p style=\"text-align: center;\"><strong>zo zasadnutia obecn\u00e9ho zastupite\u013estva (\u010falej len OZ) obce Horn\u00e1 Mi\u010din\u00e1 konan\u00e9ho d\u0148a <\/strong><br \/>\n<strong>29.9.2022 v budove obecn\u00e9ho \u00faradu Horn\u00e1 Mi\u010din\u00e1 o 19:00 hod.<\/strong><\/p>\n<table style=\"border-collapse: collapse; width: 100%; height: 132px;\">\n<tbody>\n<tr style=\"height: 22px;\">\n<td style=\"width: 50%; height: 22px; text-align: center;\" colspan=\"2\"><strong>PR\u00cdTOMN\u00cd:<\/strong><\/td>\n<\/tr>\n<tr style=\"height: 22px;\">\n<td style=\"width: 50%; height: 22px;\">Starosta obce:<\/td>\n<td style=\"width: 50%; height: 22px;\">Ivan Len\u00e1r<\/td>\n<\/tr>\n<tr style=\"height: 44px;\">\n<td style=\"width: 50%; vertical-align: top; height: 44px;\">Poslanci OZ:<\/td>\n<td style=\"width: 50%; vertical-align: top; height: 44px;\">Michal Karkal\u00edk, Richard Kaz\u00edk,\u00a0 Bohu\u0161 Martinec<\/td>\n<\/tr>\n<tr style=\"height: 22px;\">\n<td style=\"width: 50%; height: 22px; text-align: center;\" colspan=\"2\"><strong>NEPR\u00cdTOMN\u00cd:<\/strong><\/td>\n<\/tr>\n<tr style=\"height: 22px;\">\n<td style=\"width: 50%; height: 22px;\">Poslanci OZ:<\/td>\n<td style=\"width: 50%; height: 22px;\">Jana Baranov\u00e1, Jaroslav Pa\u013ea<\/td>\n<\/tr>\n<\/tbody>\n<\/table>\n<h3><\/h3>\n<h3 style=\"text-align: center;\"><strong>Uznesenie \u010d. 1 \/ zo d\u0148a 28.09.2022<\/strong><\/h3>\n<h4 style=\"text-align: center;\"><u>k\u00a0bodu 2. Program obecn\u00e9ho zastupite\u013estva<\/u><\/h4>\n<p>OZ obce Horn\u00e1 Mi\u010din\u00e1<\/p>\n<p><strong><em>schva\u013euje<\/em><\/strong><\/p>\n<ul>\n<li>Program obecn\u00e9ho zastupite\u013estva<\/li>\n<\/ul>\n<p>&nbsp;<\/p>\n<p>Hlasovali\u00a0\u00a0\u00a0\u00a0\u00a0\u00a0\u00a0\u00a0\u00a0\u00a0\u00a0\u00a0 za: (3) \u00a0 Michal Karkal\u00edk, Richard Kaz\u00edk, Bohu\u0161 Martinec<\/p>\n<p>proti: (0)<\/p>\n<p>zdr\u017eali sa: (0)<\/p>\n<p>&nbsp;<\/p>\n<h3 style=\"text-align: center;\"><strong>Uznesenie \u010d. 2 \/ zo d\u0148a 28.09.2022<\/strong><\/h3>\n<h4 style=\"text-align: center;\"><u>k\u00a0bodu 3. Vo\u013eba n\u00e1vrhovej komisie, overovate\u013ea z\u00e1pisnice a\u00a0zapisovate\u013ea<\/u><\/h4>\n<p>OZ obce Horn\u00e1 Mi\u010din\u00e1<\/p>\n<p><strong><em>ur\u010duje<\/em><\/strong><\/p>\n<ul>\n<li>Bohu\u0161a Martinca za \u010dlena n\u00e1vrhovej komisie<\/li>\n<li>Richarda Kaz\u00edka za overovate\u013ea z\u00e1pisnice<\/li>\n<li>Michala Karkal\u00edka za zapisovate\u013ea z\u00e1pisnice<\/li>\n<\/ul>\n<p>&nbsp;<\/p>\n<p>Hlasovali\u00a0\u00a0\u00a0\u00a0\u00a0\u00a0\u00a0\u00a0\u00a0\u00a0\u00a0\u00a0 za: (3)\u00a0\u00a0\u00a0 Michal Karkal\u00edk, Richard Kaz\u00edk, Bohu\u0161 Martinec<\/p>\n<p>proti: (0)<\/p>\n<p>zdr\u017eali sa: (0)<\/p>\n<p><strong>\u00a0<\/strong><\/p>\n<h3 style=\"text-align: center;\"><strong>Uznesenie \u010d. 3 \/ zo d\u0148a 28.09.2022<\/strong><\/h3>\n<h4 style=\"text-align: center;\"><u>k\u00a0bodu 4. Spr\u00e1va o v\u00fdsledku kontroly dobrovo\u013enej zbierky pre rodinu Baranov\u00fa po po\u017eiari rodinn\u00e9ho domu<\/u><\/h4>\n<p>OZ obce Horn\u00e1 Mi\u010din\u00e1<\/p>\n<p><strong><em>berie na vedomie<\/em><\/strong><\/p>\n<ul>\n<li>Spr\u00e1vu o\u00a0v\u00fdsledku kontroly dobrovo\u013enej zbierky<\/li>\n<\/ul>\n<p>zdr\u017eali sa: (0)<\/p>\n<p><strong>\u00a0<\/strong><strong>\u00a0<\/strong><\/p>\n<h3 style=\"text-align: center;\"><strong>Uznesenie \u010d. 4 \/ zo d\u0148a 28.09.2022<\/strong><\/h3>\n<h4 style=\"text-align: center;\"><u>k\u00a0bodu 5. Kontrola plnenia uznesen\u00ed \u010d. 2\/2022 zo zasadnutia obecn\u00e9ho zastupite\u013estva konan\u00e9ho d\u0148a 29.06.2022<\/u><\/h4>\n<p>OZ obce Horn\u00e1 Mi\u010din\u00e1<\/p>\n<p><strong><em>berie na vedomie<\/em><\/strong><\/p>\n<ul>\n<li>Kontrolu plnenia uznesen\u00ed \u010d. 2\/2022<\/li>\n<\/ul>\n<h3><\/h3>\n<h3 style=\"text-align: center;\"><strong>Uznesenie \u010d. 5 \/ zo d\u0148a 28.09.2022<\/strong><\/h3>\n<h4 style=\"text-align: center;\"><u>k\u00a0bodu 6. \u017diados\u0165 TJ Dru\u017estevn\u00edk Mi\u010din\u00e1 o dlhodob\u00fd pren\u00e1jom \u010dasti obecnej parcely \u010d. C-KN 184\/1<br \/>\n(LV \u010d. 195) o v\u00fdmere pribli\u017ene 15 m2 z d\u00f4vodu v\u00fdstavby soci\u00e1lnych zariaden\u00ed<\/u><\/h4>\n<p>OZ obce Horn\u00e1 Mi\u010din\u00e1<\/p>\n<p><strong><em>schva\u013euje<\/em><\/strong><\/p>\n<ul>\n<li>dlhodob\u00fd pren\u00e1jom obecnej parcely pre TJ Dru\u017estevn\u00edk Mi\u010din\u00e1<\/li>\n<\/ul>\n<p>&nbsp;<\/p>\n<p>Hlasovali\u00a0\u00a0\u00a0\u00a0\u00a0\u00a0\u00a0\u00a0\u00a0\u00a0\u00a0\u00a0 za: (3)\u00a0\u00a0\u00a0 Michal Karkal\u00edk, Richard Kaz\u00edk, Bohu\u0161 Martinec<\/p>\n<p>proti: (0)<\/p>\n<p>zdr\u017eali sa: (0)<\/p>\n<h3 style=\"text-align: center;\"><strong>Uznesenie \u010d. 6 \/ zo d\u0148a 28.09.2022<\/strong><\/h3>\n<h4 style=\"text-align: center;\"><u>k\u00a0bodu 7. \u017diados\u0165 spolo\u010dnosti XAMER, s.r.o. o odk\u00fapenie obecnej parcely \u010d. C-KN 208\/4 (LV \u010d. 195) o\u00a0v\u00fdmere 237 m<sup>2<\/sup><\/u><\/h4>\n<p>OZ obce Horn\u00e1 Mi\u010din\u00e1<\/p>\n<p><strong><em>neschva\u013euje<\/em><\/strong><\/p>\n<ul>\n<li>odpredaj obecnej parcely spolo\u010dnosti XAMER, s.r.o.<\/li>\n<\/ul>\n<p>&nbsp;<\/p>\n<p>Hlasovali\u00a0\u00a0\u00a0\u00a0\u00a0\u00a0\u00a0\u00a0\u00a0\u00a0\u00a0\u00a0 za: (0)<\/p>\n<p>proti: (3)\u00a0\u00a0 Michal Karkal\u00edk, Richard Kaz\u00edk, Bohu\u0161 Martinec<\/p>\n<p>zdr\u017eali sa: (0)<\/p>\n<h3 style=\"text-align: center;\"><strong>Uznesenie \u010d. 7 \/ zo d\u0148a 28.09.2022<\/strong><\/h3>\n<h4 style=\"text-align: center;\"><u>k\u00a0bodu 8. R\u00f4zne<\/u><\/h4>\n<p>OZ obce Horn\u00e1 Mi\u010din\u00e1<\/p>\n<p><strong><em>doporu\u010duje starostovi obce<\/em><\/strong><\/p>\n<ul>\n<li>informova\u0165 poslancov OZ o aktu\u00e1lnom stave hospod\u00e1renia obce (<strong>term\u00edn: mesa\u010dne<\/strong>)<\/li>\n<\/ul>\n<p>Inform\u00e1cie starostu:<\/p>\n<ul>\n<li>Pr\u00edpravy na vo\u013eby 2022<\/li>\n<\/ul>\n<h3 style=\"text-align: center;\"><strong>Uznesenie \u010d. 8 \/ zo d\u0148a 28.09.2022<\/strong><\/h3>\n<h4 style=\"text-align: center;\"><u>k\u00a0bodu 15. Diskusia<\/u><\/h4>\n<p>Diskusia prebehla v\u00a0r\u00e1mci rokovania zastupite\u013estva k\u00a0jednotliv\u00fdm bodom a\u00a0inform\u00e1ci\u00e1m.<\/p>\n<h4 style=\"text-align: center;\"><u>K\u00a0bodu 16. N\u00e1vrh uznesen\u00ed<\/u><\/h4>\n<p>N\u00e1vrh uznesen\u00ed OZ bol schv\u00e1len\u00fd.<\/p>\n<h4 style=\"text-align: center;\"><u>K\u00a0bodu 17. Z\u00e1ver<\/u><\/h4>\n<p>Starosta ukon\u010dil zasadnutie obecn\u00e9ho zastupite\u013estva.<\/p>\n<p>&nbsp;<\/p>\n<h2>Ivan Len\u00e1r<\/h2>\n<p class=\"s7\">starosta obce<\/p>\n","protected":false},"excerpt":{"rendered":"UZNESENIA zo zasadnutia obecn\u00e9ho zastupite\u013estva (\u010falej len OZ) obce Horn\u00e1 Mi\u010din\u00e1 konan\u00e9ho d\u0148a [&hellip;]","protected":false},"author":1,"featured_media":390,"comment_status":"closed","ping_status":"open","sticky":false,"template":"","format":"standard","meta":{"advanced_seo_description":"","jetpack_seo_html_title":"","jetpack_seo_noindex":false,"_jetpack_memberships_contains_paid_content":false,"footnotes":""},"categories":[391],"tags":[],"class_list":["post-3308","post","type-post","status-publish","format-standard","has-post-thumbnail","hentry","category-uznesenia"],"jetpack_featured_media_url":"https:\/\/i0.wp.com\/www.hornamicina.eu\/web\/wp-content\/uploads\/2017\/07\/uznesenia.jpg?fit=530%2C530&ssl=1","jetpack_sharing_enabled":true,"jetpack_shortlink":"https:\/\/wp.me\/p8RsFw-Rm","jetpack-related-posts":[{"id":3894,"url":"https:\/\/www.hornamicina.eu\/web\/zapisnica-a-uznesenia-oz-zo-dna-22-8-2023\/","url_meta":{"origin":3308,"position":0},"title":"Z\u00e1pisnica a uznesenia OZ zo d\u0148a 22.8.2023","author":"admin","date":"30. augusta 2023","format":false,"excerpt":"Z\u00c1PISNICA Z mimoriadneho zasadnutia obecn\u00e9ho zastupite\u013estva(\u010falej len OZ) v Hornej Mi\u010dinej konan\u00e9ho d\u0148a 22.8.2023 v s\u00e1le obecn\u00e9ho \u00faradu Horn\u00e1 Mi\u010din\u00e1 o 19:00 hod. PR\u00cdTOMN\u00cd: Starosta obce: Ivan Len\u00e1r Poslanci OZ: Janka Baranov\u00e1,Teodor Bachleda,Tibor Pip\u00ed\u0161ka,\u013dubom\u00edr \u010cerh\u00fd\u0148 NEPR\u00cdTOMN\u00dd: Michal Karkal\u00edk Ob\u010dania obce a pozvan\u00ed: pod\u013ea prilo\u017eenej prezen\u010dnej listiny Zasadnutie OZ otvoril a\u2026","rel":"","context":"V &quot;Uznesenia&quot;","block_context":{"text":"Uznesenia","link":"https:\/\/www.hornamicina.eu\/web\/category\/uznesenia\/"},"img":{"alt_text":"Logo obce a dokumenty","src":"https:\/\/i0.wp.com\/www.hornamicina.eu\/web\/wp-content\/uploads\/2017\/07\/uznesenia.jpg?fit=530%2C530&ssl=1&resize=350%2C200","width":350,"height":200,"srcset":"https:\/\/i0.wp.com\/www.hornamicina.eu\/web\/wp-content\/uploads\/2017\/07\/uznesenia.jpg?fit=530%2C530&ssl=1&resize=350%2C200 1x, https:\/\/i0.wp.com\/www.hornamicina.eu\/web\/wp-content\/uploads\/2017\/07\/uznesenia.jpg?fit=530%2C530&ssl=1&resize=525%2C300 1.5x"},"classes":[]},{"id":1992,"url":"https:\/\/www.hornamicina.eu\/web\/uznesenia-z-2020-05-20\/","url_meta":{"origin":3308,"position":1},"title":"Uznesenia zo d\u0148a 20.5.2020","author":"admin","date":"26. m\u00e1ja 2020","format":"aside","excerpt":"UZNESENIA zo zasadnutia obecn\u00e9ho zastupite\u013estva (\u010falej len OZ) obce Horn\u00e1 Mi\u010din\u00e1 konan\u00e9ho d\u0148a 20.05.2020 Uznesenie \u010d. 1 \/ zo d\u0148a 20.05.2020 K bodu 2. Program obecn\u00e9ho zastupite\u013estva OZ obce Horn\u00e1 Mi\u010din\u00e1 schva\u013euje: - Program obecn\u00e9ho zastupite\u013estva Pr\u00edtomn\u00ed poslanci: Jana Baranov\u00e1, Michal Karkal\u00edk, Richard Kaz\u00edk, Bohu\u0161 Martinec, Jaroslav Pa\u013ea Hlasovali za:\u2026","rel":"","context":"V &quot;Uznesenia&quot;","block_context":{"text":"Uznesenia","link":"https:\/\/www.hornamicina.eu\/web\/category\/uznesenia\/"},"img":{"alt_text":"Logo obce a dokumenty","src":"https:\/\/i0.wp.com\/www.hornamicina.eu\/web\/wp-content\/uploads\/2017\/07\/uznesenia.jpg?fit=530%2C530&ssl=1&resize=350%2C200","width":350,"height":200,"srcset":"https:\/\/i0.wp.com\/www.hornamicina.eu\/web\/wp-content\/uploads\/2017\/07\/uznesenia.jpg?fit=530%2C530&ssl=1&resize=350%2C200 1x, https:\/\/i0.wp.com\/www.hornamicina.eu\/web\/wp-content\/uploads\/2017\/07\/uznesenia.jpg?fit=530%2C530&ssl=1&resize=525%2C300 1.5x"},"classes":[]},{"id":2064,"url":"https:\/\/www.hornamicina.eu\/web\/uznesenia-z-2020-08-13\/","url_meta":{"origin":3308,"position":2},"title":"Uznesenia zo d\u0148a 13.8.2020","author":"admin","date":"7. septembra 2020","format":"aside","excerpt":"UZNESENIA zo zasadnutia obecn\u00e9ho zastupite\u013estva (\u010falej len OZ) obce Horn\u00e1 Mi\u010din\u00e1 konan\u00e9ho d\u0148a 13.8.2020 Uznesenie \u010d. 1 \/ zo d\u0148a 13.08.2020 K bodu 2. Program obecn\u00e9ho zastupite\u013estva - OZ obce Horn\u00e1 Mi\u010din\u00e1 schva\u013euje: - Program obecn\u00e9ho zastupite\u013estva doplnen\u00fd o bod 11. Pr\u00edtomn\u00ed poslanci: Jana Baranov\u00e1, Michal Karkal\u00edk, Richard Kaz\u00edk, Bohu\u0161\u2026","rel":"","context":"V &quot;Uznesenia&quot;","block_context":{"text":"Uznesenia","link":"https:\/\/www.hornamicina.eu\/web\/category\/uznesenia\/"},"img":{"alt_text":"Logo obce a dokumenty","src":"https:\/\/i0.wp.com\/www.hornamicina.eu\/web\/wp-content\/uploads\/2017\/07\/uznesenia.jpg?fit=530%2C530&ssl=1&resize=350%2C200","width":350,"height":200,"srcset":"https:\/\/i0.wp.com\/www.hornamicina.eu\/web\/wp-content\/uploads\/2017\/07\/uznesenia.jpg?fit=530%2C530&ssl=1&resize=350%2C200 1x, https:\/\/i0.wp.com\/www.hornamicina.eu\/web\/wp-content\/uploads\/2017\/07\/uznesenia.jpg?fit=530%2C530&ssl=1&resize=525%2C300 1.5x"},"classes":[]},{"id":5346,"url":"https:\/\/www.hornamicina.eu\/web\/uznesenia-zo-zasadnutia-oz-hm-26-6-2025\/","url_meta":{"origin":3308,"position":3},"title":"Uznesenia zo zasadnutia OZ HM &#8211; 26.6.2025","author":"admin","date":"3. j\u00fala 2025","format":false,"excerpt":"UZNESENIA zo zasadnutia obecn\u00e9ho zastupite\u013estva (\u010falej len OZ) obce Horn\u00e1 Mi\u010din\u00e1 konan\u00e9ho d\u0148a 26.6.2025 v\u00a0budove obecn\u00e9ho \u00faradu Horn\u00e1 Mi\u010din\u00e1 o\u00a016:00 hod. PR\u00cdTOMN\u00cd POSLANCI: \u00a0\u00a0Michal Karkal\u00edk, \u00a0\u013dubom\u00edr \u010cerh\u00fd\u0148 , Tibor Pip\u00ed\u0161ka NEPR\u00cdTOMN\u00cd POSLANCI: \u00a0- Janka Baranov\u00e1 ,Teodor Bachleda \u00a0 \u00a0 \u00a0 uznesenie \u010d.88\/2025 \u00a0 K\u00a0bodu 2. Vo\u013eba n\u00e1vrhovej komisie, overovate\u013ea z\u00e1pisnice\u2026","rel":"","context":"V &quot;Uznesenia&quot;","block_context":{"text":"Uznesenia","link":"https:\/\/www.hornamicina.eu\/web\/category\/uznesenia\/"},"img":{"alt_text":"Logo obce a dokumenty","src":"https:\/\/i0.wp.com\/www.hornamicina.eu\/web\/wp-content\/uploads\/2017\/07\/uznesenia.jpg?fit=530%2C530&ssl=1&resize=350%2C200","width":350,"height":200,"srcset":"https:\/\/i0.wp.com\/www.hornamicina.eu\/web\/wp-content\/uploads\/2017\/07\/uznesenia.jpg?fit=530%2C530&ssl=1&resize=350%2C200 1x, https:\/\/i0.wp.com\/www.hornamicina.eu\/web\/wp-content\/uploads\/2017\/07\/uznesenia.jpg?fit=530%2C530&ssl=1&resize=525%2C300 1.5x"},"classes":[]},{"id":5639,"url":"https:\/\/www.hornamicina.eu\/web\/uznesenia-z-mimoriadneho-zasadnutia-oz-obce-horna-micina-17-1-2026\/","url_meta":{"origin":3308,"position":4},"title":"Uznesenia z mimoriadneho zasadnutia OZ obce Horna Micina &#8211; 17.1.2026","author":"admin","date":"22. janu\u00e1ra 2026","format":false,"excerpt":"UZNESENIA Z mimoriadneho zasadnutia obecn\u00e9ho zastupite\u013estva (\u010falej len OZ) obce Horn\u00e1 Mi\u010din\u00e1 konan\u00e9ho d\u0148a 17.1.2026 v\u00a0budove obecn\u00e9ho \u00faradu Horn\u00e1 Mi\u010din\u00e1 o\u00a017:00 hod. PR\u00cdTOMN\u00cd POSLANCI: \u013dubom\u00edr \u010cerh\u00fd\u0148 ,Janka Baranov\u00e1 ,Teodor Bachleda, NEPR\u00cdTOMN\u00cd POSLANCI: Tibor Pip\u00ed\u0161ka ,Michal Karkal\u00edk uznesenie \u010d.124\/2026 zo \u00a017.1.2026 K\u00a0bodu 2. Vo\u013eba n\u00e1vrhovej komisie, overovate\u013ea z\u00e1pisnice a\u00a0zapisovate\u013ea OZ obce\u2026","rel":"","context":"V &quot;Uznesenia&quot;","block_context":{"text":"Uznesenia","link":"https:\/\/www.hornamicina.eu\/web\/category\/uznesenia\/"},"img":{"alt_text":"","src":"https:\/\/i0.wp.com\/www.hornamicina.eu\/web\/wp-content\/uploads\/2017\/07\/zastupitelstvo.jpg?fit=530%2C375&ssl=1&resize=350%2C200","width":350,"height":200,"srcset":"https:\/\/i0.wp.com\/www.hornamicina.eu\/web\/wp-content\/uploads\/2017\/07\/zastupitelstvo.jpg?fit=530%2C375&ssl=1&resize=350%2C200 1x, https:\/\/i0.wp.com\/www.hornamicina.eu\/web\/wp-content\/uploads\/2017\/07\/zastupitelstvo.jpg?fit=530%2C375&ssl=1&resize=525%2C300 1.5x"},"classes":[]},{"id":2562,"url":"https:\/\/www.hornamicina.eu\/web\/uznesenia-z-2021-06-28\/","url_meta":{"origin":3308,"position":5},"title":"Uznesenia zo d\u0148a 28.6.2021 + z\u00e1pisnica","author":"admin","date":"6. j\u00fala 2021","format":"aside","excerpt":"Obecn\u00fd \u00farad Horn\u00e1 Mi\u010din\u00e1 Obecn\u00e9 zastupite\u013estvo UZNESENIA zo zasadnutia obecn\u00e9ho zastupite\u013estva (\u010falej len OZ) obce Horn\u00e1 Mi\u010din\u00e1 konan\u00e9ho d\u0148a 28.06.2021 \u00a0 PR\u00cdTOMN\u00cd POSLANCI: Michal Karkal\u00edk, Richard Kaz\u00edk, Bohu\u0161 Martinec NEPR\u00cdTOMN\u00cd POSLANCI: Jana Baranov\u00e1, Jaroslav Pa\u013ea Uznesenie \u010d. 1 \/ zo d\u0148a 28.06.2021 K bodu 2. Program obecn\u00e9ho zastupite\u013estva OZ obce\u2026","rel":"","context":"V &quot;Uznesenia&quot;","block_context":{"text":"Uznesenia","link":"https:\/\/www.hornamicina.eu\/web\/category\/uznesenia\/"},"img":{"alt_text":"Logo obce a dokumenty","src":"https:\/\/i0.wp.com\/www.hornamicina.eu\/web\/wp-content\/uploads\/2017\/07\/uznesenia.jpg?fit=530%2C530&ssl=1&resize=350%2C200","width":350,"height":200,"srcset":"https:\/\/i0.wp.com\/www.hornamicina.eu\/web\/wp-content\/uploads\/2017\/07\/uznesenia.jpg?fit=530%2C530&ssl=1&resize=350%2C200 1x, https:\/\/i0.wp.com\/www.hornamicina.eu\/web\/wp-content\/uploads\/2017\/07\/uznesenia.jpg?fit=530%2C530&ssl=1&resize=525%2C300 1.5x"},"classes":[]}],"jetpack_likes_enabled":true,"_links":{"self":[{"href":"https:\/\/www.hornamicina.eu\/web\/wp-json\/wp\/v2\/posts\/3308","targetHints":{"allow":["GET"]}}],"collection":[{"href":"https:\/\/www.hornamicina.eu\/web\/wp-json\/wp\/v2\/posts"}],"about":[{"href":"https:\/\/www.hornamicina.eu\/web\/wp-json\/wp\/v2\/types\/post"}],"author":[{"embeddable":true,"href":"https:\/\/www.hornamicina.eu\/web\/wp-json\/wp\/v2\/users\/1"}],"replies":[{"embeddable":true,"href":"https:\/\/www.hornamicina.eu\/web\/wp-json\/wp\/v2\/comments?post=3308"}],"version-history":[{"count":0,"href":"https:\/\/www.hornamicina.eu\/web\/wp-json\/wp\/v2\/posts\/3308\/revisions"}],"wp:featuredmedia":[{"embeddable":true,"href":"https:\/\/www.hornamicina.eu\/web\/wp-json\/wp\/v2\/media\/390"}],"wp:attachment":[{"href":"https:\/\/www.hornamicina.eu\/web\/wp-json\/wp\/v2\/media?parent=3308"}],"wp:term":[{"taxonomy":"category","embeddable":true,"href":"https:\/\/www.hornamicina.eu\/web\/wp-json\/wp\/v2\/categories?post=3308"},{"taxonomy":"post_tag","embeddable":true,"href":"https:\/\/www.hornamicina.eu\/web\/wp-json\/wp\/v2\/tags?post=3308"}],"curies":[{"name":"wp","href":"https:\/\/api.w.org\/{rel}","templated":true}]}}