{"id":3298,"date":"2022-09-26T16:02:32","date_gmt":"2022-09-26T14:02:32","guid":{"rendered":"https:\/\/www.hornamicina.eu\/web\/?p=3298"},"modified":"2022-09-26T16:05:41","modified_gmt":"2022-09-26T14:05:41","slug":"zoznamy-zaregistrovanych-kandidatov","status":"publish","type":"post","link":"https:\/\/www.hornamicina.eu\/web\/zoznamy-zaregistrovanych-kandidatov\/","title":{"rendered":"Zoznamy zaregistrovan\u00fdch kandid\u00e1tov"},"content":{"rendered":"<h3>Zoznam zaregistrovan\u00fdch kandid\u00e1tov pre vo\u013eby starostu obce<\/h3>\n<p><strong>Kandid\u00e1ti:<\/strong><\/p>\n<ol>\n<li>Roman Kupec, JUDr., 49r., vy\u0161etrovate\u013e, HLAS &#8211; soci\u00e1lna demokracia<\/li>\n<li>Ivan Len\u00e1r, 56r., starosta, nez\u00e1visl\u00fd kandid\u00e1t<\/li>\n<li>Krist\u00edna Pa\u013eov\u00e1, PaedDr., 32r., SZ\u010cO, Progres\u00edvne Slovensko<\/li>\n<\/ol>\n<p>&nbsp;<\/p>\n<h3>Zoznam zaregistrovan\u00fdch kandid\u00e1tov pre vo\u013eby do obecn\u00e9ho zastupite\u013estva<\/h3>\n<h4>Volebn\u00fd obvod \u010d. 1<\/h4>\n<h4>Po\u010det volen\u00fdch poslancov vo volebnom obvode: 5<\/h4>\n<p><strong>Kandid\u00e1ti:<\/strong><\/p>\n<ol>\n<li>Teodor Bachleda, MUDr., PhD., MBA, 45 r., lek\u00e1r,u\u010dite\u013e, Kres\u0165anskodemokratick\u00e9 hnutie<\/li>\n<li>Andrej Baran, 46 r., SZ\u010cO, HLAS &#8211; soci\u00e1lna demokracia<\/li>\n<li>Jana Baranov\u00e1, Ing., 41 r., mana\u017e\u00e9rka, SMER &#8211; soci\u00e1lna demokracia<\/li>\n<li>\u013dubom\u00edr \u010cerh\u00fd\u0148, 60 r., podnikate\u013e, Strana obc\u00ed a miest &#8211; SOM SLOVENSKO<\/li>\n<li>Michal Karkal\u00edk, Ing., 33 r., ekon\u00f3m, nez\u00e1visl\u00fd kandid\u00e1t<\/li>\n<li>Richard Kaz\u00edk, 46 r., SZ\u010cO, nez\u00e1visl\u00fd kandid\u00e1t<\/li>\n<li>Bohu\u0161 Martinec, 57 r., SZ\u010cO, Progres\u00edvne Slovensko<\/li>\n<li>Marek Melko, 60 r., mana\u017e\u00e9r, Progres\u00edvne Slovensko<\/li>\n<li>Krist\u00edna Pa\u013eov\u00e1, PaedDr., 32 r., SZ\u010cO, Progres\u00edvne Slovensko<\/li>\n<li>Tibor Pip\u00ed\u0161ka, Ing., 54 r., mana\u017e\u00e9r, SME RODINA<\/li>\n<li>Katar\u00edna P\u00f3\u010dov\u00e1, 43 r., referentka, Progres\u00edvne Slovensko<\/li>\n<li>Lucia Sm\u00e4dov\u00e1, 46 r., SZ\u010cO, Progres\u00edvne Slovensko<\/li>\n<li>Michal Z\u00e1chensk\u00fd, 38 r., technik, SME RODINA<\/li>\n<\/ol>\n","protected":false},"excerpt":{"rendered":"Zoznam zaregistrovan\u00fdch kandid\u00e1tov pre vo\u013eby starostu obce Kandid\u00e1ti: Roman Kupec, JUDr., 49r., vy\u0161etrovate\u013e, [&hellip;]","protected":false},"author":1,"featured_media":3125,"comment_status":"closed","ping_status":"open","sticky":false,"template":"","format":"standard","meta":{"advanced_seo_description":"","jetpack_seo_html_title":"","jetpack_seo_noindex":false,"_jetpack_memberships_contains_paid_content":false,"footnotes":""},"categories":[5,8],"tags":[],"class_list":["post-3298","post","type-post","status-publish","format-standard","has-post-thumbnail","hentry","category-dolezite","category-oznamy"],"jetpack_featured_media_url":"https:\/\/i0.wp.com\/www.hornamicina.eu\/web\/wp-content\/uploads\/2018\/07\/volby2022.jpg?fit=530%2C530&ssl=1","jetpack_sharing_enabled":true,"jetpack_shortlink":"https:\/\/wp.me\/p8RsFw-Rc","jetpack-related-posts":[{"id":1020,"url":"https:\/\/www.hornamicina.eu\/web\/volby-obec-2018-kandidati\/","url_meta":{"origin":3298,"position":0},"title":"Vo\u013eby do org\u00e1nov samospr\u00e1vy obc\u00ed 2018 &#8211; kandid\u00e1ti","author":"admin","date":"20. septembra 2018","format":"aside","excerpt":"Vo\u013eby do org\u00e1nov samospr\u00e1vy obc\u00ed ZOZNAMY ZAREGISTROVAN\u00ddCH KANDID\u00c1TOV PRE VO\u013dBY STAROSTU OBCE v Hornej Mi\u010dinej Obec Horn\u00e1 Mi\u010din\u00e1 uverej\u0148uje pod\u013ea \u00a7 178 ods. 2 z\u00e1kona \u010d. 180\/2014 Z.z. o podmienkach v\u00fdkonu volebn\u00e9ho pr\u00e1va a o zmene a doplnen\u00ed niektor\u00fdch z\u00e1konov v znen\u00ed neskor\u0161\u00edch predpisov zoznam kandid\u00e1tov, zaregistrovan\u00fdch pre vo\u013eby starostu\u2026","rel":"","context":"V &quot;D\u00f4le\u017eit\u00e9&quot;","block_context":{"text":"D\u00f4le\u017eit\u00e9","link":"https:\/\/www.hornamicina.eu\/web\/category\/dolezite\/"},"img":{"alt_text":"","src":"https:\/\/i0.wp.com\/www.hornamicina.eu\/web\/wp-content\/uploads\/2018\/07\/volby2018.jpg?fit=530%2C530&ssl=1&resize=350%2C200","width":350,"height":200,"srcset":"https:\/\/i0.wp.com\/www.hornamicina.eu\/web\/wp-content\/uploads\/2018\/07\/volby2018.jpg?fit=530%2C530&ssl=1&resize=350%2C200 1x, https:\/\/i0.wp.com\/www.hornamicina.eu\/web\/wp-content\/uploads\/2018\/07\/volby2018.jpg?fit=530%2C530&ssl=1&resize=525%2C300 1.5x"},"classes":[]},{"id":1294,"url":"https:\/\/www.hornamicina.eu\/web\/volby-prezident-2019-oznam-2\/","url_meta":{"origin":3298,"position":1},"title":"Vo\u013eby prezidenta Slovenskej republiky &#8211; zoznam kandid\u00e1tov","author":"admin","date":"25. febru\u00e1ra 2019","format":"aside","excerpt":"KANDID\u00c1TI NA PREZIDENTA SLOVENSKEJ REPUBLIKY 16.marca 2019 \u00a0 \u00a0B\u00e9la BUG\u00c1R, Ing., 60 r., poslanec N\u00e1rodnej rady Slovenskej republiky, \u0160amor\u00edn \u00a0\u00a0\u00a0Zuzana \u010cAPUTOV\u00c1, Mgr., 45 r., advok\u00e1tka, Pezinok \u00a0\u00a0\u00a0Martin DA\u0147O, 42 r., novin\u00e1r, Bratislava \u00a0\u00a0\u00a0\u0160tefan HARABIN, JUDr., 61 r., sudca Najvy\u0161\u0161ieho s\u00fadu Slovenskej republiky, Bratislava \u00a0\u00a0\u00a0Eduard CHMEL\u00c1R, doc. Mgr., PhD., 47 r.,\u2026","rel":"","context":"V &quot;D\u00f4le\u017eit\u00e9&quot;","block_context":{"text":"D\u00f4le\u017eit\u00e9","link":"https:\/\/www.hornamicina.eu\/web\/category\/dolezite\/"},"img":{"alt_text":"","src":"https:\/\/i0.wp.com\/www.hornamicina.eu\/web\/wp-content\/uploads\/2019\/01\/volbyPrezidenta.jpg?fit=530%2C530&ssl=1&resize=350%2C200","width":350,"height":200,"srcset":"https:\/\/i0.wp.com\/www.hornamicina.eu\/web\/wp-content\/uploads\/2019\/01\/volbyPrezidenta.jpg?fit=530%2C530&ssl=1&resize=350%2C200 1x, https:\/\/i0.wp.com\/www.hornamicina.eu\/web\/wp-content\/uploads\/2019\/01\/volbyPrezidenta.jpg?fit=530%2C530&ssl=1&resize=525%2C300 1.5x"},"classes":[]},{"id":4277,"url":"https:\/\/www.hornamicina.eu\/web\/zapisnica-okrskovej-volebnej-komisie-pre-volby-do-ep\/","url_meta":{"origin":3298,"position":2},"title":"Z\u00e1pisnica okrskovej volebnej komisie pre vo\u013eby do EP","author":"admin","date":"10. j\u00fana 2024","format":false,"excerpt":"Z\u00e1pisnica okrskovej volebnej komisie\u00a0 o priebehu a v\u00fdsledku hlasovania vo volebnom okrsku vo vo\u013eb\u00e1ch do Eur\u00f3pskeho parlamentu Volebn\u00fd okrsok \u010d.: 1 Obec: Horn\u00e1 Mi\u010din\u00e1 De\u0148 konania volieb: 8.6.2024 \u010cas za\u010diatku hlasovania: 07:00 \u010cas skon\u010denia hlasovania: 22:00 \u00a0 K\u00f3d okresnej volebnej komisie Obec Volebn\u00fd okrsok 601 508632 1 \u00a0 Vo volebnom\u2026","rel":"","context":"V &quot;D\u00f4le\u017eit\u00e9&quot;","block_context":{"text":"D\u00f4le\u017eit\u00e9","link":"https:\/\/www.hornamicina.eu\/web\/category\/dolezite\/"},"img":{"alt_text":"","src":"https:\/\/i0.wp.com\/www.hornamicina.eu\/web\/wp-content\/uploads\/2019\/03\/euvote.jpg?fit=640%2C419&ssl=1&resize=350%2C200","width":350,"height":200,"srcset":"https:\/\/i0.wp.com\/www.hornamicina.eu\/web\/wp-content\/uploads\/2019\/03\/euvote.jpg?fit=640%2C419&ssl=1&resize=350%2C200 1x, https:\/\/i0.wp.com\/www.hornamicina.eu\/web\/wp-content\/uploads\/2019\/03\/euvote.jpg?fit=640%2C419&ssl=1&resize=525%2C300 1.5x"},"classes":[]},{"id":485,"url":"https:\/\/www.hornamicina.eu\/web\/volby-do-vuc-zoznam-kandidatov-na-poslancov-a-predsedu\/","url_meta":{"origin":3298,"position":3},"title":"Vo\u013eby do V\u00daC: Zoznam kandid\u00e1tov na poslancov a predsedu","author":"admin","date":"18. okt\u00f3bra 2017","format":false,"excerpt":"Zoznam zaregistrovan\u00fdch kandid\u00e1tov pre vo\u013eby do zastupite\u013estva BBSK a\u00a0pre vo\u013eby predsedu BBSK. Zoznam kandid\u00e1tov na predsedu BBSK Zoznam kandid\u00e1tov na poslancov BBSK","rel":"","context":"V &quot;Oznamy&quot;","block_context":{"text":"Oznamy","link":"https:\/\/www.hornamicina.eu\/web\/category\/oznamy\/"},"img":{"alt_text":"Volby do VUC","src":"https:\/\/i0.wp.com\/www.hornamicina.eu\/web\/wp-content\/uploads\/2017\/06\/vuc-volby.jpg?fit=530%2C530&ssl=1&resize=350%2C200","width":350,"height":200,"srcset":"https:\/\/i0.wp.com\/www.hornamicina.eu\/web\/wp-content\/uploads\/2017\/06\/vuc-volby.jpg?fit=530%2C530&ssl=1&resize=350%2C200 1x, https:\/\/i0.wp.com\/www.hornamicina.eu\/web\/wp-content\/uploads\/2017\/06\/vuc-volby.jpg?fit=530%2C530&ssl=1&resize=525%2C300 1.5x"},"classes":[]},{"id":2472,"url":"https:\/\/www.hornamicina.eu\/web\/volba-hlavneho-kontrolora-2021\/","url_meta":{"origin":3298,"position":4},"title":"Vo\u013eba hlavn\u00e9ho kontrol\u00f3ra (2021)","author":"admin","date":"5. m\u00e1ja 2021","format":false,"excerpt":"Vyhl\u00e1senie vo\u013eby hlavn\u00e9ho kontrol\u00f3ra obce Horn\u00e1 Mi\u010din\u00e1 \u00a0 Obecn\u00e9 zastupite\u013estvo v\u00a0Hornej Mi\u010dinej uznesen\u00edm \u010d. 11\/2021 zo d\u0148a 20.4.2021 v y h l a s u j e v zmysle \u00a7 18a ods. 2 z\u00e1k. \u010d. 369\/1990 Zb. o obecnom zriaden\u00ed v znen\u00ed neskor\u0161\u00edch zmien a predpisov vo\u013ebu hlavn\u00e9ho kontrol\u00f3ra, ktor\u00e1\u2026","rel":"","context":"V &quot;D\u00f4le\u017eit\u00e9&quot;","block_context":{"text":"D\u00f4le\u017eit\u00e9","link":"https:\/\/www.hornamicina.eu\/web\/category\/dolezite\/"},"img":{"alt_text":"Logo obce a dokumenty","src":"https:\/\/i0.wp.com\/www.hornamicina.eu\/web\/wp-content\/uploads\/2017\/07\/uznesenia.jpg?fit=530%2C530&ssl=1&resize=350%2C200","width":350,"height":200,"srcset":"https:\/\/i0.wp.com\/www.hornamicina.eu\/web\/wp-content\/uploads\/2017\/07\/uznesenia.jpg?fit=530%2C530&ssl=1&resize=350%2C200 1x, https:\/\/i0.wp.com\/www.hornamicina.eu\/web\/wp-content\/uploads\/2017\/07\/uznesenia.jpg?fit=530%2C530&ssl=1&resize=525%2C300 1.5x"},"classes":[]},{"id":2693,"url":"https:\/\/www.hornamicina.eu\/web\/volba-hlavneho-kontrolora-2021-2\/","url_meta":{"origin":3298,"position":5},"title":"Vo\u013eba hlavn\u00e9ho kontrol\u00f3ra (2021)","author":"admin","date":"15. okt\u00f3bra 2021","format":false,"excerpt":"Vyhl\u00e1senie vo\u013eby hlavn\u00e9ho kontrol\u00f3ra obce Horn\u00e1 Mi\u010din\u00e1 \u00a0 Obecn\u00e9 zastupite\u013estvo v Hornej Mi\u010dinej uznesen\u00edm \u010d. 11\/2021 zo d\u0148a 14.10.2021 v y h l a s u j e v zmysle \u00a7 18a ods. 2 z\u00e1k. \u010d. 369\/1990 Zb. o obecnom zriaden\u00ed v znen\u00ed neskor\u0161\u00edch zmien a predpisov vo\u013ebu hlavn\u00e9ho kontrol\u00f3ra,\u2026","rel":"","context":"V &quot;D\u00f4le\u017eit\u00e9&quot;","block_context":{"text":"D\u00f4le\u017eit\u00e9","link":"https:\/\/www.hornamicina.eu\/web\/category\/dolezite\/"},"img":{"alt_text":"Logo obce a dokumenty","src":"https:\/\/i0.wp.com\/www.hornamicina.eu\/web\/wp-content\/uploads\/2017\/07\/uznesenia.jpg?fit=530%2C530&ssl=1&resize=350%2C200","width":350,"height":200,"srcset":"https:\/\/i0.wp.com\/www.hornamicina.eu\/web\/wp-content\/uploads\/2017\/07\/uznesenia.jpg?fit=530%2C530&ssl=1&resize=350%2C200 1x, https:\/\/i0.wp.com\/www.hornamicina.eu\/web\/wp-content\/uploads\/2017\/07\/uznesenia.jpg?fit=530%2C530&ssl=1&resize=525%2C300 1.5x"},"classes":[]}],"jetpack_likes_enabled":true,"_links":{"self":[{"href":"https:\/\/www.hornamicina.eu\/web\/wp-json\/wp\/v2\/posts\/3298","targetHints":{"allow":["GET"]}}],"collection":[{"href":"https:\/\/www.hornamicina.eu\/web\/wp-json\/wp\/v2\/posts"}],"about":[{"href":"https:\/\/www.hornamicina.eu\/web\/wp-json\/wp\/v2\/types\/post"}],"author":[{"embeddable":true,"href":"https:\/\/www.hornamicina.eu\/web\/wp-json\/wp\/v2\/users\/1"}],"replies":[{"embeddable":true,"href":"https:\/\/www.hornamicina.eu\/web\/wp-json\/wp\/v2\/comments?post=3298"}],"version-history":[{"count":0,"href":"https:\/\/www.hornamicina.eu\/web\/wp-json\/wp\/v2\/posts\/3298\/revisions"}],"wp:featuredmedia":[{"embeddable":true,"href":"https:\/\/www.hornamicina.eu\/web\/wp-json\/wp\/v2\/media\/3125"}],"wp:attachment":[{"href":"https:\/\/www.hornamicina.eu\/web\/wp-json\/wp\/v2\/media?parent=3298"}],"wp:term":[{"taxonomy":"category","embeddable":true,"href":"https:\/\/www.hornamicina.eu\/web\/wp-json\/wp\/v2\/categories?post=3298"},{"taxonomy":"post_tag","embeddable":true,"href":"https:\/\/www.hornamicina.eu\/web\/wp-json\/wp\/v2\/tags?post=3298"}],"curies":[{"name":"wp","href":"https:\/\/api.w.org\/{rel}","templated":true}]}}