{"id":3295,"date":"2022-09-23T13:44:03","date_gmt":"2022-09-23T11:44:03","guid":{"rendered":"https:\/\/www.hornamicina.eu\/web\/?p=3295"},"modified":"2022-09-23T13:44:40","modified_gmt":"2022-09-23T11:44:40","slug":"pozvanka-na-zasadnutie-oz-hornej-micinej-september-2022","status":"publish","type":"post","link":"https:\/\/www.hornamicina.eu\/web\/pozvanka-na-zasadnutie-oz-hornej-micinej-september-2022\/","title":{"rendered":"Pozv\u00e1nka na zasadnutie OZ Hornej Mi\u010dinej &#8211; september 2022"},"content":{"rendered":"<blockquote>\n<p style=\"text-align: center;\">D\u0148a <span style=\"font-size: 14pt;\"><em><strong><span style=\"font-size: 18pt;\">28.9.2022<\/span><\/strong><\/em><\/span><span style=\"font-size: 14pt;\"><em><strong><span style=\"font-size: 18pt;\">\u00a0\/streda\/<\/span>\u00a0 o 19:00 hod.<\/strong><br \/>\n<\/em><\/span><\/p>\n<\/blockquote>\n<p style=\"text-align: center;\"><span style=\"font-size: 14pt;\"><em>sa uskuto\u010dn\u00ed zasadnutie obecn\u00e9ho zastupite\u013estva Hornej Mi\u010dinej v zasada\u010dke obecn\u00e9ho \u00faradu.<\/em><\/span><\/p>\n<p style=\"font-weight: 400; text-align: left;\"><strong>Program:<\/strong><\/p>\n<ol>\n<li class=\"s3\">Otvorenie<\/li>\n<li>Program obecn\u00e9ho zastupite\u013estva<\/li>\n<li>Vo\u013eba n\u00e1vrhovej komisie, overovate\u013ea z\u00e1pisnice a zapisovate\u013ea<\/li>\n<li>Spr\u00e1va o v\u00fdsledku kontroly dobrovo\u013enej zbierky<\/li>\n<li>Kontrola uznesen\u00ed OZ<\/li>\n<li>\u017diados\u0165 o pren\u00e1jom \u010dasti obecnej parcely \u010d. 184\/1, veden\u00e1 na LV-\u010d. 195 o v\u00fdmere 3701m2, do dlhodob\u00e9ho pren\u00e1jmu TJ Dru\u017estevn\u00edk Mi\u010din\u00e1 z d\u00f4vodu v\u00fdstavby soci\u00e1lnych zariaden\u00ed \/20m2\/<\/li>\n<li>\u017diados\u0165 o odk\u00fapenie obecnej parcely C-KN 208\/4 o v\u00fdmere 237m2, veden\u00e1 na LV-195 \/obec\/ pre \u017eiadate\u013ea f. Xamer s.r.o.<\/li>\n<li>R\u00f4zne<\/li>\n<li>Diskusia<\/li>\n<li>Z\u00e1ver<\/li>\n<\/ol>\n<p style=\"font-weight: 400; text-align: left;\">Ivan Len\u00e1r v.r.<\/p>\n<p>starosta obce<\/p>\n","protected":false},"excerpt":{"rendered":"D\u0148a 28.9.2022\u00a0\/streda\/\u00a0 o 19:00 hod. sa uskuto\u010dn\u00ed zasadnutie obecn\u00e9ho zastupite\u013estva Hornej Mi\u010dinej v [&hellip;]","protected":false},"author":1,"featured_media":390,"comment_status":"closed","ping_status":"open","sticky":false,"template":"","format":"standard","meta":{"advanced_seo_description":"","jetpack_seo_html_title":"","jetpack_seo_noindex":false,"_jetpack_memberships_contains_paid_content":false,"footnotes":""},"categories":[5,8,30],"tags":[],"class_list":["post-3295","post","type-post","status-publish","format-standard","has-post-thumbnail","hentry","category-dolezite","category-oznamy","category-zastupitelstvo"],"jetpack_featured_media_url":"https:\/\/i0.wp.com\/www.hornamicina.eu\/web\/wp-content\/uploads\/2017\/07\/uznesenia.jpg?fit=530%2C530&ssl=1","jetpack_sharing_enabled":true,"jetpack_shortlink":"https:\/\/wp.me\/p8RsFw-R9","jetpack-related-posts":[{"id":2056,"url":"https:\/\/www.hornamicina.eu\/web\/pozvanka-zas-2020-08\/","url_meta":{"origin":3295,"position":0},"title":"Pozv\u00e1nka na zasadnutie OZ Hornej Mi\u010dinej &#8211; august 2020","author":"admin","date":"7. augusta 2020","format":false,"excerpt":"D\u0148a 13.8.2020\/\u0161tvrtok\/\u00a0 o 19:00 hod. sa uskuto\u010dn\u00ed zasadnutie obecn\u00e9ho zastupite\u013estva Hornej Mi\u010dinej v zasada\u010dke obecn\u00e9ho \u00faradu. Program: Otvorenie Program obecn\u00e9ho zastupite\u013estva Vo\u013eba n\u00e1vrhovej komisie, overovate\u013eov z\u00e1pisnice a\u00a0zapisovate\u013ea Prejednanie \u017eiadosti o\u00a0odk\u00fapenie \u010dasti pozemku p. .\u010d. C-516 \u2013 ostatn\u00e1 plocha veden\u00e1 na LV 417 o\u00a0v\u00fdmere 2 m, z\u00a0d\u00f4vodu z\u00e1sahu strechy do obecnej\u2026","rel":"","context":"V &quot;Zastupite\u013estvo&quot;","block_context":{"text":"Zastupite\u013estvo","link":"https:\/\/www.hornamicina.eu\/web\/category\/zastupitelstvo\/"},"img":{"alt_text":"","src":"https:\/\/i0.wp.com\/www.hornamicina.eu\/web\/wp-content\/uploads\/2017\/07\/zastupitelstvo.jpg?fit=530%2C375&ssl=1&resize=350%2C200","width":350,"height":200,"srcset":"https:\/\/i0.wp.com\/www.hornamicina.eu\/web\/wp-content\/uploads\/2017\/07\/zastupitelstvo.jpg?fit=530%2C375&ssl=1&resize=350%2C200 1x, https:\/\/i0.wp.com\/www.hornamicina.eu\/web\/wp-content\/uploads\/2017\/07\/zastupitelstvo.jpg?fit=530%2C375&ssl=1&resize=525%2C300 1.5x"},"classes":[]},{"id":1721,"url":"https:\/\/www.hornamicina.eu\/web\/pozvanka-zas-2019-12-13\/","url_meta":{"origin":3295,"position":1},"title":"Pozv\u00e1nka na zasadnutie OZ Hornej Mi\u010dinej","author":"admin","date":"9. decembra 2019","format":false,"excerpt":"D\u0148a 13.12.2019 \/piatok\/\u00a0 o 18:30 hod. sa uskuto\u010dn\u00ed zasadnutie obecn\u00e9ho zastupite\u013estva Hornej Mi\u010dinej v zasada\u010dke obecn\u00e9ho \u00faradu. \u00a0 Program: Otvorenie Program obecn\u00e9ho zastupite\u013estva Vo\u013eba n\u00e1vrhovej komisie, overovate\u013eov z\u00e1pisnice a\u00a0zapisovate\u013ea Odborn\u00e9 stanovisko hlavnej kontrol\u00f3rky k\u00a0rozpo\u010dtu obce na rok 2020 N\u00e1vrh finan\u010dn\u00e9ho rozpo\u010dtu na rok 2020 a\u00a0n\u00e1vrh na roky 2021 a 2022\u2026","rel":"","context":"V &quot;Oznamy&quot;","block_context":{"text":"Oznamy","link":"https:\/\/www.hornamicina.eu\/web\/category\/oznamy\/"},"img":{"alt_text":"","src":"https:\/\/i0.wp.com\/www.hornamicina.eu\/web\/wp-content\/uploads\/2017\/07\/zastupitelstvo.jpg?fit=530%2C375&ssl=1&resize=350%2C200","width":350,"height":200,"srcset":"https:\/\/i0.wp.com\/www.hornamicina.eu\/web\/wp-content\/uploads\/2017\/07\/zastupitelstvo.jpg?fit=530%2C375&ssl=1&resize=350%2C200 1x, https:\/\/i0.wp.com\/www.hornamicina.eu\/web\/wp-content\/uploads\/2017\/07\/zastupitelstvo.jpg?fit=530%2C375&ssl=1&resize=525%2C300 1.5x"},"classes":[]},{"id":2251,"url":"https:\/\/www.hornamicina.eu\/web\/pozvanka-zas-2020-12\/","url_meta":{"origin":3295,"position":2},"title":"Pozv\u00e1nka na zasadnutie OZ Hornej Mi\u010dinej &#8211; december 2020","author":"admin","date":"10. decembra 2020","format":false,"excerpt":"D\u0148a 14.12.2020\/pondelok\/\u00a0 o 18:00 hod. sa uskuto\u010dn\u00ed zasadnutie obecn\u00e9ho zastupite\u013estva Hornej Mi\u010dinej v zasada\u010dke obecn\u00e9ho \u00faradu. Mo\u017en\u00e1 \u00fa\u010das\u0165 ob\u010danov len s platn\u00fdm certifik\u00e1tom alebo PCR testom a za dodr\u017eania pr\u00edsnych protiepidemiologick\u00fdch opatren\u00ed. Program: Otvorenie Program obecn\u00e9ho zastupite\u013estva Vo\u013eba n\u00e1vrhovej komisie, overovate\u013eov z\u00e1pisnice a\u00a0zapisovate\u013ea Spr\u00e1va hlavnej kontrol\u00f3rky o\u00a0v\u00fdsledkoch kontrolnej \u010dinnosti Odborn\u00e9\u2026","rel":"","context":"V &quot;Zastupite\u013estvo&quot;","block_context":{"text":"Zastupite\u013estvo","link":"https:\/\/www.hornamicina.eu\/web\/category\/zastupitelstvo\/"},"img":{"alt_text":"","src":"https:\/\/i0.wp.com\/www.hornamicina.eu\/web\/wp-content\/uploads\/2017\/07\/zastupitelstvo.jpg?fit=530%2C375&ssl=1&resize=350%2C200","width":350,"height":200,"srcset":"https:\/\/i0.wp.com\/www.hornamicina.eu\/web\/wp-content\/uploads\/2017\/07\/zastupitelstvo.jpg?fit=530%2C375&ssl=1&resize=350%2C200 1x, https:\/\/i0.wp.com\/www.hornamicina.eu\/web\/wp-content\/uploads\/2017\/07\/zastupitelstvo.jpg?fit=530%2C375&ssl=1&resize=525%2C300 1.5x"},"classes":[]},{"id":2544,"url":"https:\/\/www.hornamicina.eu\/web\/pozvanka-zas-2021-06\/","url_meta":{"origin":3295,"position":3},"title":"Pozv\u00e1nka na zasadnutie OZ Hornej Mi\u010dinej &#8211; j\u00fan 2021","author":"admin","date":"24. j\u00fana 2021","format":false,"excerpt":"D\u0148a 14.12.2020\/pondelok\/\u00a0 o 18:00 hod. sa uskuto\u010dn\u00ed zasadnutie obecn\u00e9ho zastupite\u013estva Hornej Mi\u010dinej v zasada\u010dke obecn\u00e9ho \u00faradu. Mo\u017en\u00e1 \u00fa\u010das\u0165 ob\u010danov len s platn\u00fdm certifik\u00e1tom alebo PCR testom a za dodr\u017eania pr\u00edsnych protiepidemiologick\u00fdch opatren\u00ed. Program: Otvorenie Program obecn\u00e9ho zastupite\u013estva Vo\u013eba n\u00e1vrhovej komisie, overovate\u013eov z\u00e1pisnice a\u00a0zapisovate\u013ea Spr\u00e1va hlavnej kontrol\u00f3rky o\u00a0v\u00fdsledkoch kontrolnej \u010dinnosti Odborn\u00e9\u2026","rel":"","context":"V &quot;Zastupite\u013estvo&quot;","block_context":{"text":"Zastupite\u013estvo","link":"https:\/\/www.hornamicina.eu\/web\/category\/zastupitelstvo\/"},"img":{"alt_text":"","src":"https:\/\/i0.wp.com\/www.hornamicina.eu\/web\/wp-content\/uploads\/2017\/07\/zastupitelstvo.jpg?fit=530%2C375&ssl=1&resize=350%2C200","width":350,"height":200,"srcset":"https:\/\/i0.wp.com\/www.hornamicina.eu\/web\/wp-content\/uploads\/2017\/07\/zastupitelstvo.jpg?fit=530%2C375&ssl=1&resize=350%2C200 1x, https:\/\/i0.wp.com\/www.hornamicina.eu\/web\/wp-content\/uploads\/2017\/07\/zastupitelstvo.jpg?fit=530%2C375&ssl=1&resize=525%2C300 1.5x"},"classes":[]},{"id":2658,"url":"https:\/\/www.hornamicina.eu\/web\/pozvanka-zas-2021-10\/","url_meta":{"origin":3295,"position":4},"title":"Pozv\u00e1nka na zasadnutie OZ Hornej Mi\u010dinej &#8211; okt\u00f3ber 2021","author":"admin","date":"11. okt\u00f3bra 2021","format":false,"excerpt":"D\u0148a 14.12.2020\/pondelok\/\u00a0 o 18:00 hod. sa uskuto\u010dn\u00ed zasadnutie obecn\u00e9ho zastupite\u013estva Hornej Mi\u010dinej v zasada\u010dke obecn\u00e9ho \u00faradu. Mo\u017en\u00e1 \u00fa\u010das\u0165 ob\u010danov len s platn\u00fdm certifik\u00e1tom alebo PCR testom a za dodr\u017eania pr\u00edsnych protiepidemiologick\u00fdch opatren\u00ed. Program: Otvorenie Program obecn\u00e9ho zastupite\u013estva Vo\u013eba n\u00e1vrhovej komisie, overovate\u013eov z\u00e1pisnice a\u00a0zapisovate\u013ea Spr\u00e1va hlavnej kontrol\u00f3rky o\u00a0v\u00fdsledkoch kontrolnej \u010dinnosti Odborn\u00e9\u2026","rel":"","context":"V &quot;Zastupite\u013estvo&quot;","block_context":{"text":"Zastupite\u013estvo","link":"https:\/\/www.hornamicina.eu\/web\/category\/zastupitelstvo\/"},"img":{"alt_text":"","src":"https:\/\/i0.wp.com\/www.hornamicina.eu\/web\/wp-content\/uploads\/2017\/07\/zastupitelstvo.jpg?fit=530%2C375&ssl=1&resize=350%2C200","width":350,"height":200,"srcset":"https:\/\/i0.wp.com\/www.hornamicina.eu\/web\/wp-content\/uploads\/2017\/07\/zastupitelstvo.jpg?fit=530%2C375&ssl=1&resize=350%2C200 1x, https:\/\/i0.wp.com\/www.hornamicina.eu\/web\/wp-content\/uploads\/2017\/07\/zastupitelstvo.jpg?fit=530%2C375&ssl=1&resize=525%2C300 1.5x"},"classes":[]},{"id":2829,"url":"https:\/\/www.hornamicina.eu\/web\/pozvanka-zas-2021-12-1\/","url_meta":{"origin":3295,"position":5},"title":"Pozv\u00e1nka na zasadnutie OZ Hornej Mi\u010dinej &#8211; december 2021","author":"admin","date":"9. decembra 2021","format":false,"excerpt":"D\u0148a 14.12.2020\/pondelok\/\u00a0 o 18:00 hod. sa uskuto\u010dn\u00ed zasadnutie obecn\u00e9ho zastupite\u013estva Hornej Mi\u010dinej v zasada\u010dke obecn\u00e9ho \u00faradu. Mo\u017en\u00e1 \u00fa\u010das\u0165 ob\u010danov len s platn\u00fdm certifik\u00e1tom alebo PCR testom a za dodr\u017eania pr\u00edsnych protiepidemiologick\u00fdch opatren\u00ed. Program: Otvorenie Program obecn\u00e9ho zastupite\u013estva Vo\u013eba n\u00e1vrhovej komisie, overovate\u013eov z\u00e1pisnice a\u00a0zapisovate\u013ea Spr\u00e1va hlavnej kontrol\u00f3rky o\u00a0v\u00fdsledkoch kontrolnej \u010dinnosti Odborn\u00e9\u2026","rel":"","context":"V &quot;Zastupite\u013estvo&quot;","block_context":{"text":"Zastupite\u013estvo","link":"https:\/\/www.hornamicina.eu\/web\/category\/zastupitelstvo\/"},"img":{"alt_text":"","src":"https:\/\/i0.wp.com\/www.hornamicina.eu\/web\/wp-content\/uploads\/2017\/07\/zastupitelstvo.jpg?fit=530%2C375&ssl=1&resize=350%2C200","width":350,"height":200,"srcset":"https:\/\/i0.wp.com\/www.hornamicina.eu\/web\/wp-content\/uploads\/2017\/07\/zastupitelstvo.jpg?fit=530%2C375&ssl=1&resize=350%2C200 1x, https:\/\/i0.wp.com\/www.hornamicina.eu\/web\/wp-content\/uploads\/2017\/07\/zastupitelstvo.jpg?fit=530%2C375&ssl=1&resize=525%2C300 1.5x"},"classes":[]}],"jetpack_likes_enabled":true,"_links":{"self":[{"href":"https:\/\/www.hornamicina.eu\/web\/wp-json\/wp\/v2\/posts\/3295","targetHints":{"allow":["GET"]}}],"collection":[{"href":"https:\/\/www.hornamicina.eu\/web\/wp-json\/wp\/v2\/posts"}],"about":[{"href":"https:\/\/www.hornamicina.eu\/web\/wp-json\/wp\/v2\/types\/post"}],"author":[{"embeddable":true,"href":"https:\/\/www.hornamicina.eu\/web\/wp-json\/wp\/v2\/users\/1"}],"replies":[{"embeddable":true,"href":"https:\/\/www.hornamicina.eu\/web\/wp-json\/wp\/v2\/comments?post=3295"}],"version-history":[{"count":0,"href":"https:\/\/www.hornamicina.eu\/web\/wp-json\/wp\/v2\/posts\/3295\/revisions"}],"wp:featuredmedia":[{"embeddable":true,"href":"https:\/\/www.hornamicina.eu\/web\/wp-json\/wp\/v2\/media\/390"}],"wp:attachment":[{"href":"https:\/\/www.hornamicina.eu\/web\/wp-json\/wp\/v2\/media?parent=3295"}],"wp:term":[{"taxonomy":"category","embeddable":true,"href":"https:\/\/www.hornamicina.eu\/web\/wp-json\/wp\/v2\/categories?post=3295"},{"taxonomy":"post_tag","embeddable":true,"href":"https:\/\/www.hornamicina.eu\/web\/wp-json\/wp\/v2\/tags?post=3295"}],"curies":[{"name":"wp","href":"https:\/\/api.w.org\/{rel}","templated":true}]}}