{"id":3292,"date":"2022-09-22T13:59:42","date_gmt":"2022-09-22T11:59:42","guid":{"rendered":"https:\/\/www.hornamicina.eu\/web\/?p=3292"},"modified":"2022-09-22T13:59:42","modified_gmt":"2022-09-22T11:59:42","slug":"verejna-vyhlaska-o-zacati-stav-konania-p-dobrikova","status":"publish","type":"post","link":"https:\/\/www.hornamicina.eu\/web\/verejna-vyhlaska-o-zacati-stav-konania-p-dobrikova\/","title":{"rendered":"Verejn\u00e1 vyhl\u00e1\u0161ka o za\u010dat\u00ed stav. konania &#8211; p. Dobr\u00edkov\u00e1"},"content":{"rendered":"<div>Obec Horn\u00e1 Micin\u00e1, \u010d\u00edslo: Oc\u00da 176\/2022<\/div>\n<div><\/div>\n<h3 style=\"text-align: center;\">VEREJN\u00c1 VYHL\u00c1\u0160KA<\/h3>\n<div style=\"text-align: center;\">Horn\u00e1 Micin\u00e1 20.09.2022<\/div>\n<div><\/div>\n<h4>OZN\u00c1MENIE<\/h4>\n<h4>o za\u010dat\u00ed stavebn\u00e9ho konania v spojenom \u00fazemnom a stavebnom konani a upusten\u00ed od \u00fastneho pojedn\u00e1vania a miestneho zis\u0165ovania<\/h4>\n<div><strong>Stavebn\u00ed\u010dka:<\/strong> M\u00e1ria Dobr\u00edkov\u00e1, Starohorsk\u00e1 20, 974 1 Bansk\u00e1 Bystrica, v zast\u00fapen\u00ed Ing. Nikola Karko\u0161iakov\u00e1, Horn\u00e1 85, 974 01 Bansk\u00e1 Bystrica, podala d\u0148a 17.06.2022 a naposledy doplnila 07.09.2022 na Obecn\u00fd \u00farad Horn\u00e1 Mi\u010din\u00e1 <strong>\u017diadost&#8216; o vydanie stavebn\u00e9ho povolenia v spojenom \u00fazemnom a stavebnom konan\u00ed stavby \u201eRodinn\u00fd dom&#8220;<\/strong>, stavba bude umiestnen\u00e1 na pozemkoch parceln\u00e9 \u010d. KN-C 571\/17, 571\/64 a 735\/3, v k. \u00fa. Horn\u00e1 Mi\u010din\u00e1, v obci Horn\u00e1 Mi\u010din\u00e1. Pod\u013ea evidencie katastra nehnute\u013enost\u00ed s\u00fa dotknut\u00e9 parcely na LV \u010d. 994 a 986.<\/div>\n<div><\/div>\n<div><strong>\u00da\u010dastn\u00edci konania:<\/strong> fyzick\u00e9 a pr\u00e1vnick\u00e9 osoby, ktor\u00fdch vlastn\u00edcke pr\u00e1vo alebo in\u00e9 pr\u00e1vo k pozemkom a k stavb\u00e1m m\u00f4zu byt rozhodnut\u00edm priamo dotknut\u00e9 v konan\u00ed sa upovedomuj\u00fa verejnou vyhl\u00e1\u0161kou.<\/div>\n<div><\/div>\n<div>D\u0148om podania \u017diadosti bolo za\u010dat\u00e9 zl\u00fa\u010den\u00e9 stavebn\u00e9 konanie.<\/div>\n<div>Stavba bude uskuto\u010d\u0148ovan\u00e1 svojpomone a stavebn\u00fd dozor bude vykon\u00e1va\u0165 Ign\u00e1c Grobar\u010d\u00edk, Laskomersk\u00e1 cesta 518\/5, 974 01 Bansk\u00e1 Bystrica.<\/div>\n<div><\/div>\n<div><strong>\u010clenenie stavby na stavebn\u00e9 objekty:<\/strong><\/div>\n<ul>\n<li>Rodinn\u00fd dom<\/li>\n<li>Oporn\u00fd m\u00far<\/li>\n<li>Spevnen\u00e9 plochy<\/li>\n<li>Elektrick\u00e1 NN pr\u00edpojka<\/li>\n<li>Pr\u00edpojka vody<\/li>\n<li>Spla\u0161kova kanaliz\u00e1cia, \u017eumpa<\/li>\n<li>Da\u017e\u010fov\u00e1 kanaliz\u00e1cia, akumula\u010dn\u00e1 n\u00e1doba na da\u017e\u010fov\u00fa vodu<\/li>\n<\/ul>\n<div>Rodinn\u00fd dom je dvojpodla\u017en\u00fd, m\u00e1 1 nadzemn\u00e9 podla\u017eie a 1 podzemn\u00e9 podla\u017eie pod \u010das\u0165ou domu. Prestre\u0161en\u00fd bude plochou strechou. V rodinnom dome bude jeden byt, v dome s\u00fa navrhnut\u00e9 4 obytn\u00e9 miestnosti.<\/div>\n<div><\/div>\n<div>Rozmery domu: p\u00f4dorysn\u00fd rozmer domu bude mat&#8216; vonkaj\u0161\u00ed rozmer 9,50m x 20,60 m.<\/div>\n<div>Odstupy od spolo\u010dn\u00fdch hran\u00edc:<\/div>\n<ul>\n<li>Od hranice parcely na ju\u017enej strane bude dom vzdialen\u00fd najmenej: 5,00m<\/li>\n<li>Od hranice parcely na z\u00e1padnej strane bude dom vzdialen\u00fd najmenej: 5,00m<\/li>\n<li>Od hranice parcely na severnej strane bude dom vzdialen\u00fd najmenej: 42,10m<\/li>\n<li>Od hranice parcely na v\u00fdchodnej strane bude dom vzdialen\u00fd najmenej: 2,00m<\/li>\n<\/ul>\n<p>Na severnei strane je za domom navrhnut\u00fd \u017eelezobet\u00f3nov\u00fd monolitick\u00fd oporn\u00fd m\u00far, ktor\u00fd bude vyrovn\u00e1vat&#8216; v\u00fd\u0161kov\u00fd rozdiel medzi terasou na pr\u00edzem\u00edm a p\u00f4vodnym ter\u00e9nom st\u00fapaj\u00facim smerom na sever.<\/p>\n<div>Na ju\u017enej strane pred rodinn\u00fdm domom je navrhnut\u00e1 spevnen\u00e1 plocha, ktor\u00e1 bude sl\u00fa\u017ei\u0165 na pr\u00edjazd k domu a na odstavenie osobn\u00fdch \u00e1ut.<\/div>\n<div>Navrhnut\u00e9 s\u00fa pr\u00edpojky in\u017einierskych siet\u00ed: elektrick\u00e1 NN pripojka, pr\u00edpojka vody, odvedenie spla\u0161kovej kanaliz\u00e1cie do navrhovanej \u017eumpy, odvedenie da\u017e\u010fovej kanaliz\u00e1cie do akumula\u010dnej n\u00e1doby.<\/div>\n<div>Obec Horn\u00e1 Micin\u00e1, zast\u00fapen\u00e1 podl&#8217;a \u00a7 13 ods. 4 p\u00edsm. c) z\u00e1kona \u010d. 369\/1990 Zb. o obecnom zriaden\u00ed v platnom znen\u00ed, starostom obce Ivanom Len\u00e1rom, ako vecne a miestne pr\u00edslu\u0161n\u00fd stavebn\u00fd \u00farad podl&#8217;a \u00a7117 z\u00e1kona \u010d. 50\/1976 Zb. o \u00fazemnom pl\u00e1novan\u00ed a stavebnom poriadku (stavebn\u00fd z\u00e1kon), v s\u00falade s \u00a736, \u00a739a a \u00a761 stavebn\u00e9ho z\u00e1kona a pod\u013ea \u00a718 z\u00e1kona \u010d. 71\/1967 Zb. o spr\u00e1vnom konan\u00ed<\/div>\n<div><\/div>\n<div style=\"text-align: center;\"><strong>oznamuje<\/strong><\/div>\n<div style=\"text-align: center;\"><strong>za\u010datie stavebn\u00e9ho konania v spojenom \u00fazemnom a stavebnom konan\u00ed<\/strong><\/div>\n<div><\/div>\n<div>zn\u00e1mym \u00facastnikom konania a dotknut\u00fdm org\u00e1nom \u0160t\u00e1tnej a verejnej spr\u00e1vy a nako\u013eko rozsah \u017eiadosti poskytuje dostato\u010dn\u00fd podklad pre spr\u00e1vne pos\u00fadenie navrhovanej stavby a stavebn\u00e9mu \u00faradu s\u00fa dobre zn\u00e1me miestne pomery, stavebn\u00fd \u00farad podl&#8217;a \u00a736 ods. 2 a \u00a761 ods. 2 stavebn\u00e9ho z\u00e1kona<\/div>\n<div style=\"text-align: center;\"><strong>up\u00fa\u0161\u0165a<\/strong><\/div>\n<div style=\"text-align: center;\"><strong>od \u00fastneho pojedn\u00e1vania a miestneho zist&#8217;ovania.<\/strong><\/div>\n<div><\/div>\n<div>\u00da\u010dastn\u00edci konania m\u00f4\u017eu svoje n\u00e1mietky, pripomienky a stanovisk\u00e1 ku \u017eiadosti uplatnit&#8216; do 7 pracovn\u00fdch dn\u00ed odo d\u0148a doru\u010denia tohto ozn\u00e1menia, inak sa na ne v zmysle \u00a736 ods. 2 a \u00a761 ods. 3 stavebn\u00e9ho z\u00e1kona neprihliadne.<\/div>\n<div><\/div>\n<div>Dotknut\u00e9 org\u00e1ny \u0160t\u00e1tnej a verejnej spr\u00e1vy ozn\u00e1mia svoje stanovisk\u00e1 v rovnakej lehote, v ktorej m\u00f4\u017eu uplatnit svoje n\u00e1mietky \u00fa\u010dastn\u00edci konania, inak v zmysle \u00a761 ods. 6 stavebn\u00e9ho z\u00e1kona sa m\u00e1 za to, \u017ee so stavbou z h\u013eadiska nimi sledovan\u00fdch z\u00e1ujmov s\u00fahlasia a \u017ee ich<\/div>\n<div>stanovisko k predmetnej stavbe je kladn\u00e9. Ak niektor\u00fd z org\u00e1nov potrebuje na riadne pos\u00fadenie n\u00e1vrhu dlh\u0161\u00ed \u010das, stavebn\u00fd \u00farad na jeho p\u00edsomn\u00fa \u017diados\u0165, ur\u010den\u00fa lehotu pred jej uplynut\u00edm primerane pred\u013a\u017ei.<\/div>\n<div><\/div>\n<div>Do podkladov konania mo\u017eno nahliadnut&#8216; na Obecnom \u00farade Horn\u00e1 Mi\u010din\u00e1, vo vopred dohodnutom term\u00edne na tel. \u010d.: 0902 419 419. Vybavuje: Ing. Vl\u010dek \/ mail: <a href=\"mailto:hrochot.stavebnyurad@gmail.com\" target=\"_blank\" rel=\"noopener\">hrochot.stavebnyurad@gmail.com<\/a><wbr \/>.<\/div>\n<div><\/div>\n<div>Ak sa niektory z \u00fa\u010dastn\u00edkov nech\u00e1 zastupova\u0165, predlo\u017e\u00ed jeho z\u00e1stupca p\u00edsomn\u00fa pln\u00fa moc.<\/div>\n<div><\/div>\n<div><\/div>\n<p>&nbsp;<\/p>\n","protected":false},"excerpt":{"rendered":"Obec Horn\u00e1 Micin\u00e1, \u010d\u00edslo: Oc\u00da 176\/2022 VEREJN\u00c1 VYHL\u00c1\u0160KA Horn\u00e1 Micin\u00e1 20.09.2022 OZN\u00c1MENIE o [&hellip;]","protected":false},"author":1,"featured_media":390,"comment_status":"closed","ping_status":"open","sticky":false,"template":"","format":"standard","meta":{"advanced_seo_description":"","jetpack_seo_html_title":"","jetpack_seo_noindex":false,"_jetpack_memberships_contains_paid_content":false,"footnotes":""},"categories":[5,32,8],"tags":[],"class_list":["post-3292","post","type-post","status-publish","format-standard","has-post-thumbnail","hentry","category-dolezite","category-uradna-tabula","category-oznamy"],"jetpack_featured_media_url":"https:\/\/i0.wp.com\/www.hornamicina.eu\/web\/wp-content\/uploads\/2017\/07\/uznesenia.jpg?fit=530%2C530&ssl=1","jetpack_sharing_enabled":true,"jetpack_shortlink":"https:\/\/wp.me\/p8RsFw-R6","jetpack-related-posts":[{"id":4952,"url":"https:\/\/www.hornamicina.eu\/web\/verejna-vyhlaska-oznamenie-o-zacati-stavebneho-konania-obalovacka-asfaltovej-zmesi\/","url_meta":{"origin":3292,"position":0},"title":"Verejn\u00e1 vyhl\u00e1\u0161ka &#8211; ozn\u00e1menie o za\u010dat\u00ed stavebn\u00e9ho konania &#8211; Oba\u013eova\u010dka asfaltovej zmesi","author":"admin","date":"6. novembra 2024","format":false,"excerpt":"VEREJN\u00c1 VYHL\u00c1\u0160KA OZN\u00c1MENIE o za\u010dat\u00ed stavebn\u00e9ho konania a\u00a0upusten\u00ed od \u00fastneho pojedn\u00e1vania a\u00a0miestneho zis\u0165ovania Stavebn\u00edk, \u0160peci\u00e1lne zemn\u00e9 stavby SLOVKOREKT, spol. s.r.o., Pod Str\u00e1\u0148ami 4, 031 01 Liptovsk\u00fd Mikul\u00e1\u0161, v\u00a0zast\u00fapen\u00ed WD Slovensko, s.r.o., Ban\u00edcka 5, 969 01 Bansk\u00e1 \u0160tiavnica, podal d\u0148a 28.08.2024 a\u00a0naposledy doplnil d\u0148a 22.10.2024 na Obecn\u00fd \u00farad Horn\u00e1 Mi\u010din\u00e1 \u2013\u2026","rel":"","context":"V &quot;D\u00f4le\u017eit\u00e9&quot;","block_context":{"text":"D\u00f4le\u017eit\u00e9","link":"https:\/\/www.hornamicina.eu\/web\/category\/dolezite\/"},"img":{"alt_text":"Logo obce a dokumenty","src":"https:\/\/i0.wp.com\/www.hornamicina.eu\/web\/wp-content\/uploads\/2017\/07\/uznesenia.jpg?fit=530%2C530&ssl=1&resize=350%2C200","width":350,"height":200,"srcset":"https:\/\/i0.wp.com\/www.hornamicina.eu\/web\/wp-content\/uploads\/2017\/07\/uznesenia.jpg?fit=530%2C530&ssl=1&resize=350%2C200 1x, https:\/\/i0.wp.com\/www.hornamicina.eu\/web\/wp-content\/uploads\/2017\/07\/uznesenia.jpg?fit=530%2C530&ssl=1&resize=525%2C300 1.5x"},"classes":[]},{"id":5481,"url":"https:\/\/www.hornamicina.eu\/web\/verejna-vyhlaska-oznamenie-o-zacati-stavebneho-povolenia-p-prsanec\/","url_meta":{"origin":3292,"position":1},"title":"VEREJN\u00c1 VYHL\u00c1\u0160KA &#8211; Ozn\u00e1menie o za\u010dat\u00ed stavebn\u00e9ho povolenia &#8211; p. Pr\u0161anec","author":"admin","date":"24. septembra 2025","format":false,"excerpt":"VEREJN\u00c1 VYHL\u00c1\u0160KA OZN\u00c1MENIE \u00a0o za\u010dat\u00ed stavebn\u00e9ho povolenia v spojenom \u00fazemnom a stavebnom konan\u00ed a o upusten\u00ed od \u00fastneho pojedn\u00e1vania a miestneho zis\u0165ovania \u00a0 \u00a0Stavebn\u00edci, Ivan Pr\u0161anec, Dru\u017estevn\u00e1 57, 976 32 Bad\u00edn a\u00a0Jana Pr\u0161ancov\u00e1, Do tr\u00e1vnika 6, 976 37 Hrocho\u0165, podali na Obec Horn\u00e1 Mi\u010din\u00e1 \u2013 stavebn\u00fd \u00farad \u017eiados\u0165 o\u00a0stavebn\u00e9 povolenie\u2026","rel":"","context":"V &quot;D\u00f4le\u017eit\u00e9&quot;","block_context":{"text":"D\u00f4le\u017eit\u00e9","link":"https:\/\/www.hornamicina.eu\/web\/category\/dolezite\/"},"img":{"alt_text":"Logo obce a dokumenty","src":"https:\/\/i0.wp.com\/www.hornamicina.eu\/web\/wp-content\/uploads\/2017\/07\/uznesenia.jpg?fit=530%2C530&ssl=1&resize=350%2C200","width":350,"height":200,"srcset":"https:\/\/i0.wp.com\/www.hornamicina.eu\/web\/wp-content\/uploads\/2017\/07\/uznesenia.jpg?fit=530%2C530&ssl=1&resize=350%2C200 1x, https:\/\/i0.wp.com\/www.hornamicina.eu\/web\/wp-content\/uploads\/2017\/07\/uznesenia.jpg?fit=530%2C530&ssl=1&resize=525%2C300 1.5x"},"classes":[]},{"id":2912,"url":"https:\/\/www.hornamicina.eu\/web\/verejna-vyhlaska-pristavba-k-rd-p-misurec\/","url_meta":{"origin":3292,"position":2},"title":"Verejn\u00e1 vyhl\u00e1\u0161ka &#8211; Pr\u00edstavba k RD &#8211; p. Misurec","author":"admin","date":"28. janu\u00e1ra 2022","format":false,"excerpt":"Verejn\u00e1 vyhl\u00e1\u0161ka Ozn\u00e1menie o za\u010dat\u00ed konania v zl\u00fa\u010denom \u00fazemnom a stavebnom konan\u00ed a o upusten\u00ed od \u00fastneho pojedn\u00e1vania a miestneho zis\u0165ovania Stavebn\u00edk, Filip Mi\u0161urec, Horn\u00e1 Mi\u010din\u00e1 250 splnomocnenec GEOMAD s. r. o., Vlkanovsk\u00e1 23\/3, Vlkanov\u00e1 I\u010cO: 47418397 v zast\u00fapen\u00ed Mgr. Petrom Skva\u0161\u00edkom, Bagarova 5, Bansk\u00e1 Bystrica, ktor\u00fd podal d\u0148a 13.12.2021\u2026","rel":"","context":"V &quot;Elektronick\u00e1 \u00faradn\u00e1 tabu\u013ea&quot;","block_context":{"text":"Elektronick\u00e1 \u00faradn\u00e1 tabu\u013ea","link":"https:\/\/www.hornamicina.eu\/web\/category\/uradna-tabula\/"},"img":{"alt_text":"Logo obce a dokumenty","src":"https:\/\/i0.wp.com\/www.hornamicina.eu\/web\/wp-content\/uploads\/2017\/07\/uznesenia.jpg?fit=530%2C530&ssl=1&resize=350%2C200","width":350,"height":200,"srcset":"https:\/\/i0.wp.com\/www.hornamicina.eu\/web\/wp-content\/uploads\/2017\/07\/uznesenia.jpg?fit=530%2C530&ssl=1&resize=350%2C200 1x, https:\/\/i0.wp.com\/www.hornamicina.eu\/web\/wp-content\/uploads\/2017\/07\/uznesenia.jpg?fit=530%2C530&ssl=1&resize=525%2C300 1.5x"},"classes":[]},{"id":4046,"url":"https:\/\/www.hornamicina.eu\/web\/verejna-vyhlaska-oznamenie-o-zacati-uzemneho-konania-kabe\/","url_meta":{"origin":3292,"position":3},"title":"Verejn\u00e1 vyhl\u00e1\u0161ka &#8211; Ozn\u00e1menie o za\u010dat\u00ed \u00fazemn\u00e9ho konania &#8211; KABE","author":"admin","date":"18. decembra 2023","format":false,"excerpt":"VEREJN\u00c1 VYHL\u00c1\u0160KA \u00a0OZN\u00c1MENIE o za\u010dat\u00ed \u00fazemn\u00e9ho konania o vyu\u017e\u00edvania \u00fazemia a o nariaden\u00ed \u00fastneho pojedn\u00e1vania a miestneho zis\u0165ovania \u00a0 Spolo\u010dnos\u0165 KABE, spol. s.r.o., Mi\u010dinsk\u00e1 cesta 78, 974 01 Bansk\u00e1 Bystrica podala d\u0148a 02.11.2023 na Obec Horn\u00e1 Mi\u010din\u00e1 - stavebn\u00fd \u00farad n\u00e1vrh na vydanie \u00fazemn\u00e9ho rozhodnutia o vyu\u017e\u00edvan\u00ed \u00fazemia \u201ePl\u00e1n vyu\u017e\u00edvania\u2026","rel":"","context":"V &quot;D\u00f4le\u017eit\u00e9&quot;","block_context":{"text":"D\u00f4le\u017eit\u00e9","link":"https:\/\/www.hornamicina.eu\/web\/category\/dolezite\/"},"img":{"alt_text":"Logo obce a dokumenty","src":"https:\/\/i0.wp.com\/www.hornamicina.eu\/web\/wp-content\/uploads\/2017\/07\/uznesenia.jpg?fit=530%2C530&ssl=1&resize=350%2C200","width":350,"height":200,"srcset":"https:\/\/i0.wp.com\/www.hornamicina.eu\/web\/wp-content\/uploads\/2017\/07\/uznesenia.jpg?fit=530%2C530&ssl=1&resize=350%2C200 1x, https:\/\/i0.wp.com\/www.hornamicina.eu\/web\/wp-content\/uploads\/2017\/07\/uznesenia.jpg?fit=530%2C530&ssl=1&resize=525%2C300 1.5x"},"classes":[]},{"id":4132,"url":"https:\/\/www.hornamicina.eu\/web\/verejne-vyhlaska-oznamenie-o-zacati-konania-o-zmene-stavby-p-findo\/","url_meta":{"origin":3292,"position":4},"title":"Verejn\u00e9 vyhl\u00e1\u0161ka &#8211; OZN\u00c1MENIE  o\u00a0za\u010dat\u00ed konania o\u00a0zmene stavby. p. Fin\u010fo","author":"admin","date":"16. febru\u00e1ra 2024","format":false,"excerpt":"VEREJN\u00c1 VYHL\u00c1\u0160KA OZN\u00c1MENIE o\u00a0za\u010dat\u00ed konania o\u00a0zmene stavby pred jej dokon\u010den\u00edm a\u00a0upusten\u00ed od \u00fastneho pojedn\u00e1vania a\u00a0miestneho zis\u0165ovania \u00a0 Stavebn\u00edk, Daniel Fin\u010fo, bytom Lazovn\u00e1 1487\/56, 974 01 Bansk\u00e1 Bystrica, v\u00a0zast\u00fapen\u00ed BABELA group, s.r.o., Horn\u00e1 61A, 974 01 Bansk\u00e1 Bystrica podal d\u0148a 11.12.2023 a\u00a0naposledy doplnil d\u0148a 12.02.2024 na Obecn\u00fd \u00farad Horn\u00e1 Mi\u010din\u00e1 \u2013\u2026","rel":"","context":"V &quot;D\u00f4le\u017eit\u00e9&quot;","block_context":{"text":"D\u00f4le\u017eit\u00e9","link":"https:\/\/www.hornamicina.eu\/web\/category\/dolezite\/"},"img":{"alt_text":"Logo obce a dokumenty","src":"https:\/\/i0.wp.com\/www.hornamicina.eu\/web\/wp-content\/uploads\/2017\/07\/uznesenia.jpg?fit=530%2C530&ssl=1&resize=350%2C200","width":350,"height":200,"srcset":"https:\/\/i0.wp.com\/www.hornamicina.eu\/web\/wp-content\/uploads\/2017\/07\/uznesenia.jpg?fit=530%2C530&ssl=1&resize=350%2C200 1x, https:\/\/i0.wp.com\/www.hornamicina.eu\/web\/wp-content\/uploads\/2017\/07\/uznesenia.jpg?fit=530%2C530&ssl=1&resize=525%2C300 1.5x"},"classes":[]},{"id":5392,"url":"https:\/\/www.hornamicina.eu\/web\/verejna-vyhlaska-oznamenie-zacatie-konania-o-dodatocnom-povoleni-stavby-p-saktorova\/","url_meta":{"origin":3292,"position":5},"title":"Verejn\u00e1 vyhl\u00e1\u0161ka &#8211; ozn\u00e1menie &#8211; za\u010datie konania o dodato\u010dnom povolen\u00ed stavby, p. Saktorov\u00e1","author":"admin","date":"8. augusta 2025","format":false,"excerpt":"\u010c\u00edslo: OC\u00daHM-S2025\/00076\/ozn. Horn\u00e1 Mi\u010din\u00e1 07.08.2025 Vybavuje: Ing. Vl\u010dek \/ 0902 419\u00a0419 \u00a0 VEREJN\u00c1 VYHL\u00c1\u0160KA \u00a0 OZN\u00c1MENIE \u00a0 o\u00a0za\u010dat\u00ed konania o\u00a0dodato\u010dnom povolen\u00ed stavby s\u00a0mo\u017enos\u0165ou jej trval\u00e9ho u\u017e\u00edvania a\u00a0o\u00a0nariaden\u00ed \u00fastneho pojedn\u00e1vania a\u00a0miestneho zis\u0165ovania \u00a0 \u00a0\u00a0Stavebn\u00ed\u010dka, Anna Saktorov\u00e1, 974 01 Horn\u00e1 Mi\u010din\u00e1 177 podala d\u0148a 26.03.2025 na Obec Horn\u00e1 Mi\u010din\u00e1 \u2013 stavebn\u00fd \u00farad\u2026","rel":"","context":"V &quot;Elektronick\u00e1 \u00faradn\u00e1 tabu\u013ea&quot;","block_context":{"text":"Elektronick\u00e1 \u00faradn\u00e1 tabu\u013ea","link":"https:\/\/www.hornamicina.eu\/web\/category\/uradna-tabula\/"},"img":{"alt_text":"Logo obce a dokumenty","src":"https:\/\/i0.wp.com\/www.hornamicina.eu\/web\/wp-content\/uploads\/2017\/07\/uznesenia.jpg?fit=530%2C530&ssl=1&resize=350%2C200","width":350,"height":200,"srcset":"https:\/\/i0.wp.com\/www.hornamicina.eu\/web\/wp-content\/uploads\/2017\/07\/uznesenia.jpg?fit=530%2C530&ssl=1&resize=350%2C200 1x, https:\/\/i0.wp.com\/www.hornamicina.eu\/web\/wp-content\/uploads\/2017\/07\/uznesenia.jpg?fit=530%2C530&ssl=1&resize=525%2C300 1.5x"},"classes":[]}],"jetpack_likes_enabled":true,"_links":{"self":[{"href":"https:\/\/www.hornamicina.eu\/web\/wp-json\/wp\/v2\/posts\/3292","targetHints":{"allow":["GET"]}}],"collection":[{"href":"https:\/\/www.hornamicina.eu\/web\/wp-json\/wp\/v2\/posts"}],"about":[{"href":"https:\/\/www.hornamicina.eu\/web\/wp-json\/wp\/v2\/types\/post"}],"author":[{"embeddable":true,"href":"https:\/\/www.hornamicina.eu\/web\/wp-json\/wp\/v2\/users\/1"}],"replies":[{"embeddable":true,"href":"https:\/\/www.hornamicina.eu\/web\/wp-json\/wp\/v2\/comments?post=3292"}],"version-history":[{"count":0,"href":"https:\/\/www.hornamicina.eu\/web\/wp-json\/wp\/v2\/posts\/3292\/revisions"}],"wp:featuredmedia":[{"embeddable":true,"href":"https:\/\/www.hornamicina.eu\/web\/wp-json\/wp\/v2\/media\/390"}],"wp:attachment":[{"href":"https:\/\/www.hornamicina.eu\/web\/wp-json\/wp\/v2\/media?parent=3292"}],"wp:term":[{"taxonomy":"category","embeddable":true,"href":"https:\/\/www.hornamicina.eu\/web\/wp-json\/wp\/v2\/categories?post=3292"},{"taxonomy":"post_tag","embeddable":true,"href":"https:\/\/www.hornamicina.eu\/web\/wp-json\/wp\/v2\/tags?post=3292"}],"curies":[{"name":"wp","href":"https:\/\/api.w.org\/{rel}","templated":true}]}}