{"id":329,"date":"2017-06-30T16:20:27","date_gmt":"2017-06-30T14:20:27","guid":{"rendered":"http:\/\/www.hornamicina.eu\/web\/?p=329"},"modified":"2017-06-30T19:30:48","modified_gmt":"2017-06-30T17:30:48","slug":"volby-do-vuc-informacie","status":"publish","type":"post","link":"https:\/\/www.hornamicina.eu\/web\/volby-do-vuc-informacie\/","title":{"rendered":"Vo\u013eby do V\u00daC 2017 &#8211; inform\u00e1cie pre voli\u010da"},"content":{"rendered":"<ol>\n<li><strong>D\u00e1tum a \u010das konania volieb<\/strong><br \/>\nVo\u013eby do org\u00e1nov samospr\u00e1vnych krajov sa konaj\u00fa<br \/>\nv sobotu 4. novembra 2017 od 7:00 do 22:00 h.<\/li>\n<li><strong>Pr\u00e1vo voli\u0165<\/strong><br \/>\nPr\u00e1vo voli\u0165 do org\u00e1nov samospr\u00e1vnych krajov m\u00e1 ob\u010dan Slovenskej republiky a cudzinec,<br \/>\nktor\u00fd m\u00e1 trval\u00fd pobyt v obci, ktor\u00e1 patr\u00ed do \u00fazemia samospr\u00e1vneho kraja, alebo m\u00e1 trval\u00fd pobyt<br \/>\nvo vojenskom obvode, ktor\u00fd patr\u00ed na \u00fa\u010dely volieb do org\u00e1nov samospr\u00e1vneho kraja do jeho \u00fazemia (\u010falej len \u201eobyvate\u013e samospr\u00e1vneho kraja\u201c) a najnesk\u00f4r v de\u0148 konania volieb dov\u0155\u0161i 18 rokov veku.<br \/>\nPrek\u00e1\u017ekou pr\u00e1va voli\u0165 je<\/p>\n<ul>\n<li>z\u00e1konom ustanoven\u00e9 obmedzenie osobnej slobody z d\u00f4vodov ochrany verejn\u00e9ho zdravia,<\/li>\n<li>v\u00fdkon trestu od\u0148atia slobody ulo\u017een\u00fd za sp\u00e1chanie obzvl\u00e1\u0161\u0165 z\u00e1va\u017en\u00e9ho zlo\u010dinu<\/li>\n<\/ul>\n<\/li>\n<li><strong>Pr\u00e1vo by\u0165 volen\u00fd<\/strong><br \/>\nZa poslanca zastupite\u013estva samospr\u00e1vneho kraja m\u00f4\u017ee by\u0165 zvolen\u00fd obyvate\u013e samospr\u00e1vneho kraja, ktor\u00fd m\u00e1 trval\u00fd pobyt v obci alebo vo vojenskom obvode, ktor\u00e9 patria do \u00fazemia volebn\u00e9ho obvodu, v ktorom kandiduje, a najnesk\u00f4r v de\u0148 volieb dov\u0155\u0161i 18 rokov veku.<br \/>\nZa predsedu samospr\u00e1vneho kraja m\u00f4\u017ee by\u0165 zvolen\u00fd obyvate\u013e samospr\u00e1vneho kraja, ktor\u00fd najnesk\u00f4r v de\u0148 konania volieb dov\u0155\u0161i 25 rokov veku.<br \/>\nPrek\u00e1\u017ekou pr\u00e1va by\u0165 volen\u00fd je<\/p>\n<ul>\n<li>v\u00fdkon trestu od\u0148atia slobody,<\/li>\n<li>pr\u00e1voplatn\u00e9 ods\u00fadenie za \u00famyseln\u00fd trestn\u00fd \u010din, ak ods\u00fadenie nebolo zahladen\u00e9,<\/li>\n<li>pozbavenie sp\u00f4sobilosti na pr\u00e1vne \u00fakony.<\/li>\n<\/ul>\n<\/li>\n<li><strong>Sp\u00f4sob hlasovania<\/strong><br \/>\nVoli\u010d m\u00f4\u017ee voli\u0165 len v obci svojho trval\u00e9ho pobytu vo volebnom okrsku, v ktor\u00e9ho zozname voli\u010dov je zap\u00edsan\u00fd.<br \/>\nVoli\u010d je povinn\u00fd po pr\u00edchode do volebnej miestnosti preuk\u00e1za\u0165 okrskovej volebnej komisii svoju<br \/>\ntoto\u017enos\u0165 predlo\u017een\u00edm ob\u010dianskeho preukazu alebo dokladu o pobyte pre cudzinca.<br \/>\nPotom okrskov\u00e1 volebn\u00e1 komisia zakr\u00fa\u017ekuje poradov\u00e9 \u010d\u00edslo voli\u010da v zozname voli\u010dov a vyd\u00e1 voli\u010dovi dva hlasovacie l\u00edstky &#8211; hlasovac\u00ed l\u00edstok pre vo\u013eby do zastupite\u013estva a hlasovac\u00ed l\u00edstok pre vo\u013eby predsedu samospr\u00e1vneho kraja a pr\u00e1zdnu ob\u00e1lku opatren\u00fa odtla\u010dkom \u00faradnej pe\u010diatky obce (mesta alebo mestskej \u010dasti). <strong>Prevzatie hlasovac\u00edch l\u00edstkov a ob\u00e1lky potvrd\u00ed voli\u010d v zozname voli\u010dov vlastnoru\u010dn\u00fdm\u00a0<\/strong><strong>podpisom.<\/strong><br \/>\nKa\u017ed\u00fd voli\u010d sa mus\u00ed pred hlasovan\u00edm odobra\u0165 do osobitn\u00e9ho priestoru ur\u010den\u00e9ho na \u00fapravu hlasovac\u00edch l\u00edstkov. Voli\u010dovi, ktor\u00fd nevst\u00fapi do osobitn\u00e9ho priestoru ur\u010den\u00e9ho na \u00fapravu hlasovac\u00edch l\u00edstkov,\u00a0okrskov\u00e1 volebn\u00e1 komisia hlasovanie neumo\u017en\u00ed.<br \/>\n<strong>Na hlasovacom l\u00edstku pre vo\u013eby do zastupite\u013estva m\u00f4\u017ee voli\u010d zakr\u00fa\u017ekova\u0165 najviac to\u013eko\u00a0<\/strong><strong>poradov\u00fdch \u010d\u00edsiel kandid\u00e1tov, ko\u013eko poslancov m\u00e1 by\u0165 v pr\u00edslu\u0161nom volebnom obvode zvolen\u00fdch.\u00a0<\/strong>(Po\u010det poslancov, ktor\u00fd sa vol\u00ed vo volebnom obvode je uveden\u00fd na hlasovacom l\u00edstku.)<br \/>\n<strong>Na hlasovacom l\u00edstku pre vo\u013eby predsedu m\u00f4\u017ee voli\u010d zakr\u00fa\u017ekova\u0165 poradov\u00e9 \u010d\u00edslo len jedn\u00e9ho\u00a0<\/strong><strong>kandid\u00e1ta.<\/strong><br \/>\nV osobitnom priestore ur\u010denom na \u00fapravu hlasovac\u00edch l\u00edstkov vlo\u017e\u00ed voli\u010d do ob\u00e1lky jeden hlasovac\u00ed l\u00edstok pre vo\u013eby do zastupite\u013estva a jeden hlasovac\u00ed l\u00edstok pre vo\u013eby predsedu samospr\u00e1vneho kraja.<br \/>\nVoli\u010d hlasuje tak, \u017ee po opusten\u00ed osobitn\u00e9ho priestoru ur\u010den\u00e9ho na \u00fapravu hlasovac\u00edch l\u00edstkov vlo\u017e\u00ed ob\u00e1lku do volebnej schr\u00e1nky.<br \/>\nNa po\u017eiadanie voli\u010da mu okrskov\u00e1 volebn\u00e1 komisia vyd\u00e1 za nespr\u00e1vne upraven\u00e9 hlasovacie l\u00edstky in\u00e9. Nespr\u00e1vne upraven\u00e9 hlasovacie l\u00edstky vlo\u017e\u00ed voli\u010d do schr\u00e1nky na odlo\u017eenie nepou\u017eit\u00fdch alebo nespr\u00e1vne upraven\u00fdch hlasovac\u00edch l\u00edstkov.<br \/>\nVoli\u010d, ktor\u00fd nem\u00f4\u017ee s\u00e1m upravi\u0165 hlasovac\u00ed l\u00edstok pre zdravotn\u00e9 postihnutie alebo preto, \u017ee nem\u00f4\u017ee \u010d\u00edta\u0165 alebo p\u00edsa\u0165 a ozn\u00e1mi pred hlasovan\u00edm t\u00fato skuto\u010dnos\u0165 okrskovej volebnej komisii, m\u00e1 pr\u00e1vo vzia\u0165 so sebou do priestoru ur\u010den\u00e9ho na \u00fapravu hlasovac\u00edch l\u00edstkov in\u00fa sp\u00f4sobil\u00fa osobu, aby pod\u013ea jeho pokynov a z\u00e1kona upravila hlasovac\u00ed l\u00edstok a vlo\u017eila do ob\u00e1lky. Obidve osoby pred vstupom do osobitn\u00e9ho priestoru na \u00fapravu hlasovac\u00edch l\u00edstkov \u010dlen okrskovej volebnej komisie pou\u010d\u00ed o sp\u00f4sobe hlasovania a o skutkovej podstate trestn\u00e9ho \u010dinu marenia pr\u00edpravy a priebehu volieb. \u010clenovia okrskovej volebnej komisie nesm\u00fa voli\u010dom upravova\u0165 hlasovacie l\u00edstky.<br \/>\nVoli\u010d, ktor\u00fd nem\u00f4\u017ee pre zdravotn\u00e9 postihnutie s\u00e1m vlo\u017ei\u0165 ob\u00e1lku do volebnej schr\u00e1nky, m\u00f4\u017ee<br \/>\npo\u017eiada\u0165, aby ob\u00e1lku do volebnej schr\u00e1nky v jeho pr\u00edtomnosti vlo\u017eila in\u00e1 osoba, nie v\u0161ak \u010dlen okrskovej volebnej komisie.<br \/>\nVoli\u010d, ktor\u00fd sa nem\u00f4\u017ee dostavi\u0165 do volebnej miestnosti zo z\u00e1va\u017en\u00fdch, najm\u00e4 zdravotn\u00fdch d\u00f4vodov, m\u00e1 pr\u00e1vo po\u017eiada\u0165 obec a v de\u0148 konania volieb okrskov\u00fa volebn\u00fa komisiu o vykonanie hlasovania do prenosnej volebnej schr\u00e1nky, a to len v \u00fazemnom obvode volebn\u00e9ho okrsku, pre ktor\u00fd bola okrskov\u00e1 volebn\u00e1 komisia zriaden\u00e1.<br \/>\n<strong>Voli\u010d je povinn\u00fd odlo\u017ei\u0165 nepou\u017eit\u00e9 alebo nespr\u00e1vne upraven\u00e9 hlasovacie l\u00edstky do zape\u010datenej\u00a0<\/strong><strong>schr\u00e1nky na odlo\u017eenie nepou\u017eit\u00fdch alebo nespr\u00e1vne upraven\u00fdch hlasovac\u00edch l\u00edstkov, inak sa dopust\u00ed\u00a0<\/strong><strong>priestupku, za ktor\u00fd mu bude ulo\u017een\u00e1 pokuta 33 eur.<\/strong><\/li>\n<\/ol>\n<p>&nbsp;<\/p>\n<p><a href=\"http:\/\/www.hornamicina.eu\/web\/wp-content\/uploads\/2017\/06\/Rozhodnutie-o-vyhl\u00e1sen\u00ed-voleb-do-V\u00daC-2017.pdf\" class=\"mtli_attachment mtli_pdf\">Rozhodnutie o vyhl\u00e1sen\u00ed volieb do V\u00daC 2017<\/a><\/p>\n","protected":false},"excerpt":{"rendered":"D\u00e1tum a \u010das konania volieb Vo\u013eby do org\u00e1nov samospr\u00e1vnych krajov sa konaj\u00fa v [&hellip;]","protected":false},"author":1,"featured_media":336,"comment_status":"closed","ping_status":"open","sticky":false,"template":"","format":"aside","meta":{"advanced_seo_description":"","jetpack_seo_html_title":"","jetpack_seo_noindex":false,"_jetpack_memberships_contains_paid_content":false,"footnotes":""},"categories":[8],"tags":[13,22,21,23,24],"class_list":["post-329","post","type-post","status-publish","format-aside","has-post-thumbnail","hentry","category-oznamy","tag-13","tag-informacie","tag-volby","tag-volic","tag-vuc","post_format-post-format-aside"],"jetpack_featured_media_url":"https:\/\/i0.wp.com\/www.hornamicina.eu\/web\/wp-content\/uploads\/2017\/06\/vuc-volby.jpg?fit=530%2C530&ssl=1","jetpack_sharing_enabled":true,"jetpack_shortlink":"https:\/\/wp.me\/p8RsFw-5j","jetpack-related-posts":[{"id":3131,"url":"https:\/\/www.hornamicina.eu\/web\/2022-volby-do-organov-samospravy-obci-a-samospravnych-krajov-informacie\/","url_meta":{"origin":329,"position":0},"title":"2022 &#8211; Vo\u013eby do org\u00e1nov samospr\u00e1vy obc\u00ed a samospr\u00e1vnych krajov &#8211; inform\u00e1cie","author":"admin","date":"20. j\u00fana 2022","format":false,"excerpt":"Vo\u013eby do org\u00e1nov samospr\u00e1vy obc\u00ed Inform\u00e1cia o podmienkach pr\u00e1va voli\u0165 a pr\u00e1va by\u0165 volen\u00fd \u00a0 Vo\u013eby do org\u00e1nov samospr\u00e1vy obc\u00ed sa konaj\u00fa v sobotu 29. okt\u00f3bra 2022 od 7:00 do 20:00 h. \u00a0 Pr\u00e1vo voli\u0165 do org\u00e1nov samospr\u00e1vy obc\u00ed Pr\u00e1vo voli\u0165 do org\u00e1nov samospr\u00e1vy obc\u00ed m\u00e1 ob\u010dan Slovenskej republiky a\u2026","rel":"","context":"V &quot;D\u00f4le\u017eit\u00e9&quot;","block_context":{"text":"D\u00f4le\u017eit\u00e9","link":"https:\/\/www.hornamicina.eu\/web\/category\/dolezite\/"},"img":{"alt_text":"","src":"https:\/\/i0.wp.com\/www.hornamicina.eu\/web\/wp-content\/uploads\/2018\/07\/volby2022.jpg?fit=530%2C530&ssl=1&resize=350%2C200","width":350,"height":200,"srcset":"https:\/\/i0.wp.com\/www.hornamicina.eu\/web\/wp-content\/uploads\/2018\/07\/volby2022.jpg?fit=530%2C530&ssl=1&resize=350%2C200 1x, https:\/\/i0.wp.com\/www.hornamicina.eu\/web\/wp-content\/uploads\/2018\/07\/volby2022.jpg?fit=530%2C530&ssl=1&resize=525%2C300 1.5x"},"classes":[]},{"id":4102,"url":"https:\/\/www.hornamicina.eu\/web\/prezidentske-volby-2024-informacie-pre-volica\/","url_meta":{"origin":329,"position":1},"title":"Vo\u013eby do Eur\u00f3pskeho parlamentu 2024 &#8211; inform\u00e1cie pre voli\u010da","author":"admin","date":"12. febru\u00e1ra 2024","format":false,"excerpt":"EN - Information for the voter Vo\u013eby do Eur\u00f3pskeho parlamentu na \u00fazem\u00ed Slovenskej republiky Inform\u00e1cie pre voli\u010da I D\u00e1tum a \u010das konania volieb Vo\u013eby do Eur\u00f3pskeho parlamentu na \u00fazem\u00ed Slovenskej republiky sa konaj\u00fa v sobotu 8. 6. 2024 od 7:00 do 22:00 h. II Pr\u00e1vo voli\u0165 Pr\u00e1vo voli\u0165 do Eur\u00f3pskeho\u2026","rel":"","context":"V &quot;D\u00f4le\u017eit\u00e9&quot;","block_context":{"text":"D\u00f4le\u017eit\u00e9","link":"https:\/\/www.hornamicina.eu\/web\/category\/dolezite\/"},"img":{"alt_text":"","src":"https:\/\/i0.wp.com\/www.hornamicina.eu\/web\/wp-content\/uploads\/2019\/03\/euvote.jpg?fit=640%2C419&ssl=1&resize=350%2C200","width":350,"height":200,"srcset":"https:\/\/i0.wp.com\/www.hornamicina.eu\/web\/wp-content\/uploads\/2019\/03\/euvote.jpg?fit=640%2C419&ssl=1&resize=350%2C200 1x, https:\/\/i0.wp.com\/www.hornamicina.eu\/web\/wp-content\/uploads\/2019\/03\/euvote.jpg?fit=640%2C419&ssl=1&resize=525%2C300 1.5x"},"classes":[]},{"id":892,"url":"https:\/\/www.hornamicina.eu\/web\/volby-mesto-obec-2018-informacie\/","url_meta":{"origin":329,"position":2},"title":"Vo\u013eby do org\u00e1nov samospr\u00e1vy obc\u00ed 2018 &#8211; inform\u00e1cie pre voli\u010da","author":"admin","date":"11. j\u00fala 2018","format":"aside","excerpt":"Vo\u013eby do org\u00e1nov samospr\u00e1vy obc\u00ed Inform\u00e1cie pre voli\u010da I D\u00e1tum a\u00a0\u010das konania volieb Vo\u013eby do org\u00e1nov samospr\u00e1vy obc\u00ed sa konaj\u00fa v\u00a0sobotu 10. novembra 2018 od 7:00 do 22:00 h. II Pr\u00e1vo voli\u0165 Pr\u00e1vo voli\u0165 do org\u00e1nov samospr\u00e1vy obc\u00ed m\u00e1 obyvate\u013e obce, ktor\u00fd m\u00e1 trval\u00fd pobyt v\u00a0obci a najnesk\u00f4r v\u00a0de\u0148 konania\u2026","rel":"","context":"V &quot;D\u00f4le\u017eit\u00e9&quot;","block_context":{"text":"D\u00f4le\u017eit\u00e9","link":"https:\/\/www.hornamicina.eu\/web\/category\/dolezite\/"},"img":{"alt_text":"","src":"https:\/\/i0.wp.com\/www.hornamicina.eu\/web\/wp-content\/uploads\/2018\/07\/volby2022.jpg?fit=530%2C530&ssl=1&resize=350%2C200","width":350,"height":200,"srcset":"https:\/\/i0.wp.com\/www.hornamicina.eu\/web\/wp-content\/uploads\/2018\/07\/volby2022.jpg?fit=530%2C530&ssl=1&resize=350%2C200 1x, https:\/\/i0.wp.com\/www.hornamicina.eu\/web\/wp-content\/uploads\/2018\/07\/volby2022.jpg?fit=530%2C530&ssl=1&resize=525%2C300 1.5x"},"classes":[]},{"id":1182,"url":"https:\/\/www.hornamicina.eu\/web\/volby-mesto-obec-2018-informacie-2\/","url_meta":{"origin":329,"position":3},"title":"Vo\u013eby prezidenta Slovenskej republiky &#8211; inform\u00e1cie pre voli\u010da","author":"admin","date":"14. janu\u00e1ra 2019","format":"aside","excerpt":"Vo\u013eby prezidenta Slovenskej republiky sa konaj\u00fa v sobotu 16.3.2019 od 7:00 do 22:00 h. Ak v prvom kole volieb ani jeden z kandid\u00e1tov na prezidenta Slovenskej republiky nez\u00edska nadpolovi\u010dn\u00fa v\u00e4\u010d\u0161inu platn\u00fdch hlasov voli\u010dov, bude sa druh\u00e9 kolo volieb kona\u0165 v sobotu 30.3.2019 od 7:00 do 22:00 h. Pr\u00e1vo voli\u0165 m\u00e1\u2026","rel":"","context":"V &quot;Oznamy&quot;","block_context":{"text":"Oznamy","link":"https:\/\/www.hornamicina.eu\/web\/category\/oznamy\/"},"img":{"alt_text":"","src":"https:\/\/i0.wp.com\/www.hornamicina.eu\/web\/wp-content\/uploads\/2019\/01\/volbyPrezidenta.jpg?fit=530%2C530&ssl=1&resize=350%2C200","width":350,"height":200,"srcset":"https:\/\/i0.wp.com\/www.hornamicina.eu\/web\/wp-content\/uploads\/2019\/01\/volbyPrezidenta.jpg?fit=530%2C530&ssl=1&resize=350%2C200 1x, https:\/\/i0.wp.com\/www.hornamicina.eu\/web\/wp-content\/uploads\/2019\/01\/volbyPrezidenta.jpg?fit=530%2C530&ssl=1&resize=525%2C300 1.5x"},"classes":[]},{"id":4070,"url":"https:\/\/www.hornamicina.eu\/web\/volby-prezidenta-sr-2024-info-volic\/","url_meta":{"origin":329,"position":4},"title":"Vo\u013eby prezidenta SR &#8211; 2024 &#8211; Inform\u00e1cie pre voli\u010da","author":"admin","date":"10. janu\u00e1ra 2024","format":false,"excerpt":"Vo\u013eby prezidenta Slovenskej republiky Inform\u00e1cie pre voli\u010da \u00a0 I D\u00e1tum a \u010das konania volieb Vo\u013eby prezidenta Slovenskej republiky sa konaj\u00fa v sobotu 23. 3. 2024 od 7:00 do 22:00 h. Ak v prvom kole volieb ani jeden z kandid\u00e1tov na prezidenta Slovenskej republiky nez\u00edska nadpolovi\u010dn\u00fa v\u00e4\u010d\u0161inu platn\u00fdch hlasov voli\u010dov, bude\u2026","rel":"","context":"V &quot;D\u00f4le\u017eit\u00e9&quot;","block_context":{"text":"D\u00f4le\u017eit\u00e9","link":"https:\/\/www.hornamicina.eu\/web\/category\/dolezite\/"},"img":{"alt_text":"","src":"https:\/\/i0.wp.com\/www.hornamicina.eu\/web\/wp-content\/uploads\/2019\/01\/volbyPrezidenta.jpg?fit=530%2C530&ssl=1&resize=350%2C200","width":350,"height":200,"srcset":"https:\/\/i0.wp.com\/www.hornamicina.eu\/web\/wp-content\/uploads\/2019\/01\/volbyPrezidenta.jpg?fit=530%2C530&ssl=1&resize=350%2C200 1x, https:\/\/i0.wp.com\/www.hornamicina.eu\/web\/wp-content\/uploads\/2019\/01\/volbyPrezidenta.jpg?fit=530%2C530&ssl=1&resize=525%2C300 1.5x"},"classes":[]},{"id":5749,"url":"https:\/\/www.hornamicina.eu\/web\/referendum-2026-informacia-o-podmienkach-prava-hlasovat-v-referende\/","url_meta":{"origin":329,"position":5},"title":"REFERENDUM 2026: Inform\u00e1cia o podmienkach pr\u00e1va hlasova\u0165 v referende","author":"admin","date":"23. apr\u00edla 2026","format":false,"excerpt":"I D\u00e1tum a \u010das konania referenda Referendum sa kon\u00e1 v sobotu 4. 7. 2026 od 7:00 do 22:00 h. II Pr\u00e1vo voli\u0165 Pr\u00e1vo hlasova\u0165 v referende m\u00e1 ob\u010dan Slovenskej republiky, ktor\u00fd m\u00e1 pr\u00e1vo voli\u0165 do N\u00e1rodnej rady Slovenskej republiky, t.j. ktor\u00fd najnesk\u00f4r v de\u0148 konania referenda dov\u0155\u0161i 18 rokov veku.\u2026","rel":"","context":"V &quot;D\u00f4le\u017eit\u00e9&quot;","block_context":{"text":"D\u00f4le\u017eit\u00e9","link":"https:\/\/www.hornamicina.eu\/web\/category\/dolezite\/"},"img":{"alt_text":"","src":"https:\/\/i0.wp.com\/www.hornamicina.eu\/web\/wp-content\/uploads\/2026\/04\/referendum.webp?fit=1200%2C800&ssl=1&resize=350%2C200","width":350,"height":200,"srcset":"https:\/\/i0.wp.com\/www.hornamicina.eu\/web\/wp-content\/uploads\/2026\/04\/referendum.webp?fit=1200%2C800&ssl=1&resize=350%2C200 1x, https:\/\/i0.wp.com\/www.hornamicina.eu\/web\/wp-content\/uploads\/2026\/04\/referendum.webp?fit=1200%2C800&ssl=1&resize=525%2C300 1.5x, https:\/\/i0.wp.com\/www.hornamicina.eu\/web\/wp-content\/uploads\/2026\/04\/referendum.webp?fit=1200%2C800&ssl=1&resize=700%2C400 2x, https:\/\/i0.wp.com\/www.hornamicina.eu\/web\/wp-content\/uploads\/2026\/04\/referendum.webp?fit=1200%2C800&ssl=1&resize=1050%2C600 3x"},"classes":[]}],"jetpack_likes_enabled":true,"_links":{"self":[{"href":"https:\/\/www.hornamicina.eu\/web\/wp-json\/wp\/v2\/posts\/329","targetHints":{"allow":["GET"]}}],"collection":[{"href":"https:\/\/www.hornamicina.eu\/web\/wp-json\/wp\/v2\/posts"}],"about":[{"href":"https:\/\/www.hornamicina.eu\/web\/wp-json\/wp\/v2\/types\/post"}],"author":[{"embeddable":true,"href":"https:\/\/www.hornamicina.eu\/web\/wp-json\/wp\/v2\/users\/1"}],"replies":[{"embeddable":true,"href":"https:\/\/www.hornamicina.eu\/web\/wp-json\/wp\/v2\/comments?post=329"}],"version-history":[{"count":0,"href":"https:\/\/www.hornamicina.eu\/web\/wp-json\/wp\/v2\/posts\/329\/revisions"}],"wp:featuredmedia":[{"embeddable":true,"href":"https:\/\/www.hornamicina.eu\/web\/wp-json\/wp\/v2\/media\/336"}],"wp:attachment":[{"href":"https:\/\/www.hornamicina.eu\/web\/wp-json\/wp\/v2\/media?parent=329"}],"wp:term":[{"taxonomy":"category","embeddable":true,"href":"https:\/\/www.hornamicina.eu\/web\/wp-json\/wp\/v2\/categories?post=329"},{"taxonomy":"post_tag","embeddable":true,"href":"https:\/\/www.hornamicina.eu\/web\/wp-json\/wp\/v2\/tags?post=329"}],"curies":[{"name":"wp","href":"https:\/\/api.w.org\/{rel}","templated":true}]}}