{"id":2948,"date":"2022-03-25T12:50:27","date_gmt":"2022-03-25T11:50:27","guid":{"rendered":"https:\/\/www.hornamicina.eu\/web\/?p=2948"},"modified":"2024-09-26T08:41:07","modified_gmt":"2024-09-26T06:41:07","slug":"pozvanka-zas-2022-03-30-2","status":"publish","type":"post","link":"https:\/\/www.hornamicina.eu\/web\/pozvanka-zas-2022-03-30-2\/","title":{"rendered":"Pozv\u00e1nka na zasadnutie OZ Hornej Mi\u010dinej &#8211; marec 2022"},"content":{"rendered":"<blockquote>\n<p style=\"text-align: center;\">D\u0148a <span style=\"font-size: 14pt;\"><em><strong><span style=\"font-size: 18pt;\">30<\/span><\/strong><\/em><\/span><span style=\"font-size: 14pt;\"><em><strong><span style=\"font-size: 18pt;\">.3.2022 \/streda\/<\/span>\u00a0 o 18:00 hod.<\/strong><br \/>\n<\/em><\/span><\/p>\n<\/blockquote>\n<p style=\"text-align: center;\"><span style=\"font-size: 14pt;\"><em>sa uskuto\u010dn\u00ed zasadnutie obecn\u00e9ho zastupite\u013estva Hornej Mi\u010dinej v zasada\u010dke obecn\u00e9ho \u00faradu.<\/em><\/span><\/p>\n<p style=\"font-weight: 400; text-align: left;\"><strong>Program:<\/strong><\/p>\n<ol>\n<li style=\"list-style-type: none;\">\n<ol style=\"font-weight: 400;\">\n<li>Otvorenie<\/li>\n<li>Program obecn\u00e9ho zastupite\u013estva<\/li>\n<li>Vo\u013eba n\u00e1vrhovej komisie, overovate\u013eov z\u00e1pisnice a\u00a0zapisovate\u013ea<\/li>\n<li>Zmluva o zriaden\u00ed spolo\u010dn\u00e9ho obecn\u00e9ho \u00faradu (stavebn\u00e9ho ) pod\u013ea \u00a720a z\u00e1kona \u010d.369\/1990 Zb.Z\u00e1kona SNR o ob.zriaden\u00ed<\/li>\n<li>Pl\u00e1n \u010dinnosti hlavnej kontrol\u00f3rky obce na 1.polrok 2022 a d\u00f4vodov\u00e1 spr\u00e1va hlavnej kontrol\u00f3rky obce<\/li>\n<li>Zmluva o zriaden\u00ed vecn\u00e9ho bremena (pr\u00e1vo prechodu )na par.\u010d.208\/1, v\u00fdmera 2144m2,veden\u00e1 na LV \u010d.195- obec H.Mi\u010din\u00e1, pre f.XAMER s.r o., pr\u00e1vo prechodu na par.\u010d. E KN-216\/2, o v\u00fdmere 112m2,LV \u010d.1063<\/li>\n<li>\u017diados\u0165 o vydanie s\u00fahlasu na ulo\u017eenie in\u017e.siet\u00ed (voda ) na pozemku par.\u010d. E 225\/7 vo vlastn.obce k parcele \u010d.E-85,vo vlastn\u00edctve p.Bizo\u0148a<\/li>\n<li>\u017diados\u0165 o odk\u00fapenie \u010dasti ob.pozemku o v\u00fdmere 30m2 na parcele \u010d.E-225\/7 vo vlastn\u00edctve obce, z d\u00f4vodu lep\u0161ieho pr\u00edstupu na parcelu \u010d. E-76 vo vlastn\u00edctve p.Bizo\u0148<\/li>\n<li>\u017diados\u0165 o odk\u00fapenie obecnej parcely \u010d. C-40\/3 veden\u00e1 na LV \u010d.195 o\u00a0v\u00fdmere 22m2 vo vlastn\u00edctve obce pre p.Martinec Pavel ml. \u010d.d.59<\/li>\n<li>R\u00f4zne<\/li>\n<li>Diskusia<\/li>\n<li>N\u00e1vrh uznesen\u00ed<\/li>\n<li>Z\u00e1ver<\/li>\n<\/ol>\n<\/li>\n<\/ol>\n<p>Ivan Len\u00e1r v.r.<br \/>\nstarosta obce<\/p>\n","protected":false},"excerpt":{"rendered":"D\u0148a 30.3.2022 \/streda\/\u00a0 o 18:00 hod. sa uskuto\u010dn\u00ed zasadnutie obecn\u00e9ho zastupite\u013estva Hornej Mi\u010dinej [&hellip;]","protected":false},"author":1,"featured_media":503,"comment_status":"closed","ping_status":"open","sticky":false,"template":"","format":"standard","meta":{"advanced_seo_description":"","jetpack_seo_html_title":"","jetpack_seo_noindex":false,"_jetpack_memberships_contains_paid_content":false,"footnotes":""},"categories":[30],"tags":[290,143,140,284,142,141],"class_list":["post-2948","post","type-post","status-publish","format-standard","has-post-thumbnail","hentry","category-zastupitelstvo","tag-290","tag-poslanci","tag-pozvanka","tag-zasadacka","tag-zasadnutie","tag-zastupitelstvo"],"jetpack_featured_media_url":"https:\/\/i0.wp.com\/www.hornamicina.eu\/web\/wp-content\/uploads\/2017\/07\/zastupitelstvo.jpg?fit=530%2C375&ssl=1","jetpack_sharing_enabled":true,"jetpack_shortlink":"https:\/\/wp.me\/p8RsFw-Ly","jetpack-related-posts":[{"id":1721,"url":"https:\/\/www.hornamicina.eu\/web\/pozvanka-zas-2019-12-13\/","url_meta":{"origin":2948,"position":0},"title":"Pozv\u00e1nka na zasadnutie OZ Hornej Mi\u010dinej","author":"admin","date":"9. decembra 2019","format":false,"excerpt":"D\u0148a 13.12.2019 \/piatok\/\u00a0 o 18:30 hod. sa uskuto\u010dn\u00ed zasadnutie obecn\u00e9ho zastupite\u013estva Hornej Mi\u010dinej v zasada\u010dke obecn\u00e9ho \u00faradu. \u00a0 Program: Otvorenie Program obecn\u00e9ho zastupite\u013estva Vo\u013eba n\u00e1vrhovej komisie, overovate\u013eov z\u00e1pisnice a\u00a0zapisovate\u013ea Odborn\u00e9 stanovisko hlavnej kontrol\u00f3rky k\u00a0rozpo\u010dtu obce na rok 2020 N\u00e1vrh finan\u010dn\u00e9ho rozpo\u010dtu na rok 2020 a\u00a0n\u00e1vrh na roky 2021 a 2022\u2026","rel":"","context":"V &quot;Oznamy&quot;","block_context":{"text":"Oznamy","link":"https:\/\/www.hornamicina.eu\/web\/category\/oznamy\/"},"img":{"alt_text":"","src":"https:\/\/i0.wp.com\/www.hornamicina.eu\/web\/wp-content\/uploads\/2017\/07\/zastupitelstvo.jpg?fit=530%2C375&ssl=1&resize=350%2C200","width":350,"height":200,"srcset":"https:\/\/i0.wp.com\/www.hornamicina.eu\/web\/wp-content\/uploads\/2017\/07\/zastupitelstvo.jpg?fit=530%2C375&ssl=1&resize=350%2C200 1x, https:\/\/i0.wp.com\/www.hornamicina.eu\/web\/wp-content\/uploads\/2017\/07\/zastupitelstvo.jpg?fit=530%2C375&ssl=1&resize=525%2C300 1.5x"},"classes":[]},{"id":2918,"url":"https:\/\/www.hornamicina.eu\/web\/pozvanka-zas-2022-01-03\/","url_meta":{"origin":2948,"position":1},"title":"Pozv\u00e1nka na zasadnutie OZ Hornej Mi\u010dinej &#8211; janu\u00e1r 2022","author":"admin","date":"3. janu\u00e1ra 2022","format":false,"excerpt":"D\u0148a 14.12.2020\/pondelok\/\u00a0 o 18:00 hod. sa uskuto\u010dn\u00ed zasadnutie obecn\u00e9ho zastupite\u013estva Hornej Mi\u010dinej v zasada\u010dke obecn\u00e9ho \u00faradu. Mo\u017en\u00e1 \u00fa\u010das\u0165 ob\u010danov len s platn\u00fdm certifik\u00e1tom alebo PCR testom a za dodr\u017eania pr\u00edsnych protiepidemiologick\u00fdch opatren\u00ed. Program: Otvorenie Program obecn\u00e9ho zastupite\u013estva Vo\u013eba n\u00e1vrhovej komisie, overovate\u013eov z\u00e1pisnice a\u00a0zapisovate\u013ea Spr\u00e1va hlavnej kontrol\u00f3rky o\u00a0v\u00fdsledkoch kontrolnej \u010dinnosti Odborn\u00e9\u2026","rel":"","context":"V &quot;Zastupite\u013estvo&quot;","block_context":{"text":"Zastupite\u013estvo","link":"https:\/\/www.hornamicina.eu\/web\/category\/zastupitelstvo\/"},"img":{"alt_text":"","src":"https:\/\/i0.wp.com\/www.hornamicina.eu\/web\/wp-content\/uploads\/2017\/07\/zastupitelstvo.jpg?fit=530%2C375&ssl=1&resize=350%2C200","width":350,"height":200,"srcset":"https:\/\/i0.wp.com\/www.hornamicina.eu\/web\/wp-content\/uploads\/2017\/07\/zastupitelstvo.jpg?fit=530%2C375&ssl=1&resize=350%2C200 1x, https:\/\/i0.wp.com\/www.hornamicina.eu\/web\/wp-content\/uploads\/2017\/07\/zastupitelstvo.jpg?fit=530%2C375&ssl=1&resize=525%2C300 1.5x"},"classes":[]},{"id":3145,"url":"https:\/\/www.hornamicina.eu\/web\/pozvanka-zas-2022-06-29\/","url_meta":{"origin":2948,"position":2},"title":"Pozv\u00e1nka na zasadnutie OZ Hornej Mi\u010dinej &#8211; j\u00fan 2022","author":"admin","date":"23. j\u00fana 2022","format":false,"excerpt":"D\u0148a 14.12.2020\/pondelok\/\u00a0 o 18:00 hod. sa uskuto\u010dn\u00ed zasadnutie obecn\u00e9ho zastupite\u013estva Hornej Mi\u010dinej v zasada\u010dke obecn\u00e9ho \u00faradu. Mo\u017en\u00e1 \u00fa\u010das\u0165 ob\u010danov len s platn\u00fdm certifik\u00e1tom alebo PCR testom a za dodr\u017eania pr\u00edsnych protiepidemiologick\u00fdch opatren\u00ed. Program: Otvorenie Program obecn\u00e9ho zastupite\u013estva Vo\u013eba n\u00e1vrhovej komisie, overovate\u013eov z\u00e1pisnice a\u00a0zapisovate\u013ea Spr\u00e1va hlavnej kontrol\u00f3rky o\u00a0v\u00fdsledkoch kontrolnej \u010dinnosti Odborn\u00e9\u2026","rel":"","context":"V &quot;Zastupite\u013estvo&quot;","block_context":{"text":"Zastupite\u013estvo","link":"https:\/\/www.hornamicina.eu\/web\/category\/zastupitelstvo\/"},"img":{"alt_text":"","src":"https:\/\/i0.wp.com\/www.hornamicina.eu\/web\/wp-content\/uploads\/2017\/07\/zastupitelstvo.jpg?fit=530%2C375&ssl=1&resize=350%2C200","width":350,"height":200,"srcset":"https:\/\/i0.wp.com\/www.hornamicina.eu\/web\/wp-content\/uploads\/2017\/07\/zastupitelstvo.jpg?fit=530%2C375&ssl=1&resize=350%2C200 1x, https:\/\/i0.wp.com\/www.hornamicina.eu\/web\/wp-content\/uploads\/2017\/07\/zastupitelstvo.jpg?fit=530%2C375&ssl=1&resize=525%2C300 1.5x"},"classes":[]},{"id":2658,"url":"https:\/\/www.hornamicina.eu\/web\/pozvanka-zas-2021-10\/","url_meta":{"origin":2948,"position":3},"title":"Pozv\u00e1nka na zasadnutie OZ Hornej Mi\u010dinej &#8211; okt\u00f3ber 2021","author":"admin","date":"11. okt\u00f3bra 2021","format":false,"excerpt":"D\u0148a 14.12.2020\/pondelok\/\u00a0 o 18:00 hod. sa uskuto\u010dn\u00ed zasadnutie obecn\u00e9ho zastupite\u013estva Hornej Mi\u010dinej v zasada\u010dke obecn\u00e9ho \u00faradu. Mo\u017en\u00e1 \u00fa\u010das\u0165 ob\u010danov len s platn\u00fdm certifik\u00e1tom alebo PCR testom a za dodr\u017eania pr\u00edsnych protiepidemiologick\u00fdch opatren\u00ed. Program: Otvorenie Program obecn\u00e9ho zastupite\u013estva Vo\u013eba n\u00e1vrhovej komisie, overovate\u013eov z\u00e1pisnice a\u00a0zapisovate\u013ea Spr\u00e1va hlavnej kontrol\u00f3rky o\u00a0v\u00fdsledkoch kontrolnej \u010dinnosti Odborn\u00e9\u2026","rel":"","context":"V &quot;Zastupite\u013estvo&quot;","block_context":{"text":"Zastupite\u013estvo","link":"https:\/\/www.hornamicina.eu\/web\/category\/zastupitelstvo\/"},"img":{"alt_text":"","src":"https:\/\/i0.wp.com\/www.hornamicina.eu\/web\/wp-content\/uploads\/2017\/07\/zastupitelstvo.jpg?fit=530%2C375&ssl=1&resize=350%2C200","width":350,"height":200,"srcset":"https:\/\/i0.wp.com\/www.hornamicina.eu\/web\/wp-content\/uploads\/2017\/07\/zastupitelstvo.jpg?fit=530%2C375&ssl=1&resize=350%2C200 1x, https:\/\/i0.wp.com\/www.hornamicina.eu\/web\/wp-content\/uploads\/2017\/07\/zastupitelstvo.jpg?fit=530%2C375&ssl=1&resize=525%2C300 1.5x"},"classes":[]},{"id":2829,"url":"https:\/\/www.hornamicina.eu\/web\/pozvanka-zas-2021-12-1\/","url_meta":{"origin":2948,"position":4},"title":"Pozv\u00e1nka na zasadnutie OZ Hornej Mi\u010dinej &#8211; december 2021","author":"admin","date":"9. decembra 2021","format":false,"excerpt":"D\u0148a 14.12.2020\/pondelok\/\u00a0 o 18:00 hod. sa uskuto\u010dn\u00ed zasadnutie obecn\u00e9ho zastupite\u013estva Hornej Mi\u010dinej v zasada\u010dke obecn\u00e9ho \u00faradu. Mo\u017en\u00e1 \u00fa\u010das\u0165 ob\u010danov len s platn\u00fdm certifik\u00e1tom alebo PCR testom a za dodr\u017eania pr\u00edsnych protiepidemiologick\u00fdch opatren\u00ed. Program: Otvorenie Program obecn\u00e9ho zastupite\u013estva Vo\u013eba n\u00e1vrhovej komisie, overovate\u013eov z\u00e1pisnice a\u00a0zapisovate\u013ea Spr\u00e1va hlavnej kontrol\u00f3rky o\u00a0v\u00fdsledkoch kontrolnej \u010dinnosti Odborn\u00e9\u2026","rel":"","context":"V &quot;Zastupite\u013estvo&quot;","block_context":{"text":"Zastupite\u013estvo","link":"https:\/\/www.hornamicina.eu\/web\/category\/zastupitelstvo\/"},"img":{"alt_text":"","src":"https:\/\/i0.wp.com\/www.hornamicina.eu\/web\/wp-content\/uploads\/2017\/07\/zastupitelstvo.jpg?fit=530%2C375&ssl=1&resize=350%2C200","width":350,"height":200,"srcset":"https:\/\/i0.wp.com\/www.hornamicina.eu\/web\/wp-content\/uploads\/2017\/07\/zastupitelstvo.jpg?fit=530%2C375&ssl=1&resize=350%2C200 1x, https:\/\/i0.wp.com\/www.hornamicina.eu\/web\/wp-content\/uploads\/2017\/07\/zastupitelstvo.jpg?fit=530%2C375&ssl=1&resize=525%2C300 1.5x"},"classes":[]},{"id":2544,"url":"https:\/\/www.hornamicina.eu\/web\/pozvanka-zas-2021-06\/","url_meta":{"origin":2948,"position":5},"title":"Pozv\u00e1nka na zasadnutie OZ Hornej Mi\u010dinej &#8211; j\u00fan 2021","author":"admin","date":"24. j\u00fana 2021","format":false,"excerpt":"D\u0148a 14.12.2020\/pondelok\/\u00a0 o 18:00 hod. sa uskuto\u010dn\u00ed zasadnutie obecn\u00e9ho zastupite\u013estva Hornej Mi\u010dinej v zasada\u010dke obecn\u00e9ho \u00faradu. Mo\u017en\u00e1 \u00fa\u010das\u0165 ob\u010danov len s platn\u00fdm certifik\u00e1tom alebo PCR testom a za dodr\u017eania pr\u00edsnych protiepidemiologick\u00fdch opatren\u00ed. Program: Otvorenie Program obecn\u00e9ho zastupite\u013estva Vo\u013eba n\u00e1vrhovej komisie, overovate\u013eov z\u00e1pisnice a\u00a0zapisovate\u013ea Spr\u00e1va hlavnej kontrol\u00f3rky o\u00a0v\u00fdsledkoch kontrolnej \u010dinnosti Odborn\u00e9\u2026","rel":"","context":"V &quot;Zastupite\u013estvo&quot;","block_context":{"text":"Zastupite\u013estvo","link":"https:\/\/www.hornamicina.eu\/web\/category\/zastupitelstvo\/"},"img":{"alt_text":"","src":"https:\/\/i0.wp.com\/www.hornamicina.eu\/web\/wp-content\/uploads\/2017\/07\/zastupitelstvo.jpg?fit=530%2C375&ssl=1&resize=350%2C200","width":350,"height":200,"srcset":"https:\/\/i0.wp.com\/www.hornamicina.eu\/web\/wp-content\/uploads\/2017\/07\/zastupitelstvo.jpg?fit=530%2C375&ssl=1&resize=350%2C200 1x, https:\/\/i0.wp.com\/www.hornamicina.eu\/web\/wp-content\/uploads\/2017\/07\/zastupitelstvo.jpg?fit=530%2C375&ssl=1&resize=525%2C300 1.5x"},"classes":[]}],"jetpack_likes_enabled":true,"_links":{"self":[{"href":"https:\/\/www.hornamicina.eu\/web\/wp-json\/wp\/v2\/posts\/2948","targetHints":{"allow":["GET"]}}],"collection":[{"href":"https:\/\/www.hornamicina.eu\/web\/wp-json\/wp\/v2\/posts"}],"about":[{"href":"https:\/\/www.hornamicina.eu\/web\/wp-json\/wp\/v2\/types\/post"}],"author":[{"embeddable":true,"href":"https:\/\/www.hornamicina.eu\/web\/wp-json\/wp\/v2\/users\/1"}],"replies":[{"embeddable":true,"href":"https:\/\/www.hornamicina.eu\/web\/wp-json\/wp\/v2\/comments?post=2948"}],"version-history":[{"count":0,"href":"https:\/\/www.hornamicina.eu\/web\/wp-json\/wp\/v2\/posts\/2948\/revisions"}],"wp:featuredmedia":[{"embeddable":true,"href":"https:\/\/www.hornamicina.eu\/web\/wp-json\/wp\/v2\/media\/503"}],"wp:attachment":[{"href":"https:\/\/www.hornamicina.eu\/web\/wp-json\/wp\/v2\/media?parent=2948"}],"wp:term":[{"taxonomy":"category","embeddable":true,"href":"https:\/\/www.hornamicina.eu\/web\/wp-json\/wp\/v2\/categories?post=2948"},{"taxonomy":"post_tag","embeddable":true,"href":"https:\/\/www.hornamicina.eu\/web\/wp-json\/wp\/v2\/tags?post=2948"}],"curies":[{"name":"wp","href":"https:\/\/api.w.org\/{rel}","templated":true}]}}