{"id":2793,"date":"2021-12-04T08:07:11","date_gmt":"2021-12-04T07:07:11","guid":{"rendered":"https:\/\/www.hornamicina.eu\/web\/?p=2793"},"modified":"2021-12-02T19:08:26","modified_gmt":"2021-12-02T18:08:26","slug":"zverejnenie-zameru-predat-majetok-obce-p-komora","status":"publish","type":"post","link":"https:\/\/www.hornamicina.eu\/web\/zverejnenie-zameru-predat-majetok-obce-p-komora\/","title":{"rendered":"Zverejnenie z\u00e1meru preda\u0165 majetok obce &#8211; p. Komora"},"content":{"rendered":"<p style=\"font-weight: 400; text-align: center;\"><strong>ZVEREJNENIE Z\u00c1MERU<\/strong><\/p>\n<p style=\"font-weight: 400; text-align: center;\"><strong>\u00a0<\/strong><\/p>\n<p style=\"text-align: center;\"><strong>preda\u0165 ni\u017e\u0161ie identifikovan\u00fd majetok Obce Horn\u00e1 Mi\u010din\u00e1 z<\/strong>\u00a0<strong>d\u00f4vodu hodn\u00e9ho osobitn\u00e9ho zrete\u013ea<\/strong><\/p>\n<p style=\"font-weight: 400;\"><strong>\u00a0<\/strong><\/p>\n<p style=\"font-weight: 400;\">Obec Horn\u00e1 Mi\u010din\u00e1 v\u00a0s\u00falade s ustanoveniami \u00a79 ods. 2 p\u00edsm. a) a \u00a7 9a ods. 8 p\u00edsm. e) z\u00e1kona \u010d. 138\/1991 Zb. o\u00a0majetku obc\u00ed v\u00a0znen\u00ed neskor\u0161\u00edch predpisov, t\u00fdmto zverej\u0148uje z\u00e1mer preda\u0165 predmetn\u00fd pozemok z\u00a0d\u00f4vodu hodn\u00e9ho osobitn\u00e9ho zrete\u013ea do vlastn\u00edctva \u017diadate\u013ea.<\/p>\n<p style=\"font-weight: 400;\"><strong><u>Predmetn\u00fd pozemok je<\/u><\/strong>,:<\/p>\n<ol>\n<li style=\"font-weight: 400;\">novovytvoren\u00fd pozemok, pod\u013ea geometrick\u00e9ho pl\u00e1nu \u010d. 43707661-23\/21 zo d\u0148a 21.06.2021 vyhotoven\u00e9ho vyhotovite\u013eom: Bc. \u013dudov\u00edt Ill\u00e9s \u2013 Geopl\u00e1n, I\u010cO: 43\u00a0707 661, Trieda SNP 75, Bansk\u00e1 Bystrica, SR, ktor\u00fd bol \u00faradne overen\u00fd Okresn\u00fdm \u00faradom Bansk\u00e1 Bystrica, katastr\u00e1lnym odborom d\u0148a 9.7.2021 pod \u010d\u00edslom 61-674\/2021(\u010falej aj len ako \u201eGeometrick\u00fd pl\u00e1n\u201c),\u00a0<strong>parc. \u010d KNC 497\/4<\/strong>\u00a0s\u00a0v\u00fdmerou 30 m<sup>2<\/sup>, druh pozemku: zastavan\u00e1 plocha a\u00a0n\u00e1dvorie, obec: Horn\u00e1 Mi\u010din\u00e1 , okres Bansk\u00e1 Bystrica, kat. \u00faz. Horn\u00e1 Mi\u010din\u00e1,\u00a0ktor\u00fd bol vytvoren\u00fd oddelen\u00edm:<\/li>\n<\/ol>\n<ul>\n<li style=\"font-weight: 400;\">ako diel \u010d. 1, od pozemku parc. \u010d. EKN 225\/1\u00a0s\u00a0v\u00fdmerou 2540\u00a0 m<sup>2\u00a0<\/sup>(nov\u00e1 v\u00fdmera 2510 m<sup>2<\/sup>), druh pozemku: ostatn\u00e1 plocha, obec: Horn\u00e1 Mi\u010din\u00e1 , okres Bansk\u00e1 Bystrica, kat. \u00faz. Horn\u00e1 Mi\u010din\u00e1,\u00a0ktor\u00fd je zap\u00edsan\u00fd na liste vlastn\u00edctva \u010d. 417 vedenom Okresn\u00fdm \u00faradom\u00a0Bansk\u00e1 Bystrica, katastr\u00e1lnym odborom,<\/li>\n<\/ul>\n<p style=\"font-weight: 400;\">\u00a0\u00a0\u00a0\u00a0\u00a0\u00a0\u00a0\u00a0\u00a0\u00a0\u00a0\u00a0\u00a0\u00a0\u00a0\u00a0\u00a0\u00a0\u00a0\u00a0\u00a0\u00a0\u00a0\u00a0\u00a0\u00a0\u00a0\u00a0\u00a0\u00a0\u00a0\u00a0\u00a0\u00a0\u00a0\u00a0\u00a0\u00a0\u00a0\u00a0\u00a0\u00a0\u00a0\u00a0\u00a0\u00a0\u00a0\u00a0\u00a0\u00a0\u00a0\u00a0\u00a0\u00a0\u00a0\u00a0\u00a0\u00a0\u00a0\u00a0\u00a0\u00a0\u00a0\u00a0\u00a0\u00a0\u00a0\u00a0\u00a0\u00a0\u00a0(\u010falej aj len ako \u201e<strong>Predmetn\u00fd pozemok<\/strong>\u201c).<\/p>\n<p style=\"font-weight: 400;\"><strong><u>\u017diadate\u013eovi:<\/u><\/strong><\/p>\n<p style=\"font-weight: 400;\"><strong>\u00a0<\/strong><\/p>\n<p style=\"font-weight: 400;\">Meno a priezvisko :<strong>\u00a0\u00a0\u00a0\u00a0\u00a0\u00a0\u00a0\u00a0\u00a0\u00a0\u00a0\u00a0\u00a0\u00a0\u00a0\u00a0<\/strong>Igor Komora<\/p>\n<p style=\"font-weight: 400;\">Trvale bytom:\u00a0\u00a0\u00a0\u00a0\u00a0\u00a0\u00a0\u00a0\u00a0\u00a0\u00a0\u00a0\u00a0\u00a0\u00a0\u00a0\u00a0\u00a0\u00a0\u00a0\u00a0\u00a0\u00a0\u00a0\u00a0Horn\u00e1 Mi\u010din\u00e1 215, 974 01 Bansk\u00e1 Bystrica<\/p>\n<p style=\"font-weight: 400;\">do v\u00fdlu\u010dn\u00e9ho vlastn\u00edctva v\u00a0podiele 1\/1 k\u00a0celku.<\/p>\n<p style=\"font-weight: 400;\"><strong>Zd\u00f4vodnenie osobitn\u00e9ho zrete\u013ea:<\/strong><\/p>\n<p style=\"font-weight: 400;\">\u201e<em>Skuto\u010dnos\u0165, \u017ee predmetn\u00fd pozemok, ktor\u00fd je predmetom prevodu je z\u00a0h\u013eadiska geografickej polohy susediacim pozemkom k\u00a0pozemku \u017eiadate\u013ea, ktor\u00fd bude vyu\u017e\u00edvan\u00fd ako vjazd a\u00a0s\u00a0oh\u013eadom na n\u00edzku v\u00fdmeru predmetn\u00e9ho pozemku a\u00a0hospod\u00e1rsku neefekt\u00edvnos\u0165 jeho vyu\u017eitia zo strany obce s\u00a0poukazom na vy\u0161\u0161ie uveden\u00e9, sa Obec Horn\u00e1 Mi\u010din\u00e1 rozhodla o\u00a0predaj predmetn\u00fdch pozemkov \u017eiadate\u013eovi\u201c.<\/em><\/p>\n<p style=\"font-weight: 400;\"><strong>\u00a0<\/strong><\/p>\n<p style=\"font-weight: 400;\">Z\u00e1mer preda\u0165 predmetn\u00fd pozemok obce je zverejnen\u00fd:<\/p>\n<p style=\"font-weight: 400;\">&#8211; na \u00faradnej tabuli obce Horn\u00e1 Mi\u010din\u00e1 d\u0148a 4.10.2021<\/p>\n<p style=\"font-weight: 400;\">&#8211; na webovej str\u00e1nke obce \u00a0Horn\u00e1 Mi\u010din\u00e1 d\u0148a 4.10.2021<\/p>\n<p style=\"font-weight: 400;\"><strong>\u00a0\u00a0\u00a0 \u00a0\u00a0\u00a0\u00a0\u00a0\u00a0\u00a0\u00a0\u00a0Ivan Len\u00e1r<\/strong><\/p>\n<p style=\"font-weight: 400;\">\u00a0 \u00a0<strong style=\"font-weight: 400;\"> \u00a0 Obec Horn\u00e1 Mi\u010din\u00e1 \u00a0<\/strong><\/p>\n","protected":false},"excerpt":{"rendered":"ZVEREJNENIE Z\u00c1MERU \u00a0 preda\u0165 ni\u017e\u0161ie identifikovan\u00fd majetok Obce Horn\u00e1 Mi\u010din\u00e1 z\u00a0d\u00f4vodu hodn\u00e9ho osobitn\u00e9ho [&hellip;]","protected":false},"author":1,"featured_media":390,"comment_status":"closed","ping_status":"open","sticky":false,"template":"","format":"standard","meta":{"advanced_seo_description":"","jetpack_seo_html_title":"","jetpack_seo_noindex":false,"_jetpack_memberships_contains_paid_content":false,"footnotes":""},"categories":[32,8],"tags":[],"class_list":["post-2793","post","type-post","status-publish","format-standard","has-post-thumbnail","hentry","category-uradna-tabula","category-oznamy"],"jetpack_featured_media_url":"https:\/\/i0.wp.com\/www.hornamicina.eu\/web\/wp-content\/uploads\/2017\/07\/uznesenia.jpg?fit=530%2C530&ssl=1","jetpack_sharing_enabled":true,"jetpack_shortlink":"https:\/\/wp.me\/p8RsFw-J3","jetpack-related-posts":[{"id":3290,"url":"https:\/\/www.hornamicina.eu\/web\/zverejnenie-zameru-predat-majetok-obce-xamer-s-r-o\/","url_meta":{"origin":2793,"position":0},"title":"Zverejnenie z\u00e1meru preda\u0165 majetok obce &#8211; XAMER, s.r.o.","author":"admin","date":"2. septembra 2022","format":false,"excerpt":"ZVEREJNENIE Z\u00c1MERU \u00a0 preda\u0165 ni\u017e\u0161ie identifikovan\u00fd majetok Obce Horn\u00e1 Mi\u010din\u00e1 z\u00a0d\u00f4vodu hodn\u00e9ho osobitn\u00e9ho zrete\u013ea \u00a0 Obec Horn\u00e1 Mi\u010din\u00e1 v s\u00falade s ustanoveniami \u00a7 9 ods. 2 p\u00edsm. a) a \u00a7 9a ods. 8 p\u00edsm. e) z\u00e1kona \u010d. 138\/1991 Zb. o majetku obc\u00ed v znen\u00ed neskor\u0161\u00edch predpisov, t\u00fdmto zverej\u0148uje z\u00e1mer preda\u0165\u2026","rel":"","context":"V &quot;Elektronick\u00e1 \u00faradn\u00e1 tabu\u013ea&quot;","block_context":{"text":"Elektronick\u00e1 \u00faradn\u00e1 tabu\u013ea","link":"https:\/\/www.hornamicina.eu\/web\/category\/uradna-tabula\/"},"img":{"alt_text":"Logo obce a dokumenty","src":"https:\/\/i0.wp.com\/www.hornamicina.eu\/web\/wp-content\/uploads\/2017\/07\/uznesenia.jpg?fit=530%2C530&ssl=1&resize=350%2C200","width":350,"height":200,"srcset":"https:\/\/i0.wp.com\/www.hornamicina.eu\/web\/wp-content\/uploads\/2017\/07\/uznesenia.jpg?fit=530%2C530&ssl=1&resize=350%2C200 1x, https:\/\/i0.wp.com\/www.hornamicina.eu\/web\/wp-content\/uploads\/2017\/07\/uznesenia.jpg?fit=530%2C530&ssl=1&resize=525%2C300 1.5x"},"classes":[]},{"id":3113,"url":"https:\/\/www.hornamicina.eu\/web\/zverejnenie-zameru-predat-majetok-obce-p-bizon\/","url_meta":{"origin":2793,"position":1},"title":"Zverejnenie z\u00e1meru preda\u0165 majetok obce &#8211; p. Bizo\u0148","author":"admin","date":"30. m\u00e1ja 2022","format":false,"excerpt":"ZVEREJNENIE Z\u00c1MERU \u00a0 preda\u0165 ni\u017e\u0161ie identifikovan\u00fd majetok Obce Horn\u00e1 Mi\u010din\u00e1 z\u00a0d\u00f4vodu hodn\u00e9ho osobitn\u00e9ho zrete\u013ea \u00a0 Obec Horn\u00e1 Mi\u010din\u00e1 v s\u00falade s ustanoveniami \u00a7 9 ods. 2 p\u00edsm. a) a \u00a7 9a ods. 8 p\u00edsm. e) z\u00e1kona \u010d. 138\/1991 Zb. o majetku obc\u00ed v znen\u00ed neskor\u0161\u00edch predpisov, t\u00fdmto zverej\u0148uje z\u00e1mer preda\u0165\u2026","rel":"","context":"V &quot;Elektronick\u00e1 \u00faradn\u00e1 tabu\u013ea&quot;","block_context":{"text":"Elektronick\u00e1 \u00faradn\u00e1 tabu\u013ea","link":"https:\/\/www.hornamicina.eu\/web\/category\/uradna-tabula\/"},"img":{"alt_text":"Logo obce a dokumenty","src":"https:\/\/i0.wp.com\/www.hornamicina.eu\/web\/wp-content\/uploads\/2017\/07\/uznesenia.jpg?fit=530%2C530&ssl=1&resize=350%2C200","width":350,"height":200,"srcset":"https:\/\/i0.wp.com\/www.hornamicina.eu\/web\/wp-content\/uploads\/2017\/07\/uznesenia.jpg?fit=530%2C530&ssl=1&resize=350%2C200 1x, https:\/\/i0.wp.com\/www.hornamicina.eu\/web\/wp-content\/uploads\/2017\/07\/uznesenia.jpg?fit=530%2C530&ssl=1&resize=525%2C300 1.5x"},"classes":[]},{"id":2807,"url":"https:\/\/www.hornamicina.eu\/web\/zverejnenie-zameru-predat-majetok-obce-p-caban\/","url_meta":{"origin":2793,"position":2},"title":"Zverejnenie z\u00e1meru preda\u0165 majetok obce &#8211; p. Caban","author":"admin","date":"4. decembra 2021","format":false,"excerpt":"ZVEREJNENIE Z\u00c1MERU preda\u0165 ni\u017e\u0161ie identifikovan\u00fd majetok Obce Horn\u00e1 Mi\u010din\u00e1 z\u00a0d\u00f4vodu hodn\u00e9ho osobitn\u00e9ho zrete\u013ea \u00a0 Obec Horn\u00e1 Mi\u010din\u00e1 v\u00a0s\u00falade s ustanoveniami \u00a79 ods. 2 p\u00edsm. a) a \u00a7 9a ods. 8 p\u00edsm. e) z\u00e1kona \u010d. 138\/1991 Zb. o\u00a0majetku obc\u00ed v\u00a0znen\u00ed neskor\u0161\u00edch predpisov, t\u00fdmto zverej\u0148uje z\u00e1mer preda\u0165 predmetn\u00fd pozemok z\u00a0d\u00f4vodu hodn\u00e9ho osobitn\u00e9ho\u2026","rel":"","context":"V &quot;Elektronick\u00e1 \u00faradn\u00e1 tabu\u013ea&quot;","block_context":{"text":"Elektronick\u00e1 \u00faradn\u00e1 tabu\u013ea","link":"https:\/\/www.hornamicina.eu\/web\/category\/uradna-tabula\/"},"img":{"alt_text":"Logo obce a dokumenty","src":"https:\/\/i0.wp.com\/www.hornamicina.eu\/web\/wp-content\/uploads\/2017\/07\/uznesenia.jpg?fit=530%2C530&ssl=1&resize=350%2C200","width":350,"height":200,"srcset":"https:\/\/i0.wp.com\/www.hornamicina.eu\/web\/wp-content\/uploads\/2017\/07\/uznesenia.jpg?fit=530%2C530&ssl=1&resize=350%2C200 1x, https:\/\/i0.wp.com\/www.hornamicina.eu\/web\/wp-content\/uploads\/2017\/07\/uznesenia.jpg?fit=530%2C530&ssl=1&resize=525%2C300 1.5x"},"classes":[]},{"id":2230,"url":"https:\/\/www.hornamicina.eu\/web\/rledvina-2020-oz\/","url_meta":{"origin":2793,"position":3},"title":"Zverejnenie z\u00e1meru preda\u0165 majetok obce z d\u00f4vodu osobitn\u00e9ho zrete\u013ea &#8211; R. Ledvina","author":"admin","date":"27. novembra 2020","format":false,"excerpt":"Zverejnenie z\u00e1meru preda\u0165 ni\u017e\u0161ie identifikovan\u00fd majetok obce Horn\u00e1 Mi\u010din\u00e1 z\u00a0d\u00f4vodu hodn\u00e9ho osobitn\u00e9ho zrete\u013ea. Obec Horn\u00e1 Mi\u010din\u00e1 v\u00a0s\u00falade s ustanoveniami \u00a7 9 ods. 2 p\u00edsm. a) a \u00a7 9a ods. 8 p\u00edsm. e) z\u00e1kona \u010d. 138\/1991 Zb. o\u00a0majetku obc\u00ed v\u00a0znen\u00ed neskor\u0161\u00edch predpisov, t\u00fdmto zverej\u0148uje z\u00e1mer preda\u0165 predmetn\u00fd pozemok k\u00fapnopredajnou zmluvou z\u00a0d\u00f4vodu\u2026","rel":"","context":"V &quot;Elektronick\u00e1 \u00faradn\u00e1 tabu\u013ea&quot;","block_context":{"text":"Elektronick\u00e1 \u00faradn\u00e1 tabu\u013ea","link":"https:\/\/www.hornamicina.eu\/web\/category\/uradna-tabula\/"},"img":{"alt_text":"Logo obce a dokumenty","src":"https:\/\/i0.wp.com\/www.hornamicina.eu\/web\/wp-content\/uploads\/2017\/07\/uznesenia.jpg?fit=530%2C530&ssl=1&resize=350%2C200","width":350,"height":200,"srcset":"https:\/\/i0.wp.com\/www.hornamicina.eu\/web\/wp-content\/uploads\/2017\/07\/uznesenia.jpg?fit=530%2C530&ssl=1&resize=350%2C200 1x, https:\/\/i0.wp.com\/www.hornamicina.eu\/web\/wp-content\/uploads\/2017\/07\/uznesenia.jpg?fit=530%2C530&ssl=1&resize=525%2C300 1.5x"},"classes":[]},{"id":4143,"url":"https:\/\/www.hornamicina.eu\/web\/zamer-predat-majetok-obce-z-dovodu-hodneho-osobitneho-zretela-p-pavel-martinec-p-anna-martincova\/","url_meta":{"origin":2793,"position":4},"title":"Z\u00e1mer preda\u0165 majetok obce z d\u00f4vodu hodn\u00e9ho osobitn\u00e9ho zrete\u013ea &#8211; p. Pavel Martinec, p. Anna Martincov\u00e1","author":"admin","date":"21. febru\u00e1ra 2024","format":false,"excerpt":"Zverejnenie z\u00e1meru preda\u0165 ni\u017e\u0161ie identifikovan\u00fd majetok Obce Horn\u00e1 Mi\u010din\u00e1 z d\u00f4vodu hodn\u00e9ho osobitn\u00e9ho zrete\u013ea. Obec Horn\u00e1 Mi\u010din\u00e1 v s\u00falade s ustanoveniami \u00a79 ods. 2 p\u00edsm. a) a \u00a79a ods. 15 p\u00edsm. f) z\u00e1kona \u010d. 138\/1991 Zb. o majetku obc\u00ed v znen\u00ed ncskor\u0161\u00edch prcdpis0v a Z\u00e1sadami hospod\u00e1renia s majetkom Obce Horn\u00e1\u2026","rel":"","context":"V &quot;D\u00f4le\u017eit\u00e9&quot;","block_context":{"text":"D\u00f4le\u017eit\u00e9","link":"https:\/\/www.hornamicina.eu\/web\/category\/dolezite\/"},"img":{"alt_text":"Logo obce a dokumenty","src":"https:\/\/i0.wp.com\/www.hornamicina.eu\/web\/wp-content\/uploads\/2017\/07\/uznesenia.jpg?fit=530%2C530&ssl=1&resize=350%2C200","width":350,"height":200,"srcset":"https:\/\/i0.wp.com\/www.hornamicina.eu\/web\/wp-content\/uploads\/2017\/07\/uznesenia.jpg?fit=530%2C530&ssl=1&resize=350%2C200 1x, https:\/\/i0.wp.com\/www.hornamicina.eu\/web\/wp-content\/uploads\/2017\/07\/uznesenia.jpg?fit=530%2C530&ssl=1&resize=525%2C300 1.5x"},"classes":[]},{"id":4244,"url":"https:\/\/www.hornamicina.eu\/web\/zverejnenie-zameru-predat-nizsie-identifikovany-majetok-obce-horna-micina-zdovodu-hodneho-osobitneho-zretela-m-marko\/","url_meta":{"origin":2793,"position":5},"title":"Zverejnenie z\u00e1meru preda\u0165 ni\u017e\u0161ie identifikovan\u00fd majetok Obce Horn\u00e1 Mi\u010din\u00e1 zd\u00f4vodu hodn\u00e9ho osobitn\u00e9ho zrete\u013ea &#8211; M. Marko","author":"admin","date":"16. m\u00e1ja 2024","format":false,"excerpt":"Obec Horn\u00e1 Mi\u010din\u00e1 v\u00a0s\u00falade s ustanoveniami \u00a7 9 ods. 2 p\u00edsm. a) a \u00a7 9a ods. 15 p\u00edsm. f) z\u00e1kona \u010d. 138\/1991 Zb. o\u00a0majetku obc\u00ed v\u00a0znen\u00ed neskor\u0161\u00edch predpisov a\u00a0Z\u00e1sadami hospod\u00e1renia s\u00a0majetkom Obce Horn\u00e1 Mi\u010din\u00e1 zo d\u0148a 13.12.2023, t\u00fdmto zverej\u0148uje z\u00e1mer preda\u0165 ni\u017e\u0161ie identifikovan\u00fd majetok Obce Horn\u00e1 Mi\u010din\u00e1 k\u00fapnopredajnou zmluvou z\u00a0d\u00f4vodu\u2026","rel":"","context":"V &quot;D\u00f4le\u017eit\u00e9&quot;","block_context":{"text":"D\u00f4le\u017eit\u00e9","link":"https:\/\/www.hornamicina.eu\/web\/category\/dolezite\/"},"img":{"alt_text":"Logo obce a dokumenty","src":"https:\/\/i0.wp.com\/www.hornamicina.eu\/web\/wp-content\/uploads\/2017\/07\/uznesenia.jpg?fit=530%2C530&ssl=1&resize=350%2C200","width":350,"height":200,"srcset":"https:\/\/i0.wp.com\/www.hornamicina.eu\/web\/wp-content\/uploads\/2017\/07\/uznesenia.jpg?fit=530%2C530&ssl=1&resize=350%2C200 1x, https:\/\/i0.wp.com\/www.hornamicina.eu\/web\/wp-content\/uploads\/2017\/07\/uznesenia.jpg?fit=530%2C530&ssl=1&resize=525%2C300 1.5x"},"classes":[]}],"jetpack_likes_enabled":true,"_links":{"self":[{"href":"https:\/\/www.hornamicina.eu\/web\/wp-json\/wp\/v2\/posts\/2793","targetHints":{"allow":["GET"]}}],"collection":[{"href":"https:\/\/www.hornamicina.eu\/web\/wp-json\/wp\/v2\/posts"}],"about":[{"href":"https:\/\/www.hornamicina.eu\/web\/wp-json\/wp\/v2\/types\/post"}],"author":[{"embeddable":true,"href":"https:\/\/www.hornamicina.eu\/web\/wp-json\/wp\/v2\/users\/1"}],"replies":[{"embeddable":true,"href":"https:\/\/www.hornamicina.eu\/web\/wp-json\/wp\/v2\/comments?post=2793"}],"version-history":[{"count":0,"href":"https:\/\/www.hornamicina.eu\/web\/wp-json\/wp\/v2\/posts\/2793\/revisions"}],"wp:featuredmedia":[{"embeddable":true,"href":"https:\/\/www.hornamicina.eu\/web\/wp-json\/wp\/v2\/media\/390"}],"wp:attachment":[{"href":"https:\/\/www.hornamicina.eu\/web\/wp-json\/wp\/v2\/media?parent=2793"}],"wp:term":[{"taxonomy":"category","embeddable":true,"href":"https:\/\/www.hornamicina.eu\/web\/wp-json\/wp\/v2\/categories?post=2793"},{"taxonomy":"post_tag","embeddable":true,"href":"https:\/\/www.hornamicina.eu\/web\/wp-json\/wp\/v2\/tags?post=2793"}],"curies":[{"name":"wp","href":"https:\/\/api.w.org\/{rel}","templated":true}]}}