{"id":2685,"date":"2021-10-21T20:17:19","date_gmt":"2021-10-21T18:17:19","guid":{"rendered":"https:\/\/www.hornamicina.eu\/web\/?p=2685"},"modified":"2024-09-26T08:41:07","modified_gmt":"2024-09-26T06:41:07","slug":"uznesenia-z-2021-10-14","status":"publish","type":"post","link":"https:\/\/www.hornamicina.eu\/web\/uznesenia-z-2021-10-14\/","title":{"rendered":"Uznesenia zo d\u0148a 14.10.2021"},"content":{"rendered":"<h2 style=\"text-align: center;\">Obecn\u00fd \u00farad Horn\u00e1 Mi\u010din\u00e1 Obecn\u00e9 zastupite\u013estvo<\/h2>\n<h2 style=\"text-align: center;\">UZNESENIA<\/h2>\n<p style=\"text-align: center;\"><strong>zo zasadnutia obecn\u00e9ho zastupite\u013estva (\u010falej len OZ) obce Horn\u00e1 Mi\u010din\u00e1 konan\u00e9ho d\u0148a <\/strong><br \/>\n<strong>14.10.2021<\/strong><\/p>\n<p>&nbsp;<\/p>\n<p style=\"font-weight: 400;\">PR\u00cdTOMN\u00cd POSLANCI: Michal Karkal\u00edk, Richard Kaz\u00edk, Bohu\u0161 Martinec<\/p>\n<p style=\"font-weight: 400;\">NEPR\u00cdTOMN\u00cd POSLANCI: Jana Baranov\u00e1, Jaroslav Pa\u013ea<\/p>\n<p style=\"font-weight: 400;\">\n<p style=\"font-weight: 400;\"><strong>Uznesenie \u010d. 1 \/ zo d\u0148a 14.10.2021<\/strong><\/p>\n<p style=\"font-weight: 400;\"><u>k\u00a0bodu 2. Program obecn\u00e9ho zastupite\u013estva<\/u><\/p>\n<p style=\"font-weight: 400;\">OZ obce Horn\u00e1 Mi\u010din\u00e1<\/p>\n<p style=\"font-weight: 400;\"><strong><em>schva\u013euje<\/em><\/strong><\/p>\n<p style=\"font-weight: 400;\">&#8211;\u00a0\u00a0\u00a0\u00a0\u00a0\u00a0\u00a0\u00a0\u00a0\u00a0Program obecn\u00e9ho zastupite\u013estva<\/p>\n<p style=\"font-weight: 400;\">\n<p style=\"font-weight: 400;\">Hlasovali\u00a0\u00a0\u00a0\u00a0\u00a0\u00a0\u00a0\u00a0\u00a0\u00a0\u00a0\u00a0 za: (3) \u00a0 Michal Karkal\u00edk, Richard Kaz\u00edk, Bohu\u0161 Martinec<\/p>\n<p style=\"font-weight: 400;\">proti: (0)<\/p>\n<p style=\"font-weight: 400;\">zdr\u017eali sa: (0)<\/p>\n<p style=\"font-weight: 400;\">\n<p style=\"font-weight: 400;\">\n<p style=\"font-weight: 400;\"><strong>Uznesenie \u010d. 2 \/ zo d\u0148a 14.10.2021<\/strong><\/p>\n<p style=\"font-weight: 400;\"><u>k\u00a0bodu 3. Vo\u013eba n\u00e1vrhovej komisie, overovate\u013ea z\u00e1pisnice a\u00a0zapisovate\u013ea<\/u><\/p>\n<p style=\"font-weight: 400;\">OZ obce Horn\u00e1 Mi\u010din\u00e1<\/p>\n<p style=\"font-weight: 400;\"><strong><em>ur\u010duje<\/em><\/strong><\/p>\n<p style=\"font-weight: 400;\">&#8211;\u00a0\u00a0\u00a0\u00a0\u00a0\u00a0\u00a0\u00a0\u00a0\u00a0Richarda Kaz\u00edka za \u010dlena n\u00e1vrhovej komisie<\/p>\n<p style=\"font-weight: 400;\">&#8211;\u00a0\u00a0\u00a0\u00a0\u00a0\u00a0\u00a0\u00a0\u00a0\u00a0Bohu\u0161a Martinca za overovate\u013ea z\u00e1pisnice<\/p>\n<p style=\"font-weight: 400;\">&#8211;\u00a0\u00a0\u00a0\u00a0\u00a0\u00a0\u00a0\u00a0\u00a0\u00a0Michala Karkal\u00edka za zapisovate\u013ea z\u00e1pisnice<\/p>\n<p style=\"font-weight: 400;\">\n<p style=\"font-weight: 400;\">Hlasovali\u00a0\u00a0\u00a0\u00a0\u00a0\u00a0\u00a0\u00a0\u00a0\u00a0\u00a0\u00a0 za: (3)\u00a0\u00a0 Michal Karkal\u00edk, Richard Kaz\u00edk, Bohu\u0161 Martinec<\/p>\n<p style=\"font-weight: 400;\">\u00a0\u00a0\u00a0\u00a0\u00a0\u00a0\u00a0\u00a0\u00a0\u00a0\u00a0\u00a0\u00a0\u00a0\u00a0\u00a0\u00a0\u00a0\u00a0\u00a0\u00a0\u00a0\u00a0\u00a0\u00a0\u00a0\u00a0\u00a0\u00a0\u00a0 proti: (0)<\/p>\n<p style=\"font-weight: 400;\">\u00a0\u00a0\u00a0\u00a0\u00a0\u00a0\u00a0\u00a0\u00a0\u00a0\u00a0\u00a0\u00a0\u00a0\u00a0\u00a0\u00a0\u00a0\u00a0\u00a0\u00a0\u00a0\u00a0\u00a0\u00a0\u00a0\u00a0\u00a0\u00a0\u00a0 zdr\u017eali sa: (0)<\/p>\n<p style=\"font-weight: 400;\"><strong>\u00a0<\/strong><\/p>\n<p style=\"font-weight: 400;\"><strong>\u00a0<\/strong><\/p>\n<p style=\"font-weight: 400;\"><strong>Uznesenie \u010d. 3 \/ zo d\u0148a 14.10.2021<\/strong><\/p>\n<p style=\"font-weight: 400;\"><u>k\u00a0bodu 4. Schv\u00e1lenie \u017eiadosti o\u00a0k\u00fapu obecn\u00e9ho pozemku (parcela \u010d. E-KN 938\/2 \u2013 zastavan\u00e1 plocha a\u00a0n\u00e1dvorie) o\u00a0v\u00fdmere 240 m<sup>2<\/sup>\u00a0pani Dane \u00a0Lackovej (M\u00f4l\u010da 70)<\/u><\/p>\n<p style=\"font-weight: 400;\">OZ obce Horn\u00e1 Mi\u010din\u00e1<\/p>\n<p style=\"font-weight: 400;\"><strong><em>schva\u013euje<\/em><\/strong><\/p>\n<p style=\"font-weight: 400;\">&#8211;\u00a0\u00a0\u00a0\u00a0\u00a0\u00a0\u00a0\u00a0\u00a0\u00a0odpredaj obecn\u00e9ho pozemku E-KN 938\/2 \u2013 zastavan\u00e1 plocha a\u00a0n\u00e1dvorie o\u00a0v\u00fdmere 240 m2 v\u00a0sume 5.- \u20ac za 1 m2.<\/p>\n<p style=\"font-weight: 400;\">\n<p style=\"font-weight: 400;\">Hlasovali\u00a0\u00a0\u00a0\u00a0\u00a0\u00a0\u00a0\u00a0\u00a0\u00a0\u00a0\u00a0 za: (3) Michal Karkal\u00edk, Richard Kaz\u00edk, Bohu\u0161 Martinec<\/p>\n<p style=\"font-weight: 400;\">\u00a0\u00a0\u00a0\u00a0\u00a0\u00a0\u00a0\u00a0\u00a0\u00a0\u00a0\u00a0\u00a0\u00a0\u00a0\u00a0\u00a0\u00a0\u00a0\u00a0\u00a0\u00a0\u00a0\u00a0\u00a0\u00a0\u00a0\u00a0\u00a0\u00a0 proti: (0)<\/p>\n<p style=\"font-weight: 400;\">\u00a0\u00a0\u00a0\u00a0\u00a0\u00a0\u00a0\u00a0\u00a0\u00a0\u00a0\u00a0\u00a0\u00a0\u00a0\u00a0\u00a0\u00a0\u00a0\u00a0\u00a0\u00a0\u00a0\u00a0\u00a0\u00a0\u00a0\u00a0\u00a0\u00a0 zdr\u017eali sa: (0)<\/p>\n<p style=\"font-weight: 400;\"><strong>\u00a0<\/strong><\/p>\n<p style=\"font-weight: 400;\"><strong>\u00a0<\/strong><strong>\u00a0<\/strong><\/p>\n<p style=\"font-weight: 400;\"><strong>Uznesenie \u010d. 4 \/ zo d\u0148a 14.10.2021<\/strong><\/p>\n<p style=\"font-weight: 400;\"><u>k\u00a0bodu 5. Schv\u00e1lenie \u017eiadosti o\u00a0k\u00fapu \u010dasti obecn\u00e9ho pozemku (parcela \u010d. E-KN 225\/8 \u2013 ostatn\u00e1 plocha) o\u00a0v\u00fdmere 77 m<sup>2<\/sup>\u00a0p\u00e1novi Martinovi \u00a0Cabanovi (Nevo\u013en\u00e9 195) s\u00a0man\u017eelkou Andreou Cabanovou (Sitnianska 33, Bansk\u00e1 Bystrica)<\/u><\/p>\n<p style=\"font-weight: 400;\">OZ obce Horn\u00e1 Mi\u010din\u00e1<\/p>\n<p style=\"font-weight: 400;\"><strong><em>schva\u013euje<\/em><\/strong><\/p>\n<p style=\"font-weight: 400;\">&#8211;\u00a0\u00a0\u00a0\u00a0\u00a0\u00a0\u00a0\u00a0\u00a0\u00a0odpredaj \u010dasti obecn\u00e9ho pozemku E-KN 225\/8 \u2013 ostatn\u00e1 plocha o\u00a0v\u00fdmere 77 m2 v\u00a0sume 5\u20ac za 1 m2.<\/p>\n<p style=\"font-weight: 400;\">\n<p style=\"font-weight: 400;\">Hlasovali\u00a0\u00a0\u00a0\u00a0\u00a0\u00a0\u00a0\u00a0\u00a0\u00a0\u00a0\u00a0 za: (3) Michal Karkal\u00edk, Richard Kaz\u00edk, Bohu\u0161 Martinec<\/p>\n<p style=\"font-weight: 400;\">\u00a0\u00a0\u00a0\u00a0\u00a0\u00a0\u00a0\u00a0\u00a0\u00a0\u00a0\u00a0\u00a0\u00a0\u00a0\u00a0\u00a0\u00a0\u00a0\u00a0\u00a0\u00a0\u00a0\u00a0\u00a0\u00a0\u00a0\u00a0\u00a0\u00a0 proti: (0)<\/p>\n<p style=\"font-weight: 400;\">zdr\u017eali sa: (0)<\/p>\n<p style=\"font-weight: 400;\">\n<p style=\"font-weight: 400;\"><strong>Uznesenie \u010d. 5 \/ zo d\u0148a 14.10.2021<\/strong><\/p>\n<p style=\"font-weight: 400;\"><u>k\u00a0bodu 6. Schv\u00e1lenie \u017eiadosti o\u00a0k\u00fapu \u010dasti obecn\u00e9ho pozemku (parcela \u010d. E-KN 225\/7 \u2013 ostatn\u00e1 plocha) o\u00a0v\u00fdmere 209 m<sup>2<\/sup>\u00a0p\u00e1novi Pavlovi Hulinovi, Ing. (Horn\u00e1 Mi\u010din\u00e1 300)<\/u><\/p>\n<p style=\"font-weight: 400;\">OZ obce Horn\u00e1 Mi\u010din\u00e1<\/p>\n<p style=\"font-weight: 400;\"><strong><em>schva\u013euje<\/em><\/strong><\/p>\n<p style=\"font-weight: 400;\">&#8211;\u00a0\u00a0\u00a0\u00a0\u00a0\u00a0\u00a0\u00a0\u00a0\u00a0odpredaj \u010dasti obecn\u00e9ho pozemku E-KN 225\/7 \u2013 ostatn\u00e1 plocha o\u00a0v\u00fdmere 209 m2 na novovytvoren\u00e9 pozemky:<\/p>\n<ol>\n<li style=\"font-weight: 400;\">parc. \u010d. KN C \u2013 75\/2 s\u00a0v\u00fdmerou 16 m2 \u2013 z\u00e1hrada<\/li>\n<li style=\"font-weight: 400;\">parc. \u010d. KN C \u2013 513\/6 s\u00a0v\u00fdmerou 146 m2 \u2013 zastavan\u00e1 plocha a\u00a0n\u00e1dvorie<\/li>\n<li style=\"font-weight: 400;\">parc. \u010d. KN C \u2013 73\/1 s\u00a0v\u00fdmerou 47 m2 \u2013 z\u00e1hrada, v\u00a0sume 5.- \u20ac za 1 m2.<\/li>\n<\/ol>\n<p style=\"font-weight: 400;\">\n<p style=\"font-weight: 400;\">Hlasovali\u00a0\u00a0\u00a0\u00a0\u00a0\u00a0\u00a0\u00a0\u00a0\u00a0\u00a0\u00a0 za: (3) Michal Karkal\u00edk, Richard Kaz\u00edk, Bohu\u0161 Martinec<\/p>\n<p style=\"font-weight: 400;\">\u00a0\u00a0\u00a0\u00a0\u00a0\u00a0\u00a0\u00a0\u00a0\u00a0\u00a0\u00a0\u00a0\u00a0\u00a0\u00a0\u00a0\u00a0\u00a0\u00a0\u00a0\u00a0\u00a0\u00a0\u00a0\u00a0\u00a0\u00a0\u00a0\u00a0 proti: (0)<\/p>\n<p style=\"font-weight: 400;\">\u00a0\u00a0\u00a0\u00a0\u00a0\u00a0\u00a0\u00a0\u00a0\u00a0\u00a0\u00a0\u00a0\u00a0\u00a0\u00a0\u00a0\u00a0\u00a0\u00a0\u00a0\u00a0\u00a0\u00a0\u00a0\u00a0\u00a0\u00a0\u00a0\u00a0 zdr\u017eali sa: (0)<\/p>\n<p style=\"font-weight: 400;\">\n<p style=\"font-weight: 400;\"><strong>Uznesenie \u010d. 6 \/ zo d\u0148a 14.10.2021<\/strong><\/p>\n<p style=\"font-weight: 400;\"><u>k\u00a0bodu 7. Schv\u00e1lenie \u017eiadosti o\u00a0k\u00fapu \u010dasti obecn\u00e9ho pozemku (parcela \u010d. E-KN 225\/7 \u2013 ostatn\u00e1 plocha) o\u00a0v\u00fdmere 125 m<sup>2<\/sup>\u00a0pani Lenke \u00a0Milr\u00e1dovej (Horn\u00e1 Mi\u010din\u00e1 26)<\/u><\/p>\n<p style=\"font-weight: 400;\">OZ obce Horn\u00e1 Mi\u010din\u00e1<\/p>\n<p style=\"font-weight: 400;\"><strong><em>schva\u013euje<\/em><\/strong><\/p>\n<p style=\"font-weight: 400;\">&#8211;\u00a0\u00a0\u00a0\u00a0\u00a0\u00a0\u00a0\u00a0\u00a0\u00a0odpredaj \u010dasti obecn\u00e9ho pozemku E-KN 225\/7 \u2013 ostatn\u00e1 plocha o\u00a0v\u00fdmere 125 m2 na novovytvoren\u00e9 pozemky:<\/p>\n<ol>\n<li style=\"font-weight: 400;\">parc. \u010d. KN C \u2013 513\/3 s\u00a0v\u00fdmerou 31 m2 \u2013 zastavan\u00e1 plocha a\u00a0n\u00e1dvorie<\/li>\n<li style=\"font-weight: 400;\">parc. \u010d. KN C \u2013 513\/5 s\u00a0v\u00fdmerou 76 m2 \u2013 zastavan\u00e1 plocha a\u00a0n\u00e1dvorie<\/li>\n<li style=\"font-weight: 400;\">parc. \u010d. KN C \u2013 75\/3 s\u00a0v\u00fdmerou 18 m2 \u2013 z\u00e1hrada, v\u00a0sume 5.- \u20ac za 1 m2.<\/li>\n<\/ol>\n<p style=\"font-weight: 400;\">\n<p style=\"font-weight: 400;\">Hlasovali\u00a0\u00a0\u00a0\u00a0\u00a0\u00a0\u00a0\u00a0\u00a0\u00a0\u00a0\u00a0 za: (3) Michal Karkal\u00edk, Richard Kaz\u00edk, Bohu\u0161 Martinec<\/p>\n<p style=\"font-weight: 400;\">\u00a0\u00a0\u00a0\u00a0\u00a0\u00a0\u00a0\u00a0\u00a0\u00a0\u00a0\u00a0\u00a0\u00a0\u00a0\u00a0\u00a0\u00a0\u00a0\u00a0\u00a0\u00a0\u00a0\u00a0\u00a0\u00a0\u00a0\u00a0\u00a0\u00a0 proti: (0)<\/p>\n<p style=\"font-weight: 400;\">\u00a0\u00a0\u00a0\u00a0\u00a0\u00a0\u00a0\u00a0\u00a0\u00a0\u00a0\u00a0\u00a0\u00a0\u00a0\u00a0\u00a0\u00a0\u00a0\u00a0\u00a0\u00a0\u00a0\u00a0\u00a0\u00a0\u00a0\u00a0\u00a0\u00a0 zdr\u017eali sa: (0)<\/p>\n<p style=\"font-weight: 400;\">\n<p style=\"font-weight: 400;\">\n<p style=\"font-weight: 400;\">\n<p style=\"font-weight: 400;\">\n<p style=\"font-weight: 400;\"><strong>Uznesenie \u010d. 7 \/ zo d\u0148a 14.10.2021<\/strong><\/p>\n<p style=\"font-weight: 400;\"><u>k\u00a0bodu 8. Schv\u00e1lenie \u017eiadosti o\u00a0k\u00fapu \u010dasti obecn\u00e9ho pozemku (parcela \u010d. E-KN 225\/1 \u2013 zastavan\u00e1 plocha a n\u00e1dvorie) o\u00a0v\u00fdmere 30 m<sup>2<\/sup>\u00a0p\u00e1novi Igorovi \u00a0Komorovi (Horn\u00e1 Mi\u010din\u00e1 215)<\/u><\/p>\n<p style=\"font-weight: 400;\">OZ obce Horn\u00e1 Mi\u010din\u00e1<\/p>\n<p style=\"font-weight: 400;\"><strong><em>schva\u013euje<\/em><\/strong><\/p>\n<p style=\"font-weight: 400;\">&#8211;\u00a0\u00a0\u00a0\u00a0\u00a0\u00a0\u00a0\u00a0\u00a0\u00a0odpredaj \u010dasti obecn\u00e9ho pozemku E-KN 225\/1 \u2013 zastavan\u00e1 plocha a\u00a0n\u00e1dvorie o\u00a0v\u00fdmere 30 m2 na novovytvoren\u00fd pozemok parc. \u010d. KN C 497\/4 s\u00a0v\u00fdmerou 30 m2 \u2013 zastavan\u00e1 plocha a\u00a0n\u00e1dvorie v\u00a0sume 5.- \u20ac za 1 m2.<\/p>\n<p style=\"font-weight: 400;\">\n<p style=\"font-weight: 400;\">Hlasovali\u00a0\u00a0\u00a0\u00a0\u00a0\u00a0\u00a0\u00a0\u00a0\u00a0\u00a0\u00a0 za: (3) Michal Karkal\u00edk, Richard Kaz\u00edk, Bohu\u0161 Martinec<\/p>\n<p style=\"font-weight: 400;\">\u00a0\u00a0\u00a0\u00a0\u00a0\u00a0\u00a0\u00a0\u00a0\u00a0\u00a0\u00a0\u00a0\u00a0\u00a0\u00a0\u00a0\u00a0\u00a0\u00a0\u00a0\u00a0\u00a0\u00a0\u00a0\u00a0\u00a0\u00a0\u00a0\u00a0 proti: (0)<\/p>\n<p style=\"font-weight: 400;\">\u00a0\u00a0\u00a0\u00a0\u00a0\u00a0\u00a0\u00a0\u00a0\u00a0\u00a0\u00a0\u00a0\u00a0\u00a0\u00a0\u00a0\u00a0\u00a0\u00a0\u00a0\u00a0\u00a0\u00a0\u00a0\u00a0\u00a0\u00a0\u00a0\u00a0 zdr\u017eali sa: (0)<\/p>\n<p style=\"font-weight: 400;\">\n<p style=\"font-weight: 400;\">\n<p style=\"font-weight: 400;\"><strong>Uznesenie \u010d. 8 \/ zo d\u0148a 14.10.2021<\/strong><\/p>\n<p style=\"font-weight: 400;\"><u>k\u00a0bodu 9. Vyhl\u00e1senie vo\u013eby hlavn\u00e9ho kontrol\u00f3ra obce<\/u><\/p>\n<p style=\"font-weight: 400;\">OZ obce Horn\u00e1 Mi\u010din\u00e1<\/p>\n<p style=\"font-weight: 400;\"><strong><em>berie na vedomie<\/em><\/strong><\/p>\n<p style=\"font-weight: 400;\">&#8211;\u00a0\u00a0\u00a0\u00a0\u00a0\u00a0\u00a0\u00a0\u00a0\u00a0vyhl\u00e1senie vo\u013eby hlavn\u00e9ho kontrol\u00f3ra obce<\/p>\n<p style=\"font-weight: 400;\">\n<p style=\"font-weight: 400;\"><strong>Uznesenie \u010d. 9 \/ zo d\u0148a 14.10.2021<\/strong><\/p>\n<p style=\"font-weight: 400;\"><u>k\u00a0bodu 10. Prerokovanie mo\u017enost\u00ed rekon\u0161trukcie a\u00a0financovania obecn\u00e9ho mostu v\u00a0havarijnom stave<\/u><\/p>\n<p style=\"font-weight: 400;\">OZ obce Horn\u00e1 Mi\u010din\u00e1<\/p>\n<p style=\"font-weight: 400;\"><strong><em>berie na vedomie<\/em><\/strong><\/p>\n<p style=\"font-weight: 400;\">&#8211;\u00a0\u00a0\u00a0\u00a0\u00a0\u00a0\u00a0\u00a0\u00a0\u00a0mo\u017enosti rekon\u0161trukcie obecn\u00e9ho mostu<\/p>\n<p style=\"font-weight: 400;\">\n<p style=\"font-weight: 400;\"><strong>Uznesenie \u010d. 10 \/ zo d\u0148a 14.10.2021<\/strong><\/p>\n<p style=\"font-weight: 400;\"><u>k\u00a0bodu 11. Prerokovanie mo\u017enost\u00ed odvodnenia parkovacej plochy pri novom ihrisku<\/u><\/p>\n<p style=\"font-weight: 400;\">OZ obce Horn\u00e1 Mi\u010din\u00e1<\/p>\n<p style=\"font-weight: 400;\"><strong><em>berie na vedomie<\/em><\/strong><\/p>\n<p style=\"font-weight: 400;\">&#8211;\u00a0\u00a0\u00a0\u00a0\u00a0\u00a0\u00a0\u00a0\u00a0\u00a0mo\u017enosti odvodnenia parkovacej plochy pri novom ihrisku<\/p>\n<p style=\"font-weight: 400;\">\n<p style=\"font-weight: 400;\"><strong>Uznesenie \u010d. 11 \/ zo d\u0148a 14.10.2021<\/strong><\/p>\n<p style=\"font-weight: 400;\"><u>k\u00a0bodu 12. R\u00f4zne<\/u><\/p>\n<p style=\"font-weight: 400;\">OZ obce Horn\u00e1 Mi\u010din\u00e1<\/p>\n<p style=\"font-weight: 400;\"><strong><em>berie na vedomie<\/em><\/strong><\/p>\n<p style=\"font-weight: 400;\">&#8211;\u00a0\u00a0\u00a0\u00a0\u00a0\u00a0\u00a0\u00a0\u00a0\u00a0kandid\u00e1tov o\u00a0funkciu hlavn\u00e9ho kontrol\u00f3ra obce<\/p>\n<p style=\"font-weight: 400;\">&#8211;\u00a0\u00a0\u00a0\u00a0\u00a0\u00a0\u00a0\u00a0\u00a0\u00a0inform\u00e1ciu starostu o\u00a0ne\u00faspe\u0161nej dot\u00e1cii obstarania n\u00e1dob na bioodpad<\/p>\n<p style=\"font-weight: 400;\">&#8211;\u00a0\u00a0\u00a0\u00a0\u00a0\u00a0\u00a0\u00a0\u00a0\u00a0\u017eiados\u0165 p\u00e1na Magica o\u00a0rie\u0161enie situ\u00e1cie s\u00a0odvodnen\u00edm parkovacej plochy, ktor\u00e1 priamo sused\u00ed s\u00a0jeho pozemkom<\/p>\n<p style=\"font-weight: 400;\">&#8211;\u00a0\u00a0\u00a0\u00a0\u00a0\u00a0\u00a0\u00a0\u00a0\u00a0inform\u00e1ciu starostu o\u00a0konan\u00ed cvi\u010denia v\u00a0Le\u0161ti na certifik\u00e1ciu po\u017eiarneho vozidla DHZ obc\u00ed Horn\u00e1 a\u00a0Doln\u00e1 Mi\u010din\u00e1<\/p>\n<p style=\"font-weight: 400;\"><strong><em>doporu\u010duje starostovi obce<\/em><\/strong><\/p>\n<p style=\"font-weight: 400;\">&#8211;\u00a0\u00a0\u00a0\u00a0\u00a0\u00a0\u00a0\u00a0\u00a0\u00a0zvol\u00e1va\u0165 porady oh\u013eadom aktu\u00e1lneho stavu hospod\u00e1renia obce (<strong>term\u00edn: mesa\u010dne<\/strong>)<\/p>\n<p style=\"font-weight: 400;\">\n<p style=\"font-weight: 400;\"><strong>Uznesenie \u010d. 12 \/ zo d\u0148a 14.10.2021<\/strong><\/p>\n<p style=\"font-weight: 400;\"><u>k\u00a0bodu 13. Diskusia<\/u><\/p>\n<p style=\"font-weight: 400;\">Diskusia prebehla v\u00a0r\u00e1mci rokovania zastupite\u013estva k\u00a0jednotliv\u00fdm bodom a\u00a0inform\u00e1ci\u00e1m<\/p>\n<p style=\"font-weight: 400;\"><u>\u00a0<\/u><\/p>\n<p style=\"font-weight: 400;\"><u>K\u00a0bodu 14. N\u00e1vrh uznesen\u00ed<\/u><\/p>\n<p style=\"font-weight: 400;\">N\u00e1vrh uznesen\u00ed OZ bol schv\u00e1len\u00fd.<\/p>\n<p style=\"font-weight: 400;\"><u>\u00a0<\/u><\/p>\n<p style=\"font-weight: 400;\"><u>K\u00a0bodu 15. Z\u00e1ver<\/u><\/p>\n<p style=\"font-weight: 400;\">Starosta ukon\u010dil zasadnutie obecn\u00e9ho zastupite\u013estva.<\/p>\n<p>Ivan Len\u00e1r<br \/>\nstarosta obce<\/p>\n","protected":false},"excerpt":{"rendered":"Obecn\u00fd \u00farad Horn\u00e1 Mi\u010din\u00e1 Obecn\u00e9 zastupite\u013estvo UZNESENIA zo zasadnutia obecn\u00e9ho zastupite\u013estva (\u010falej len [&hellip;]","protected":false},"author":1,"featured_media":390,"comment_status":"closed","ping_status":"open","sticky":false,"template":"","format":"aside","meta":{"advanced_seo_description":"","jetpack_seo_html_title":"","jetpack_seo_noindex":false,"_jetpack_memberships_contains_paid_content":false,"footnotes":""},"categories":[391],"tags":[55,282,143,258,257,86,141],"class_list":["post-2685","post","type-post","status-publish","format-aside","has-post-thumbnail","hentry","category-uznesenia","tag-55","tag-oktober","tag-poslanci","tag-uznesenia","tag-uznesenie","tag-zapisnica","tag-zastupitelstvo","post_format-post-format-aside"],"jetpack_featured_media_url":"https:\/\/i0.wp.com\/www.hornamicina.eu\/web\/wp-content\/uploads\/2017\/07\/uznesenia.jpg?fit=530%2C530&ssl=1","jetpack_sharing_enabled":true,"jetpack_shortlink":"https:\/\/wp.me\/p8RsFw-Hj","jetpack-related-posts":[{"id":2064,"url":"https:\/\/www.hornamicina.eu\/web\/uznesenia-z-2020-08-13\/","url_meta":{"origin":2685,"position":0},"title":"Uznesenia zo d\u0148a 13.8.2020","author":"admin","date":"7. septembra 2020","format":"aside","excerpt":"UZNESENIA zo zasadnutia obecn\u00e9ho zastupite\u013estva (\u010falej len OZ) obce Horn\u00e1 Mi\u010din\u00e1 konan\u00e9ho d\u0148a 13.8.2020 Uznesenie \u010d. 1 \/ zo d\u0148a 13.08.2020 K bodu 2. Program obecn\u00e9ho zastupite\u013estva - OZ obce Horn\u00e1 Mi\u010din\u00e1 schva\u013euje: - Program obecn\u00e9ho zastupite\u013estva doplnen\u00fd o bod 11. Pr\u00edtomn\u00ed poslanci: Jana Baranov\u00e1, Michal Karkal\u00edk, Richard Kaz\u00edk, Bohu\u0161\u2026","rel":"","context":"V &quot;Uznesenia&quot;","block_context":{"text":"Uznesenia","link":"https:\/\/www.hornamicina.eu\/web\/category\/uznesenia\/"},"img":{"alt_text":"Logo obce a dokumenty","src":"https:\/\/i0.wp.com\/www.hornamicina.eu\/web\/wp-content\/uploads\/2017\/07\/uznesenia.jpg?fit=530%2C530&ssl=1&resize=350%2C200","width":350,"height":200,"srcset":"https:\/\/i0.wp.com\/www.hornamicina.eu\/web\/wp-content\/uploads\/2017\/07\/uznesenia.jpg?fit=530%2C530&ssl=1&resize=350%2C200 1x, https:\/\/i0.wp.com\/www.hornamicina.eu\/web\/wp-content\/uploads\/2017\/07\/uznesenia.jpg?fit=530%2C530&ssl=1&resize=525%2C300 1.5x"},"classes":[]},{"id":1992,"url":"https:\/\/www.hornamicina.eu\/web\/uznesenia-z-2020-05-20\/","url_meta":{"origin":2685,"position":1},"title":"Uznesenia zo d\u0148a 20.5.2020","author":"admin","date":"26. m\u00e1ja 2020","format":"aside","excerpt":"UZNESENIA zo zasadnutia obecn\u00e9ho zastupite\u013estva (\u010falej len OZ) obce Horn\u00e1 Mi\u010din\u00e1 konan\u00e9ho d\u0148a 20.05.2020 Uznesenie \u010d. 1 \/ zo d\u0148a 20.05.2020 K bodu 2. Program obecn\u00e9ho zastupite\u013estva OZ obce Horn\u00e1 Mi\u010din\u00e1 schva\u013euje: - Program obecn\u00e9ho zastupite\u013estva Pr\u00edtomn\u00ed poslanci: Jana Baranov\u00e1, Michal Karkal\u00edk, Richard Kaz\u00edk, Bohu\u0161 Martinec, Jaroslav Pa\u013ea Hlasovali za:\u2026","rel":"","context":"V &quot;Uznesenia&quot;","block_context":{"text":"Uznesenia","link":"https:\/\/www.hornamicina.eu\/web\/category\/uznesenia\/"},"img":{"alt_text":"Logo obce a dokumenty","src":"https:\/\/i0.wp.com\/www.hornamicina.eu\/web\/wp-content\/uploads\/2017\/07\/uznesenia.jpg?fit=530%2C530&ssl=1&resize=350%2C200","width":350,"height":200,"srcset":"https:\/\/i0.wp.com\/www.hornamicina.eu\/web\/wp-content\/uploads\/2017\/07\/uznesenia.jpg?fit=530%2C530&ssl=1&resize=350%2C200 1x, https:\/\/i0.wp.com\/www.hornamicina.eu\/web\/wp-content\/uploads\/2017\/07\/uznesenia.jpg?fit=530%2C530&ssl=1&resize=525%2C300 1.5x"},"classes":[]},{"id":2562,"url":"https:\/\/www.hornamicina.eu\/web\/uznesenia-z-2021-06-28\/","url_meta":{"origin":2685,"position":2},"title":"Uznesenia zo d\u0148a 28.6.2021 + z\u00e1pisnica","author":"admin","date":"6. j\u00fala 2021","format":"aside","excerpt":"Obecn\u00fd \u00farad Horn\u00e1 Mi\u010din\u00e1 Obecn\u00e9 zastupite\u013estvo UZNESENIA zo zasadnutia obecn\u00e9ho zastupite\u013estva (\u010falej len OZ) obce Horn\u00e1 Mi\u010din\u00e1 konan\u00e9ho d\u0148a 28.06.2021 \u00a0 PR\u00cdTOMN\u00cd POSLANCI: Michal Karkal\u00edk, Richard Kaz\u00edk, Bohu\u0161 Martinec NEPR\u00cdTOMN\u00cd POSLANCI: Jana Baranov\u00e1, Jaroslav Pa\u013ea Uznesenie \u010d. 1 \/ zo d\u0148a 28.06.2021 K bodu 2. Program obecn\u00e9ho zastupite\u013estva OZ obce\u2026","rel":"","context":"V &quot;Uznesenia&quot;","block_context":{"text":"Uznesenia","link":"https:\/\/www.hornamicina.eu\/web\/category\/uznesenia\/"},"img":{"alt_text":"Logo obce a dokumenty","src":"https:\/\/i0.wp.com\/www.hornamicina.eu\/web\/wp-content\/uploads\/2017\/07\/uznesenia.jpg?fit=530%2C530&ssl=1&resize=350%2C200","width":350,"height":200,"srcset":"https:\/\/i0.wp.com\/www.hornamicina.eu\/web\/wp-content\/uploads\/2017\/07\/uznesenia.jpg?fit=530%2C530&ssl=1&resize=350%2C200 1x, https:\/\/i0.wp.com\/www.hornamicina.eu\/web\/wp-content\/uploads\/2017\/07\/uznesenia.jpg?fit=530%2C530&ssl=1&resize=525%2C300 1.5x"},"classes":[]},{"id":1620,"url":"https:\/\/www.hornamicina.eu\/web\/uznesenia-z-2019-10-21\/","url_meta":{"origin":2685,"position":3},"title":"Uznesenia z 21.10.2019","author":"admin","date":"28. okt\u00f3bra 2019","format":"aside","excerpt":"UZNESENIA zo zasadnutia obecn\u00e9ho zastupite\u013estva (\u010falej len OZ) obce Horn\u00e1 Mi\u010din\u00e1 konan\u00e9ho d\u0148a 21.10.2019 Uznesenie \u010d. 1 \/ zo d\u0148a 21.10.2019 K\u00a0bodu 2. Program obecn\u00e9ho zastupite\u013estva OZ obce Horn\u00e1 Mi\u010din\u00e1 schva\u013euje -\u00a0\u00a0\u00a0\u00a0\u00a0\u00a0\u00a0\u00a0\u00a0\u00a0Program obecn\u00e9ho zastupite\u013estva Pr\u00edtomn\u00ed poslanci: \u00a0\u00a0\u00a0\u00a0\u00a0\u00a0\u00a0\u00a0\u00a0 Jana Baranov\u00e1, Michal Karkal\u00edk, Richard Kaz\u00edk, Bohu\u0161 Martinec, Jaroslav Pa\u013ea Hlasovali\u00a0\u00a0\u00a0\u00a0\u00a0\u00a0\u00a0\u00a0\u00a0\u00a0\u00a0\u00a0\u00a0 za: (5)\u2026","rel":"","context":"V &quot;Uznesenia&quot;","block_context":{"text":"Uznesenia","link":"https:\/\/www.hornamicina.eu\/web\/category\/uznesenia\/"},"img":{"alt_text":"Logo obce a dokumenty","src":"https:\/\/i0.wp.com\/www.hornamicina.eu\/web\/wp-content\/uploads\/2017\/07\/uznesenia.jpg?fit=530%2C530&ssl=1&resize=350%2C200","width":350,"height":200,"srcset":"https:\/\/i0.wp.com\/www.hornamicina.eu\/web\/wp-content\/uploads\/2017\/07\/uznesenia.jpg?fit=530%2C530&ssl=1&resize=350%2C200 1x, https:\/\/i0.wp.com\/www.hornamicina.eu\/web\/wp-content\/uploads\/2017\/07\/uznesenia.jpg?fit=530%2C530&ssl=1&resize=525%2C300 1.5x"},"classes":[]},{"id":1780,"url":"https:\/\/www.hornamicina.eu\/web\/uznesenia-z-2020-02-24\/","url_meta":{"origin":2685,"position":4},"title":"Uznesenia zo d\u0148a 24.2.2020","author":"admin","date":"3. marca 2020","format":"aside","excerpt":"UZNESENIA zo zasadnutia obecn\u00e9ho zastupite\u013estva (\u010falej len OZ) obce Horn\u00e1 Mi\u010din\u00e1 konan\u00e9ho d\u0148a 24.02.2020 Uznesenie \u010d. 1 \/ zo d\u0148a 24.02.2020 K\u00a0bodu 2. Program obecn\u00e9ho zastupite\u013estva OZ obce Horn\u00e1 Mi\u010din\u00e1 schva\u013euje -\u00a0\u00a0\u00a0\u00a0\u00a0\u00a0\u00a0\u00a0\u00a0\u00a0Program obecn\u00e9ho zastupite\u013estva Pr\u00edtomn\u00ed poslanci: \u00a0\u00a0\u00a0\u00a0\u00a0\u00a0\u00a0\u00a0\u00a0 Jana Baranov\u00e1, Michal Karkal\u00edk, Richard Kaz\u00edk, Bohu\u0161 Martinec, Jaroslav Pa\u013ea Hlasovali\u00a0\u00a0\u00a0\u00a0\u00a0\u00a0\u00a0\u00a0\u00a0\u00a0\u00a0\u00a0\u00a0 za: (5)\u2026","rel":"","context":"V &quot;Uznesenia&quot;","block_context":{"text":"Uznesenia","link":"https:\/\/www.hornamicina.eu\/web\/category\/uznesenia\/"},"img":{"alt_text":"Logo obce a dokumenty","src":"https:\/\/i0.wp.com\/www.hornamicina.eu\/web\/wp-content\/uploads\/2017\/07\/uznesenia.jpg?fit=530%2C530&ssl=1&resize=350%2C200","width":350,"height":200,"srcset":"https:\/\/i0.wp.com\/www.hornamicina.eu\/web\/wp-content\/uploads\/2017\/07\/uznesenia.jpg?fit=530%2C530&ssl=1&resize=350%2C200 1x, https:\/\/i0.wp.com\/www.hornamicina.eu\/web\/wp-content\/uploads\/2017\/07\/uznesenia.jpg?fit=530%2C530&ssl=1&resize=525%2C300 1.5x"},"classes":[]},{"id":1545,"url":"https:\/\/www.hornamicina.eu\/web\/uznesenie-z-2019-07-22\/","url_meta":{"origin":2685,"position":5},"title":"Uznesenie z 22.7.2019","author":"admin","date":"2. augusta 2019","format":"aside","excerpt":"UZNESENIA zo zasadnutia obecn\u00e9ho zastupite\u013estva (\u010falej len OZ) obce Horn\u00e1 Mi\u010din\u00e1 konan\u00e9ho d\u0148a 22.07.2019 Uznesenie \u010d. 1 \/ zo d\u0148a 22.07.2019 K\u00a0bodu 2. Program obecn\u00e9ho zastupite\u013estva OZ obce Horn\u00e1 Mi\u010din\u00e1 schva\u013euje -\u00a0\u00a0\u00a0\u00a0\u00a0\u00a0\u00a0\u00a0\u00a0\u00a0Program obecn\u00e9ho zastupite\u013estva Pr\u00edtomn\u00ed poslanci: \u00a0\u00a0\u00a0\u00a0\u00a0\u00a0\u00a0\u00a0\u00a0 Jana Baranov\u00e1, Michal Karkal\u00edk, Richard Kaz\u00edk, Bohu\u0161 Martinec, Jaroslav Pa\u013ea Hlasovali\u00a0\u00a0\u00a0\u00a0\u00a0\u00a0\u00a0\u00a0\u00a0\u00a0\u00a0\u00a0\u00a0 za: (5)\u2026","rel":"","context":"V &quot;Uznesenia&quot;","block_context":{"text":"Uznesenia","link":"https:\/\/www.hornamicina.eu\/web\/category\/uznesenia\/"},"img":{"alt_text":"Logo obce a dokumenty","src":"https:\/\/i0.wp.com\/www.hornamicina.eu\/web\/wp-content\/uploads\/2017\/07\/uznesenia.jpg?fit=530%2C530&ssl=1&resize=350%2C200","width":350,"height":200,"srcset":"https:\/\/i0.wp.com\/www.hornamicina.eu\/web\/wp-content\/uploads\/2017\/07\/uznesenia.jpg?fit=530%2C530&ssl=1&resize=350%2C200 1x, https:\/\/i0.wp.com\/www.hornamicina.eu\/web\/wp-content\/uploads\/2017\/07\/uznesenia.jpg?fit=530%2C530&ssl=1&resize=525%2C300 1.5x"},"classes":[]}],"jetpack_likes_enabled":true,"_links":{"self":[{"href":"https:\/\/www.hornamicina.eu\/web\/wp-json\/wp\/v2\/posts\/2685","targetHints":{"allow":["GET"]}}],"collection":[{"href":"https:\/\/www.hornamicina.eu\/web\/wp-json\/wp\/v2\/posts"}],"about":[{"href":"https:\/\/www.hornamicina.eu\/web\/wp-json\/wp\/v2\/types\/post"}],"author":[{"embeddable":true,"href":"https:\/\/www.hornamicina.eu\/web\/wp-json\/wp\/v2\/users\/1"}],"replies":[{"embeddable":true,"href":"https:\/\/www.hornamicina.eu\/web\/wp-json\/wp\/v2\/comments?post=2685"}],"version-history":[{"count":0,"href":"https:\/\/www.hornamicina.eu\/web\/wp-json\/wp\/v2\/posts\/2685\/revisions"}],"wp:featuredmedia":[{"embeddable":true,"href":"https:\/\/www.hornamicina.eu\/web\/wp-json\/wp\/v2\/media\/390"}],"wp:attachment":[{"href":"https:\/\/www.hornamicina.eu\/web\/wp-json\/wp\/v2\/media?parent=2685"}],"wp:term":[{"taxonomy":"category","embeddable":true,"href":"https:\/\/www.hornamicina.eu\/web\/wp-json\/wp\/v2\/categories?post=2685"},{"taxonomy":"post_tag","embeddable":true,"href":"https:\/\/www.hornamicina.eu\/web\/wp-json\/wp\/v2\/tags?post=2685"}],"curies":[{"name":"wp","href":"https:\/\/api.w.org\/{rel}","templated":true}]}}