{"id":2658,"date":"2021-10-11T14:47:34","date_gmt":"2021-10-11T12:47:34","guid":{"rendered":"https:\/\/www.hornamicina.eu\/web\/?p=2658"},"modified":"2024-09-26T08:41:07","modified_gmt":"2024-09-26T06:41:07","slug":"pozvanka-zas-2021-10","status":"publish","type":"post","link":"https:\/\/www.hornamicina.eu\/web\/pozvanka-zas-2021-10\/","title":{"rendered":"Pozv\u00e1nka na zasadnutie OZ Hornej Mi\u010dinej &#8211; okt\u00f3ber 2021"},"content":{"rendered":"<blockquote><p>D\u0148a <span style=\"font-size: 14pt;\"><em><strong><span style=\"font-size: 18pt;\">14.10.2021\/\u0161tvrtok\/<\/span>\u00a0 o 18:30 hod.<\/strong><br \/>\n<\/em><\/span><\/p><\/blockquote>\n<p><span style=\"font-size: 14pt;\"><em>sa uskuto\u010dn\u00ed zasadnutie obecn\u00e9ho zastupite\u013estva Hornej Mi\u010dinej v zasada\u010dke obecn\u00e9ho \u00faradu.<\/em><\/span><\/p>\n<p style=\"font-weight: 400;\"><strong>Program:<\/strong><\/p>\n<ol>\n<li style=\"list-style-type: none;\">\n<ol style=\"font-weight: 400;\">\n<li>Otvorenie<\/li>\n<li>Program obecn\u00e9ho zastupite\u013estva<\/li>\n<li>Vo\u013eba n\u00e1vrhovej komisie, overovate\u013eov z\u00e1pisnice a\u00a0zapisovate\u013ea<\/li>\n<li>Schv\u00e1lenie \u017eiadosti o\u00a0predaji obecn\u00e9ho pozemku parc. \u010d. E-KN 938\/2 \u2013 zastavan\u00e1 plocha a\u00a0n\u00e1dvorie o\u00a0v\u00fdmere 240 m2 pre: Dana Lackov\u00e1, M\u00f4l\u010da 70 \u2013 do jej v\u00fdlu\u010dn\u00e9ho vlastn\u00edctva z\u00a0d\u00f4vodu hodn\u00e9ho osobitn\u00e9ho zrete\u013ea<\/li>\n<li>Schv\u00e1lenie \u017eiadosti o\u00a0predaj \u010dasti obecn\u00e9ho pozemku par. \u010d. E-KN 225\/8 o\u00a0v\u00fdmere 18626 m2 \/nov\u00e1 v\u00fdmera 18549 m2\/ druh ostatn\u00e1 plocha, na novovytvoren\u00fd pozemok parc. \u010d. KN-C \u2013 520\/4 o\u00a0v\u00fdmere 77 m2 pre \u017eiadate\u013ea \u2013 Martin Caban a\u00a0man\u017e. Andrea Cabanov\u00e1, bytom Nevo\u013en\u00e9 195 Bansk\u00e1 Bystrica, man\u017e. Sitnianska 33 Bansk\u00e1 Bystrica do bezpodielov\u00e9ho spoluvlastn\u00edctva man\u017eelov z\u00a0d\u00f4vodu hodn\u00e9ho osobitn\u00e9ho zrete\u013ea..<\/li>\n<li>Schv\u00e1lenie \u017eiadosti o\u00a0predaj \u010dast\u00ed obec. pozemkov pac.\u010d. E-KN 225\/7 o\u00a0v\u00fdmere 3275 m2 na novovytvoren\u00e9 pozemky:\n<ol>\n<li>\u010d. KN C \u2013 75\/2\u00a0 s\u00a0v\u00fdmerou 16 m2 \u2013 druh z\u00e1hrada.<\/li>\n<li>\u010d. KN C \u2013 513\/6 s\u00a0 s\u00a0v\u00fdmerou 146 m2 \u2013 druh zast. plocha a\u00a0n\u00e1dvoria<\/li>\n<li>\u010d. KN \u2013 C 73\/1 s\u00a0v\u00fdmerou 47 m2 \u2013 druh pozemku z\u00e1hrada do v\u00fdlu\u010dn\u00e9ho vlastn\u00edctva Pavla Hulinu Ing., Horn\u00e1 Mi\u010din\u00e1 \u010d. 300..<\/li>\n<\/ol>\n<\/li>\n<li>Schv\u00e1lenie \u017eiadosti o predaji \u010dast\u00ed obec. pozemkov parc. \u010d. E-KN 225\/7 o v\u00fdmere 3275 m2 na novovytvoren\u00e9 pozemky:\n<ol>\n<li>\u010d.. KN-C 513\/3 s\u00a0v\u00fdmerou 31 m2 druh pozemku zast. plocha a\u00a0n\u00e1dvoria.<\/li>\n<li>\u010d. KN-C 513\/5 s\u00a0v\u00fdmerou 76 m2 druh zast. plocha a\u00a0n\u00e1dvoria,<\/li>\n<li>\u010d. KN-C 75\/3 s\u00a0v\u00fdmerou 18 m2 druh pozemku z\u00e1hrada do v\u00fdlu\u010dn\u00e9ho vlastn\u00edctva Lenka Milr\u00e1dov\u00e1, Horn\u00e1 Mi\u010din\u00e1 \u010d. 26 z\u00a0d\u00f4vodu hodn\u00e9ho osobitn\u00e9ho zrete\u013ea.<\/li>\n<\/ol>\n<\/li>\n<li>Schv\u00e1lenie \u017eiadosti o predaj \u010dasti ob. pozemku pac. \u010c. KN E 225\/1 o v\u00fdmere 2540 m2 na novovytvoren\u00fd pozemok parc. \u010d. KN-C 497\/4 s v\u00fdmerou 30 m2 druh pozemku zast. plocha a n\u00e1dvorie do v\u00fdlu\u010dn\u00e9ho vlastn\u00edctva Igora Komoru, Horn\u00e1 Mi\u010din\u00e1 \u010d. 215 z d\u00f4vodu hodn\u00e9ho osobitn\u00e9ho zrete\u013ea.<\/li>\n<li>Vyhl\u00e1senie vo\u013eby hlavn\u00e9ho kontrol\u00f3ra obce.<\/li>\n<li>Prejednanie rekon\u0161trukcie a\u00a0financovania obecn\u00e9ho mostu v\u00a0havarijnom stave.<\/li>\n<li>Prejednanie odvodnenia parkoviska pri novom futbalovom ihrisku.<\/li>\n<li>R\u00f4zne<\/li>\n<li>Diskusia<\/li>\n<li>N\u00e1vrh uznesen\u00ed<\/li>\n<li>Z\u00e1ver<\/li>\n<\/ol>\n<\/li>\n<\/ol>\n<p>Ivan Len\u00e1r v.r.<br \/>\nstarosta obce<\/p>\n","protected":false},"excerpt":{"rendered":"D\u0148a 14.10.2021\/\u0161tvrtok\/\u00a0 o 18:30 hod. sa uskuto\u010dn\u00ed zasadnutie obecn\u00e9ho zastupite\u013estva Hornej Mi\u010dinej v [&hellip;]","protected":false},"author":1,"featured_media":503,"comment_status":"closed","ping_status":"open","sticky":false,"template":"","format":"standard","meta":{"advanced_seo_description":"","jetpack_seo_html_title":"","jetpack_seo_noindex":false,"_jetpack_memberships_contains_paid_content":false,"footnotes":""},"categories":[30],"tags":[55,143,140,284,142,141],"class_list":["post-2658","post","type-post","status-publish","format-standard","has-post-thumbnail","hentry","category-zastupitelstvo","tag-55","tag-poslanci","tag-pozvanka","tag-zasadacka","tag-zasadnutie","tag-zastupitelstvo"],"jetpack_featured_media_url":"https:\/\/i0.wp.com\/www.hornamicina.eu\/web\/wp-content\/uploads\/2017\/07\/zastupitelstvo.jpg?fit=530%2C375&ssl=1","jetpack_sharing_enabled":true,"jetpack_shortlink":"https:\/\/wp.me\/p8RsFw-GS","jetpack-related-posts":[{"id":1721,"url":"https:\/\/www.hornamicina.eu\/web\/pozvanka-zas-2019-12-13\/","url_meta":{"origin":2658,"position":0},"title":"Pozv\u00e1nka na zasadnutie OZ Hornej Mi\u010dinej","author":"admin","date":"9. decembra 2019","format":false,"excerpt":"D\u0148a 13.12.2019 \/piatok\/\u00a0 o 18:30 hod. sa uskuto\u010dn\u00ed zasadnutie obecn\u00e9ho zastupite\u013estva Hornej Mi\u010dinej v zasada\u010dke obecn\u00e9ho \u00faradu. \u00a0 Program: Otvorenie Program obecn\u00e9ho zastupite\u013estva Vo\u013eba n\u00e1vrhovej komisie, overovate\u013eov z\u00e1pisnice a\u00a0zapisovate\u013ea Odborn\u00e9 stanovisko hlavnej kontrol\u00f3rky k\u00a0rozpo\u010dtu obce na rok 2020 N\u00e1vrh finan\u010dn\u00e9ho rozpo\u010dtu na rok 2020 a\u00a0n\u00e1vrh na roky 2021 a 2022\u2026","rel":"","context":"V &quot;Oznamy&quot;","block_context":{"text":"Oznamy","link":"https:\/\/www.hornamicina.eu\/web\/category\/oznamy\/"},"img":{"alt_text":"","src":"https:\/\/i0.wp.com\/www.hornamicina.eu\/web\/wp-content\/uploads\/2017\/07\/zastupitelstvo.jpg?fit=530%2C375&ssl=1&resize=350%2C200","width":350,"height":200,"srcset":"https:\/\/i0.wp.com\/www.hornamicina.eu\/web\/wp-content\/uploads\/2017\/07\/zastupitelstvo.jpg?fit=530%2C375&ssl=1&resize=350%2C200 1x, https:\/\/i0.wp.com\/www.hornamicina.eu\/web\/wp-content\/uploads\/2017\/07\/zastupitelstvo.jpg?fit=530%2C375&ssl=1&resize=525%2C300 1.5x"},"classes":[]},{"id":2829,"url":"https:\/\/www.hornamicina.eu\/web\/pozvanka-zas-2021-12-1\/","url_meta":{"origin":2658,"position":1},"title":"Pozv\u00e1nka na zasadnutie OZ Hornej Mi\u010dinej &#8211; december 2021","author":"admin","date":"9. decembra 2021","format":false,"excerpt":"D\u0148a 14.12.2020\/pondelok\/\u00a0 o 18:00 hod. sa uskuto\u010dn\u00ed zasadnutie obecn\u00e9ho zastupite\u013estva Hornej Mi\u010dinej v zasada\u010dke obecn\u00e9ho \u00faradu. Mo\u017en\u00e1 \u00fa\u010das\u0165 ob\u010danov len s platn\u00fdm certifik\u00e1tom alebo PCR testom a za dodr\u017eania pr\u00edsnych protiepidemiologick\u00fdch opatren\u00ed. Program: Otvorenie Program obecn\u00e9ho zastupite\u013estva Vo\u013eba n\u00e1vrhovej komisie, overovate\u013eov z\u00e1pisnice a\u00a0zapisovate\u013ea Spr\u00e1va hlavnej kontrol\u00f3rky o\u00a0v\u00fdsledkoch kontrolnej \u010dinnosti Odborn\u00e9\u2026","rel":"","context":"V &quot;Zastupite\u013estvo&quot;","block_context":{"text":"Zastupite\u013estvo","link":"https:\/\/www.hornamicina.eu\/web\/category\/zastupitelstvo\/"},"img":{"alt_text":"","src":"https:\/\/i0.wp.com\/www.hornamicina.eu\/web\/wp-content\/uploads\/2017\/07\/zastupitelstvo.jpg?fit=530%2C375&ssl=1&resize=350%2C200","width":350,"height":200,"srcset":"https:\/\/i0.wp.com\/www.hornamicina.eu\/web\/wp-content\/uploads\/2017\/07\/zastupitelstvo.jpg?fit=530%2C375&ssl=1&resize=350%2C200 1x, https:\/\/i0.wp.com\/www.hornamicina.eu\/web\/wp-content\/uploads\/2017\/07\/zastupitelstvo.jpg?fit=530%2C375&ssl=1&resize=525%2C300 1.5x"},"classes":[]},{"id":2544,"url":"https:\/\/www.hornamicina.eu\/web\/pozvanka-zas-2021-06\/","url_meta":{"origin":2658,"position":2},"title":"Pozv\u00e1nka na zasadnutie OZ Hornej Mi\u010dinej &#8211; j\u00fan 2021","author":"admin","date":"24. j\u00fana 2021","format":false,"excerpt":"D\u0148a 14.12.2020\/pondelok\/\u00a0 o 18:00 hod. sa uskuto\u010dn\u00ed zasadnutie obecn\u00e9ho zastupite\u013estva Hornej Mi\u010dinej v zasada\u010dke obecn\u00e9ho \u00faradu. Mo\u017en\u00e1 \u00fa\u010das\u0165 ob\u010danov len s platn\u00fdm certifik\u00e1tom alebo PCR testom a za dodr\u017eania pr\u00edsnych protiepidemiologick\u00fdch opatren\u00ed. Program: Otvorenie Program obecn\u00e9ho zastupite\u013estva Vo\u013eba n\u00e1vrhovej komisie, overovate\u013eov z\u00e1pisnice a\u00a0zapisovate\u013ea Spr\u00e1va hlavnej kontrol\u00f3rky o\u00a0v\u00fdsledkoch kontrolnej \u010dinnosti Odborn\u00e9\u2026","rel":"","context":"V &quot;Zastupite\u013estvo&quot;","block_context":{"text":"Zastupite\u013estvo","link":"https:\/\/www.hornamicina.eu\/web\/category\/zastupitelstvo\/"},"img":{"alt_text":"","src":"https:\/\/i0.wp.com\/www.hornamicina.eu\/web\/wp-content\/uploads\/2017\/07\/zastupitelstvo.jpg?fit=530%2C375&ssl=1&resize=350%2C200","width":350,"height":200,"srcset":"https:\/\/i0.wp.com\/www.hornamicina.eu\/web\/wp-content\/uploads\/2017\/07\/zastupitelstvo.jpg?fit=530%2C375&ssl=1&resize=350%2C200 1x, https:\/\/i0.wp.com\/www.hornamicina.eu\/web\/wp-content\/uploads\/2017\/07\/zastupitelstvo.jpg?fit=530%2C375&ssl=1&resize=525%2C300 1.5x"},"classes":[]},{"id":2251,"url":"https:\/\/www.hornamicina.eu\/web\/pozvanka-zas-2020-12\/","url_meta":{"origin":2658,"position":3},"title":"Pozv\u00e1nka na zasadnutie OZ Hornej Mi\u010dinej &#8211; december 2020","author":"admin","date":"10. decembra 2020","format":false,"excerpt":"D\u0148a 14.12.2020\/pondelok\/\u00a0 o 18:00 hod. sa uskuto\u010dn\u00ed zasadnutie obecn\u00e9ho zastupite\u013estva Hornej Mi\u010dinej v zasada\u010dke obecn\u00e9ho \u00faradu. Mo\u017en\u00e1 \u00fa\u010das\u0165 ob\u010danov len s platn\u00fdm certifik\u00e1tom alebo PCR testom a za dodr\u017eania pr\u00edsnych protiepidemiologick\u00fdch opatren\u00ed. Program: Otvorenie Program obecn\u00e9ho zastupite\u013estva Vo\u013eba n\u00e1vrhovej komisie, overovate\u013eov z\u00e1pisnice a\u00a0zapisovate\u013ea Spr\u00e1va hlavnej kontrol\u00f3rky o\u00a0v\u00fdsledkoch kontrolnej \u010dinnosti Odborn\u00e9\u2026","rel":"","context":"V &quot;Zastupite\u013estvo&quot;","block_context":{"text":"Zastupite\u013estvo","link":"https:\/\/www.hornamicina.eu\/web\/category\/zastupitelstvo\/"},"img":{"alt_text":"","src":"https:\/\/i0.wp.com\/www.hornamicina.eu\/web\/wp-content\/uploads\/2017\/07\/zastupitelstvo.jpg?fit=530%2C375&ssl=1&resize=350%2C200","width":350,"height":200,"srcset":"https:\/\/i0.wp.com\/www.hornamicina.eu\/web\/wp-content\/uploads\/2017\/07\/zastupitelstvo.jpg?fit=530%2C375&ssl=1&resize=350%2C200 1x, https:\/\/i0.wp.com\/www.hornamicina.eu\/web\/wp-content\/uploads\/2017\/07\/zastupitelstvo.jpg?fit=530%2C375&ssl=1&resize=525%2C300 1.5x"},"classes":[]},{"id":2918,"url":"https:\/\/www.hornamicina.eu\/web\/pozvanka-zas-2022-01-03\/","url_meta":{"origin":2658,"position":4},"title":"Pozv\u00e1nka na zasadnutie OZ Hornej Mi\u010dinej &#8211; janu\u00e1r 2022","author":"admin","date":"3. janu\u00e1ra 2022","format":false,"excerpt":"D\u0148a 14.12.2020\/pondelok\/\u00a0 o 18:00 hod. sa uskuto\u010dn\u00ed zasadnutie obecn\u00e9ho zastupite\u013estva Hornej Mi\u010dinej v zasada\u010dke obecn\u00e9ho \u00faradu. Mo\u017en\u00e1 \u00fa\u010das\u0165 ob\u010danov len s platn\u00fdm certifik\u00e1tom alebo PCR testom a za dodr\u017eania pr\u00edsnych protiepidemiologick\u00fdch opatren\u00ed. Program: Otvorenie Program obecn\u00e9ho zastupite\u013estva Vo\u013eba n\u00e1vrhovej komisie, overovate\u013eov z\u00e1pisnice a\u00a0zapisovate\u013ea Spr\u00e1va hlavnej kontrol\u00f3rky o\u00a0v\u00fdsledkoch kontrolnej \u010dinnosti Odborn\u00e9\u2026","rel":"","context":"V &quot;Zastupite\u013estvo&quot;","block_context":{"text":"Zastupite\u013estvo","link":"https:\/\/www.hornamicina.eu\/web\/category\/zastupitelstvo\/"},"img":{"alt_text":"","src":"https:\/\/i0.wp.com\/www.hornamicina.eu\/web\/wp-content\/uploads\/2017\/07\/zastupitelstvo.jpg?fit=530%2C375&ssl=1&resize=350%2C200","width":350,"height":200,"srcset":"https:\/\/i0.wp.com\/www.hornamicina.eu\/web\/wp-content\/uploads\/2017\/07\/zastupitelstvo.jpg?fit=530%2C375&ssl=1&resize=350%2C200 1x, https:\/\/i0.wp.com\/www.hornamicina.eu\/web\/wp-content\/uploads\/2017\/07\/zastupitelstvo.jpg?fit=530%2C375&ssl=1&resize=525%2C300 1.5x"},"classes":[]},{"id":2948,"url":"https:\/\/www.hornamicina.eu\/web\/pozvanka-zas-2022-03-30-2\/","url_meta":{"origin":2658,"position":5},"title":"Pozv\u00e1nka na zasadnutie OZ Hornej Mi\u010dinej &#8211; marec 2022","author":"admin","date":"25. marca 2022","format":false,"excerpt":"D\u0148a 14.12.2020\/pondelok\/\u00a0 o 18:00 hod. sa uskuto\u010dn\u00ed zasadnutie obecn\u00e9ho zastupite\u013estva Hornej Mi\u010dinej v zasada\u010dke obecn\u00e9ho \u00faradu. Mo\u017en\u00e1 \u00fa\u010das\u0165 ob\u010danov len s platn\u00fdm certifik\u00e1tom alebo PCR testom a za dodr\u017eania pr\u00edsnych protiepidemiologick\u00fdch opatren\u00ed. Program: Otvorenie Program obecn\u00e9ho zastupite\u013estva Vo\u013eba n\u00e1vrhovej komisie, overovate\u013eov z\u00e1pisnice a\u00a0zapisovate\u013ea Spr\u00e1va hlavnej kontrol\u00f3rky o\u00a0v\u00fdsledkoch kontrolnej \u010dinnosti Odborn\u00e9\u2026","rel":"","context":"V &quot;Zastupite\u013estvo&quot;","block_context":{"text":"Zastupite\u013estvo","link":"https:\/\/www.hornamicina.eu\/web\/category\/zastupitelstvo\/"},"img":{"alt_text":"","src":"https:\/\/i0.wp.com\/www.hornamicina.eu\/web\/wp-content\/uploads\/2017\/07\/zastupitelstvo.jpg?fit=530%2C375&ssl=1&resize=350%2C200","width":350,"height":200,"srcset":"https:\/\/i0.wp.com\/www.hornamicina.eu\/web\/wp-content\/uploads\/2017\/07\/zastupitelstvo.jpg?fit=530%2C375&ssl=1&resize=350%2C200 1x, https:\/\/i0.wp.com\/www.hornamicina.eu\/web\/wp-content\/uploads\/2017\/07\/zastupitelstvo.jpg?fit=530%2C375&ssl=1&resize=525%2C300 1.5x"},"classes":[]}],"jetpack_likes_enabled":true,"_links":{"self":[{"href":"https:\/\/www.hornamicina.eu\/web\/wp-json\/wp\/v2\/posts\/2658","targetHints":{"allow":["GET"]}}],"collection":[{"href":"https:\/\/www.hornamicina.eu\/web\/wp-json\/wp\/v2\/posts"}],"about":[{"href":"https:\/\/www.hornamicina.eu\/web\/wp-json\/wp\/v2\/types\/post"}],"author":[{"embeddable":true,"href":"https:\/\/www.hornamicina.eu\/web\/wp-json\/wp\/v2\/users\/1"}],"replies":[{"embeddable":true,"href":"https:\/\/www.hornamicina.eu\/web\/wp-json\/wp\/v2\/comments?post=2658"}],"version-history":[{"count":0,"href":"https:\/\/www.hornamicina.eu\/web\/wp-json\/wp\/v2\/posts\/2658\/revisions"}],"wp:featuredmedia":[{"embeddable":true,"href":"https:\/\/www.hornamicina.eu\/web\/wp-json\/wp\/v2\/media\/503"}],"wp:attachment":[{"href":"https:\/\/www.hornamicina.eu\/web\/wp-json\/wp\/v2\/media?parent=2658"}],"wp:term":[{"taxonomy":"category","embeddable":true,"href":"https:\/\/www.hornamicina.eu\/web\/wp-json\/wp\/v2\/categories?post=2658"},{"taxonomy":"post_tag","embeddable":true,"href":"https:\/\/www.hornamicina.eu\/web\/wp-json\/wp\/v2\/tags?post=2658"}],"curies":[{"name":"wp","href":"https:\/\/api.w.org\/{rel}","templated":true}]}}