{"id":2586,"date":"2021-08-26T20:02:13","date_gmt":"2021-08-26T18:02:13","guid":{"rendered":"https:\/\/www.hornamicina.eu\/web\/?p=2586"},"modified":"2021-08-26T20:10:57","modified_gmt":"2021-08-26T18:10:57","slug":"osob-zretel-milradova","status":"publish","type":"post","link":"https:\/\/www.hornamicina.eu\/web\/osob-zretel-milradova\/","title":{"rendered":"Predaj majetku z d\u00f4vodu osobitn\u00e9ho zrete\u013ea &#8211; p. Milr\u00e1dov\u00e1"},"content":{"rendered":"<h3 style=\"text-align: center;\">ZVEREJNENIE Z\u00c1MERU<\/h3>\n<h3 style=\"text-align: center;\">preda\u0165 ni\u017e\u0161ie identifikovan\u00fd majetok Obce Horn\u00e1 Mi\u010din\u00e1 z d\u00f4vodu hodn\u00e9ho osobitn\u00e9ho zrete\u013ea<\/h3>\n<p>Obec Horn\u00e1 Mi\u010din\u00e1 v s\u00falade s ustanoveniami \u00a79 ods. 2 p\u00edsm. a) a \u00a7 9a ods. 8 p\u00edsm. e) z\u00e1kona \u010d. 138\/1991 Zb. o majetku obc\u00ed v znen\u00ed neskor\u0161\u00edch predpisov, t\u00fdmto zverej\u0148uje z\u00e1mer preda\u0165 predmetn\u00e9 pozemky z d\u00f4vodu hodn\u00e9ho osobitn\u00e9ho zrete\u013ea do vlastn\u00edctva \u017diadate\u013ea.<\/p>\n<p><strong>Predmetn\u00e9 pozemky s\u00fa:<\/strong><\/p>\n<ol>\n<li>novovytvoren\u00fd pozemok, pod\u013ea geometrick\u00e9ho pl\u00e1nu \u010d. 14419475-08\/2021 zo d\u0148a 23.03.2021 vyhotoven\u00e9ho vyhotovite\u013eom: Ing. Pivka Juraj Geoplan, I\u010cO: 14419475, Trieda SNP 75, Bansk\u00e1 Bystrica, SR, ktor\u00fd bol \u00faradne overen\u00fd Okresn\u00fdm \u00faradom Bansk\u00e1<br \/>\nBystrica, katastr\u00e1lnym odborom d\u0148a 6.4.2021 pod \u010d\u00edslom 61-300\/2021(\u010falej aj len ako \u201eGeometrick\u00fd pl\u00e1n\u201c), parc. \u010d KNC 513\/3 s v\u00fdmerou 31 m 2 , druh pozemku: zastavan\u00e1 plocha a n\u00e1dvorie, obec: Horn\u00e1 Mi\u010din\u00e1 , okres Bansk\u00e1 Bystrica, kat. \u00faz. Horn\u00e1 Mi\u010din\u00e1, ktor\u00fd bol vytvoren\u00fd oddelen\u00edm:<\/p>\n<ul>\n<li>ako diel \u010d. 6 od pozemku parc. \u010d. EKN 225\/7 s v\u00fdmerou 3275 m 2 (nov\u00e1 v\u00fdmera 2941 m 2 ), druh pozemku: ostatn\u00e1 plocha, obec: Horn\u00e1 Mi\u010din\u00e1 , okres Bansk\u00e1 Bystrica, kat. \u00faz. Horn\u00e1 Mi\u010din\u00e1, ktor\u00fd je zap\u00edsan\u00fd na liste vlastn\u00edctva \u010d. 417 vedenom Okresn\u00fdm \u00faradom Bansk\u00e1 Bystrica, katastr\u00e1lnym odborom,<\/li>\n<\/ul>\n<\/li>\n<li>novovytvoren\u00fd pozemok, pod\u013ea geometrick\u00e9ho pl\u00e1nu \u010d. 14419475-08\/2021 zo d\u0148a 23.03.2021 vyhotoven\u00e9ho vyhotovite\u013eom: Ing. Pivka Juraj Geoplan, I\u010cO: 14419475, Trieda SNP 75, Bansk\u00e1 Bystrica, SR, ktor\u00fd bol \u00faradne overen\u00fd Okresn\u00fdm \u00faradom Bansk\u00e1 Bystrica, katastr\u00e1lnym odborom d\u0148a 6.4.2021 pod \u010d\u00edslom 61-300\/2021(\u010falej aj len ako \u201eGeometrick\u00fd pl\u00e1n\u201c), parc. \u010d KNC 513\/5 s v\u00fdmerou 76 m2, druh pozemku: zastavan\u00e1 plocha a n\u00e1dvorie, obec: Horn\u00e1 Mi\u010din\u00e1 , okres Bansk\u00e1 Bystrica, kat. \u00faz. Horn\u00e1 Mi\u010din\u00e1, ktor\u00fd bol vytvoren\u00fd oddelen\u00edm:\n<ul>\n<li>ako diel \u010d. 5 od pozemku parc. \u010d. EKN 225\/7 s v\u00fdmerou 3275 m 2 (nov\u00e1 v\u00fdmera 2941 m 2 ), druh pozemku: ostatn\u00e1 plocha, obec: Horn\u00e1 Mi\u010din\u00e1 , okres Bansk\u00e1 Bystrica, kat. \u00faz. Horn\u00e1 Mi\u010din\u00e1, ktor\u00fd je zap\u00edsan\u00fd na liste vlastn\u00edctva \u010d. 417 vedenom Okresn\u00fdm \u00faradom Bansk\u00e1 Bystrica, katastr\u00e1lnym odborom,<\/li>\n<\/ul>\n<\/li>\n<li>novovytvoren\u00fd pozemok, pod\u013ea geometrick\u00e9ho pl\u00e1nu \u010d. 14419475-08\/2021 zo d\u0148a 23.03.2021 vyhotoven\u00e9ho vyhotovite\u013eom: Ing. Pivka Juraj Geoplan, I\u010cO: 14419475, Trieda SNP 75, Bansk\u00e1 Bystrica, SR, ktor\u00fd bol \u00faradne overen\u00fd Okresn\u00fdm \u00faradom Bansk\u00e1 Bystrica, katastr\u00e1lnym odborom d\u0148a 6.4.2021 pod \u010d\u00edslom 61-300\/2021(\u010falej aj len ako \u201eGeometrick\u00fd pl\u00e1n\u201c), parc. \u010d KNC 75\/3 s v\u00fdmerou 18 m2, druh pozemku: z\u00e1hrada obec: Horn\u00e1 Mi\u010din\u00e1 , okres Bansk\u00e1 Bystrica, kat. \u00faz. Horn\u00e1 Mi\u010din\u00e1, ktor\u00fd bol vytvoren\u00fd oddelen\u00edm:\n<ul>\n<li>ako diel \u010d. 4 od pozemku parc. \u010d. EKN 225\/7 s v\u00fdmerou 3275 m 2 (nov\u00e1 v\u00fdmera 2941 m 2 ), druh pozemku: ostatn\u00e1 plocha, obec: Horn\u00e1 Mi\u010din\u00e1 , okres Bansk\u00e1 Bystrica, kat. \u00faz. Horn\u00e1 Mi\u010din\u00e1, ktor\u00fd je zap\u00edsan\u00fd na liste vlastn\u00edctva \u010d. 417 vedenom Okresn\u00fdm \u00faradom\u00a0Bansk\u00e1 Bystrica, katastr\u00e1lnym odborom,<\/li>\n<\/ul>\n<\/li>\n<\/ol>\n<p>&nbsp;<\/p>\n<p><strong>\u017diadate\u013eovi:<\/strong><\/p>\n<p>Meno a priezvisko : Lenka Milr\u00e1dov\u00e1<br \/>\nTrvale bytom: Horn\u00e1 Mi\u010din\u00e1 26, 974 01 Bansk\u00e1 Bystrica<\/p>\n<p>do v\u00fdlu\u010dn\u00e9ho vlastn\u00edctva v\u00a0podiele 1\/1 k\u00a0celku.<\/p>\n<p>&nbsp;<\/p>\n<p><strong>Zd\u00f4vodnenie osobitn\u00e9ho zrete\u013ea:<\/strong><\/p>\n<p>\u201eSkuto\u010dnos\u0165, \u017ee predmetn\u00e9 pozemky, ktor\u00e9 s\u00fa predmetom prevodu s\u00fa z h\u013eadiska geografickej polohy susediacimi pozemkami k pozemku \u017eiadate\u013ea, u\u017e v s\u00fa\u010dasnosti sa o ne \u017eiadate\u013e dlhodobo star\u00e1, udr\u017euje ich, a uveden\u00fdm prevodom si scel\u00ed a usporiada vlastn\u00edcke pomery svojich nehnute\u013enost\u00ed. Obec aj \u00a0s oh\u013eadom na n\u00edzku v\u00fdmeru predmetn\u00fdch pozemkov a hospod\u00e1rsku neefekt\u00edvnos\u0165 jeho vyu\u017eitia zo strany obce s poukazom na vy\u0161\u0161ie uveden\u00e9, sa Obec Horn\u00e1 Mi\u010din\u00e1 rozhodla o\u00a0predaj predmetn\u00fdch pozemkov \u017eiadate\u013eovi\u201c.<\/p>\n<p>Obec Horn\u00e1 Mi\u010din\u00e1<\/p>\n","protected":false},"excerpt":{"rendered":"ZVEREJNENIE Z\u00c1MERU preda\u0165 ni\u017e\u0161ie identifikovan\u00fd majetok Obce Horn\u00e1 Mi\u010din\u00e1 z d\u00f4vodu hodn\u00e9ho osobitn\u00e9ho [&hellip;]","protected":false},"author":1,"featured_media":390,"comment_status":"closed","ping_status":"open","sticky":false,"template":"","format":"standard","meta":{"advanced_seo_description":"","jetpack_seo_html_title":"","jetpack_seo_noindex":false,"_jetpack_memberships_contains_paid_content":false,"footnotes":""},"categories":[5,32],"tags":[55,276,260,115,114,261],"class_list":["post-2586","post","type-post","status-publish","format-standard","has-post-thumbnail","hentry","category-dolezite","category-uradna-tabula","tag-55","tag-milradova","tag-osobitny","tag-pozemok","tag-predaj","tag-zretel"],"jetpack_featured_media_url":"https:\/\/i0.wp.com\/www.hornamicina.eu\/web\/wp-content\/uploads\/2017\/07\/uznesenia.jpg?fit=530%2C530&ssl=1","jetpack_sharing_enabled":true,"jetpack_shortlink":"https:\/\/wp.me\/p8RsFw-FI","jetpack-related-posts":[{"id":2798,"url":"https:\/\/www.hornamicina.eu\/web\/zverejnenie-zameru-predat-majetok-obce-p-milradova\/","url_meta":{"origin":2586,"position":0},"title":"Zverejnenie z\u00e1meru preda\u0165 majetok obce &#8211; p. Milr\u00e1dov\u00e1","author":"admin","date":"4. decembra 2021","format":false,"excerpt":"ZVEREJNENIE Z\u00c1MERU \u00a0 preda\u0165 ni\u017e\u0161ie identifikovan\u00fd majetok Obce Horn\u00e1 Mi\u010din\u00e1 z\u00a0d\u00f4vodu hodn\u00e9ho osobitn\u00e9ho zrete\u013ea \u00a0 Obec Horn\u00e1 Mi\u010din\u00e1 v\u00a0s\u00falade s ustanoveniami \u00a79 ods. 2 p\u00edsm. a) a \u00a7 9a ods. 8 p\u00edsm. e) z\u00e1kona \u010d. 138\/1991 Zb. o\u00a0majetku obc\u00ed v\u00a0znen\u00ed neskor\u0161\u00edch predpisov, t\u00fdmto zverej\u0148uje z\u00e1mer preda\u0165 predmetn\u00e9 pozemky z\u00a0d\u00f4vodu hodn\u00e9ho\u2026","rel":"","context":"V &quot;Elektronick\u00e1 \u00faradn\u00e1 tabu\u013ea&quot;","block_context":{"text":"Elektronick\u00e1 \u00faradn\u00e1 tabu\u013ea","link":"https:\/\/www.hornamicina.eu\/web\/category\/uradna-tabula\/"},"img":{"alt_text":"Logo obce a dokumenty","src":"https:\/\/i0.wp.com\/www.hornamicina.eu\/web\/wp-content\/uploads\/2017\/07\/uznesenia.jpg?fit=530%2C530&ssl=1&resize=350%2C200","width":350,"height":200,"srcset":"https:\/\/i0.wp.com\/www.hornamicina.eu\/web\/wp-content\/uploads\/2017\/07\/uznesenia.jpg?fit=530%2C530&ssl=1&resize=350%2C200 1x, https:\/\/i0.wp.com\/www.hornamicina.eu\/web\/wp-content\/uploads\/2017\/07\/uznesenia.jpg?fit=530%2C530&ssl=1&resize=525%2C300 1.5x"},"classes":[]},{"id":2635,"url":"https:\/\/www.hornamicina.eu\/web\/osob-zretel-lackova\/","url_meta":{"origin":2586,"position":1},"title":"Predaj majetku z d\u00f4vodu osobitn\u00e9ho zrete\u013ea &#8211; p. Lackova","author":"admin","date":"31. augusta 2021","format":false,"excerpt":"ZVEREJNENIE Z\u00c1MERU preda\u0165 ni\u017e\u0161ie identifikovan\u00fd majetok Obce Horn\u00e1 Mi\u010din\u00e1 z d\u00f4vodu hodn\u00e9ho osobitn\u00e9ho zrete\u013ea Obec Horn\u00e1 Mi\u010din\u00e1 v s\u00falade s ustanoveniami \u00a79 ods. 2 p\u00edsm. a) a \u00a7 9a ods. 8 p\u00edsm. e) z\u00e1kona \u010d. 138\/1991 Zb. o majetku obc\u00ed v znen\u00ed neskor\u0161\u00edch predpisov, t\u00fdmto zverej\u0148uje z\u00e1mer preda\u0165 predmetn\u00e9 nehnute\u013enosti\u2026","rel":"","context":"V &quot;D\u00f4le\u017eit\u00e9&quot;","block_context":{"text":"D\u00f4le\u017eit\u00e9","link":"https:\/\/www.hornamicina.eu\/web\/category\/dolezite\/"},"img":{"alt_text":"Logo obce a dokumenty","src":"https:\/\/i0.wp.com\/www.hornamicina.eu\/web\/wp-content\/uploads\/2017\/07\/uznesenia.jpg?fit=530%2C530&ssl=1&resize=350%2C200","width":350,"height":200,"srcset":"https:\/\/i0.wp.com\/www.hornamicina.eu\/web\/wp-content\/uploads\/2017\/07\/uznesenia.jpg?fit=530%2C530&ssl=1&resize=350%2C200 1x, https:\/\/i0.wp.com\/www.hornamicina.eu\/web\/wp-content\/uploads\/2017\/07\/uznesenia.jpg?fit=530%2C530&ssl=1&resize=525%2C300 1.5x"},"classes":[]},{"id":2700,"url":"https:\/\/www.hornamicina.eu\/web\/osob-zretel-holikova\/","url_meta":{"origin":2586,"position":2},"title":"Predaj majetku z d\u00f4vodu osobitn\u00e9ho zrete\u013ea &#8211; p. Hol\u00edkov\u00e1","author":"admin","date":"27. okt\u00f3bra 2021","format":false,"excerpt":"ZVEREJNENIE Z\u00c1MERU preda\u0165 ni\u017e\u0161ie identifikovan\u00fd majetok Obce Horn\u00e1 Mi\u010din\u00e1 z d\u00f4vodu hodn\u00e9ho osobitn\u00e9ho zrete\u013ea Obec Horn\u00e1 Mi\u010din\u00e1 v s\u00falade s ustanoveniami \u00a79 ods. 2 p\u00edsm. a) a \u00a7 9a ods. 8 p\u00edsm. e) z\u00e1kona \u010d. 138\/1991 Zb. o majetku obc\u00ed v znen\u00ed neskor\u0161\u00edch predpisov, t\u00fdmto zverej\u0148uje z\u00e1mer preda\u0165 predmetn\u00e9 nehnute\u013enosti\u2026","rel":"","context":"V &quot;D\u00f4le\u017eit\u00e9&quot;","block_context":{"text":"D\u00f4le\u017eit\u00e9","link":"https:\/\/www.hornamicina.eu\/web\/category\/dolezite\/"},"img":{"alt_text":"Logo obce a dokumenty","src":"https:\/\/i0.wp.com\/www.hornamicina.eu\/web\/wp-content\/uploads\/2017\/07\/uznesenia.jpg?fit=530%2C530&ssl=1&resize=350%2C200","width":350,"height":200,"srcset":"https:\/\/i0.wp.com\/www.hornamicina.eu\/web\/wp-content\/uploads\/2017\/07\/uznesenia.jpg?fit=530%2C530&ssl=1&resize=350%2C200 1x, https:\/\/i0.wp.com\/www.hornamicina.eu\/web\/wp-content\/uploads\/2017\/07\/uznesenia.jpg?fit=530%2C530&ssl=1&resize=525%2C300 1.5x"},"classes":[]},{"id":2590,"url":"https:\/\/www.hornamicina.eu\/web\/osob-zretel-hulina\/","url_meta":{"origin":2586,"position":3},"title":"Predaj majetku z d\u00f4vodu osobitn\u00e9ho zrete\u013ea &#8211; p. Hulina","author":"admin","date":"26. augusta 2021","format":false,"excerpt":"ZVEREJNENIE Z\u00c1MERU preda\u0165 ni\u017e\u0161ie identifikovan\u00fd majetok Obce Horn\u00e1 Mi\u010din\u00e1 z d\u00f4vodu hodn\u00e9ho osobitn\u00e9ho zrete\u013ea Obec Horn\u00e1 Mi\u010din\u00e1 v s\u00falade s ustanoveniami \u00a79 ods. 2 p\u00edsm. a) a \u00a7 9a ods. 8 p\u00edsm. e) z\u00e1kona \u010d. 138\/1991 Zb. o majetku obc\u00ed v znen\u00ed neskor\u0161\u00edch predpisov, t\u00fdmto zverej\u0148uje z\u00e1mer preda\u0165 predmetn\u00e9 pozemky\u2026","rel":"","context":"V &quot;D\u00f4le\u017eit\u00e9&quot;","block_context":{"text":"D\u00f4le\u017eit\u00e9","link":"https:\/\/www.hornamicina.eu\/web\/category\/dolezite\/"},"img":{"alt_text":"Logo obce a dokumenty","src":"https:\/\/i0.wp.com\/www.hornamicina.eu\/web\/wp-content\/uploads\/2017\/07\/uznesenia.jpg?fit=530%2C530&ssl=1&resize=350%2C200","width":350,"height":200,"srcset":"https:\/\/i0.wp.com\/www.hornamicina.eu\/web\/wp-content\/uploads\/2017\/07\/uznesenia.jpg?fit=530%2C530&ssl=1&resize=350%2C200 1x, https:\/\/i0.wp.com\/www.hornamicina.eu\/web\/wp-content\/uploads\/2017\/07\/uznesenia.jpg?fit=530%2C530&ssl=1&resize=525%2C300 1.5x"},"classes":[]},{"id":2796,"url":"https:\/\/www.hornamicina.eu\/web\/zverejnenie-zameru-predat-majetok-obce-p-hulina\/","url_meta":{"origin":2586,"position":4},"title":"Zverejnenie z\u00e1meru preda\u0165 majetok obce &#8211; p. Hulina","author":"admin","date":"4. decembra 2021","format":false,"excerpt":"ZVEREJNENIE Z\u00c1MERU \u00a0 preda\u0165 ni\u017e\u0161ie identifikovan\u00fd majetok Obce Horn\u00e1 Mi\u010din\u00e1 z\u00a0d\u00f4vodu hodn\u00e9ho osobitn\u00e9ho zrete\u013ea \u00a0 Obec Horn\u00e1 Mi\u010din\u00e1 v\u00a0s\u00falade s ustanoveniami \u00a79 ods. 2 p\u00edsm. a) a \u00a7 9a ods. 8 p\u00edsm. e) z\u00e1kona \u010d. 138\/1991 Zb. o\u00a0majetku obc\u00ed v\u00a0znen\u00ed neskor\u0161\u00edch predpisov, t\u00fdmto zverej\u0148uje z\u00e1mer preda\u0165 predmetn\u00e9 pozemky z\u00a0d\u00f4vodu hodn\u00e9ho\u2026","rel":"","context":"V &quot;Elektronick\u00e1 \u00faradn\u00e1 tabu\u013ea&quot;","block_context":{"text":"Elektronick\u00e1 \u00faradn\u00e1 tabu\u013ea","link":"https:\/\/www.hornamicina.eu\/web\/category\/uradna-tabula\/"},"img":{"alt_text":"Logo obce a dokumenty","src":"https:\/\/i0.wp.com\/www.hornamicina.eu\/web\/wp-content\/uploads\/2017\/07\/uznesenia.jpg?fit=530%2C530&ssl=1&resize=350%2C200","width":350,"height":200,"srcset":"https:\/\/i0.wp.com\/www.hornamicina.eu\/web\/wp-content\/uploads\/2017\/07\/uznesenia.jpg?fit=530%2C530&ssl=1&resize=350%2C200 1x, https:\/\/i0.wp.com\/www.hornamicina.eu\/web\/wp-content\/uploads\/2017\/07\/uznesenia.jpg?fit=530%2C530&ssl=1&resize=525%2C300 1.5x"},"classes":[]},{"id":2633,"url":"https:\/\/www.hornamicina.eu\/web\/osob-zretel-cabanovci\/","url_meta":{"origin":2586,"position":5},"title":"Predaj majetku z d\u00f4vodu osobitn\u00e9ho zrete\u013ea &#8211; p. Caban, p. Cabanov\u00e1","author":"admin","date":"30. augusta 2021","format":false,"excerpt":"ZVEREJNENIE Z\u00c1MERU preda\u0165 ni\u017e\u0161ie identifikovan\u00fd majetok Obce Horn\u00e1 Mi\u010din\u00e1 z d\u00f4vodu hodn\u00e9ho osobitn\u00e9ho zrete\u013ea Obec Horn\u00e1 Mi\u010din\u00e1 v s\u00falade s ustanoveniami \u00a79 ods. 2 p\u00edsm. a) a \u00a7 9a ods. 8 p\u00edsm. e) z\u00e1kona \u010d. 138\/1991 Zb. o majetku obc\u00ed v znen\u00ed neskor\u0161\u00edch predpisov, t\u00fdmto zverej\u0148uje z\u00e1mer preda\u0165 predmetn\u00e9 pozemky\u2026","rel":"","context":"V &quot;D\u00f4le\u017eit\u00e9&quot;","block_context":{"text":"D\u00f4le\u017eit\u00e9","link":"https:\/\/www.hornamicina.eu\/web\/category\/dolezite\/"},"img":{"alt_text":"Logo obce a dokumenty","src":"https:\/\/i0.wp.com\/www.hornamicina.eu\/web\/wp-content\/uploads\/2017\/07\/uznesenia.jpg?fit=530%2C530&ssl=1&resize=350%2C200","width":350,"height":200,"srcset":"https:\/\/i0.wp.com\/www.hornamicina.eu\/web\/wp-content\/uploads\/2017\/07\/uznesenia.jpg?fit=530%2C530&ssl=1&resize=350%2C200 1x, https:\/\/i0.wp.com\/www.hornamicina.eu\/web\/wp-content\/uploads\/2017\/07\/uznesenia.jpg?fit=530%2C530&ssl=1&resize=525%2C300 1.5x"},"classes":[]}],"jetpack_likes_enabled":true,"_links":{"self":[{"href":"https:\/\/www.hornamicina.eu\/web\/wp-json\/wp\/v2\/posts\/2586","targetHints":{"allow":["GET"]}}],"collection":[{"href":"https:\/\/www.hornamicina.eu\/web\/wp-json\/wp\/v2\/posts"}],"about":[{"href":"https:\/\/www.hornamicina.eu\/web\/wp-json\/wp\/v2\/types\/post"}],"author":[{"embeddable":true,"href":"https:\/\/www.hornamicina.eu\/web\/wp-json\/wp\/v2\/users\/1"}],"replies":[{"embeddable":true,"href":"https:\/\/www.hornamicina.eu\/web\/wp-json\/wp\/v2\/comments?post=2586"}],"version-history":[{"count":0,"href":"https:\/\/www.hornamicina.eu\/web\/wp-json\/wp\/v2\/posts\/2586\/revisions"}],"wp:featuredmedia":[{"embeddable":true,"href":"https:\/\/www.hornamicina.eu\/web\/wp-json\/wp\/v2\/media\/390"}],"wp:attachment":[{"href":"https:\/\/www.hornamicina.eu\/web\/wp-json\/wp\/v2\/media?parent=2586"}],"wp:term":[{"taxonomy":"category","embeddable":true,"href":"https:\/\/www.hornamicina.eu\/web\/wp-json\/wp\/v2\/categories?post=2586"},{"taxonomy":"post_tag","embeddable":true,"href":"https:\/\/www.hornamicina.eu\/web\/wp-json\/wp\/v2\/tags?post=2586"}],"curies":[{"name":"wp","href":"https:\/\/api.w.org\/{rel}","templated":true}]}}