{"id":2525,"date":"2021-06-10T12:31:37","date_gmt":"2021-06-10T10:31:37","guid":{"rendered":"https:\/\/www.hornamicina.eu\/web\/?p=2525"},"modified":"2021-06-11T12:37:05","modified_gmt":"2021-06-11T10:37:05","slug":"uzemny-plan-obce-info-ver-2021","status":"publish","type":"post","link":"https:\/\/www.hornamicina.eu\/web\/uzemny-plan-obce-info-ver-2021\/","title":{"rendered":"\u00dazemn\u00fd pl\u00e1n obce<br>Inform\u00e1cia pre verejnos\u0165"},"content":{"rendered":"<p>Oznamujeme verejnosti, \u017ee stanovisk\u00e1 verejnosti k ozn\u00e1meniu o strategickom dokumente \u201e<strong>\u00dazemn\u00fd pl\u00e1n obce Horn\u00e1 Mi\u010din\u00e1<\/strong>&#8220; je mo\u017en\u00e9 predklada\u0165 <strong>najnesk\u00f4r do 21 dn\u00ed<\/strong> od zverejnenia na adresu:<\/p>\n<blockquote><p>Okresn\u00fd \u00farad Bansk\u00e1 Bystrica<br \/>\nOdbor starostlivosti o \u017eivotn\u00e9 prostredie N\u00e1m. \u013d. \u0160t\u00fara 1<br \/>\n974 05 Bansk\u00e1 Bystrica<br \/>\ne-mail: oszp.bb@minv.sk<br \/>\ntelef\u00f3n: 048\/430 63 62<\/p><\/blockquote>\n<p>Spr\u00e1va o hodnoten\u00ed strategick\u00e9ho dokumentu je pr\u00edstupn\u00e1 na webovom s\u00eddle Ministerstva \u017eivotn\u00e9ho prostredia SR:<br \/>\n<a href=\"https:\/\/www.enviroportal.sk\/sk\/eia\/\" target=\"_blank\" rel=\"noopener\">https:\/\/www.enviroportal.sk\/sk\/eia\/<\/a>.<br \/>\nKonzult\u00e1cie pod\u013ea \u00a7 10 ods. 3 z\u00e1kona \u010d. 24\/2006 Z. z. o posudzovan\u00ed vplyvov na \u017eivotn\u00e9 prostredie a o zmene a doplnen\u00ed niektor\u00fdch z\u00e1konov v znen\u00ed neskor\u0161\u00edch predpisov k ozn\u00e1meniu o strategickom dokumente \u201e\u00dazemn\u00fd pl\u00e1n obce Horn\u00e1 Mi\u010din\u00e1&#8220; je mo\u017en\u00e9 vykona\u0165 na Okresnom \u00farade Bansk\u00e1 Bystrica, odbore starostlivosti o \u017eivotn\u00e9 prostredie, N\u00e1m. \u013d. \u0160t\u00fara 1, Bansk\u00e1 Bystrica v pracovn\u00fdch d\u0148och po\u010das \u00faradn\u00fdch hod\u00edn (term\u00edn konzult\u00e1cie doporu\u010dujeme dohodn\u00fa\u0165 vopred telefonicky alebo e-mailom).<\/p>\n<p>Zna\u010dka.: OU-BB-OSZP3-202 l\/002993-031<\/p>\n","protected":false},"excerpt":{"rendered":"Oznamujeme verejnosti, \u017ee stanovisk\u00e1 verejnosti k ozn\u00e1meniu o strategickom dokumente \u201e\u00dazemn\u00fd pl\u00e1n obce [&hellip;]","protected":false},"author":1,"featured_media":390,"comment_status":"closed","ping_status":"open","sticky":false,"template":"","format":"standard","meta":{"advanced_seo_description":"","jetpack_seo_html_title":"","jetpack_seo_noindex":false,"_jetpack_memberships_contains_paid_content":false,"footnotes":""},"categories":[5,32,8],"tags":[52,270,268,269],"class_list":["post-2525","post","type-post","status-publish","format-standard","has-post-thumbnail","hentry","category-dolezite","category-uradna-tabula","category-oznamy","tag-navrh","tag-plan","tag-upn","tag-uzemny"],"jetpack_featured_media_url":"https:\/\/i0.wp.com\/www.hornamicina.eu\/web\/wp-content\/uploads\/2017\/07\/uznesenia.jpg?fit=530%2C530&ssl=1","jetpack_sharing_enabled":true,"jetpack_shortlink":"https:\/\/wp.me\/p8RsFw-EJ","jetpack-related-posts":[{"id":2199,"url":"https:\/\/www.hornamicina.eu\/web\/uzemny-plan-obce-adresa-na-dorucovanie\/","url_meta":{"origin":2525,"position":0},"title":"\u00dazemn\u00fd pl\u00e1n obce &#8211; adresa na doru\u010dovanie","author":"admin","date":"11. novembra 2020","format":false,"excerpt":"Ozn\u00e1menie o strategickom dokumente je zverejnen\u00e9 tu. \u00daZEMN\u00dd PL\u00c1N OBCE HORN\u00c1 MI\u010cIN\u00c1 Oznam Okresn\u00e9ho \u00faradu BB \u00a0 Oznamujeme verejnosti, \u017ee stanovisk\u00e1 verejnosti k ozn\u00e1meniu o strategickom dokumente \u201e\u00dazemn\u00fd pl\u00e1n obce Horn\u00e1 Mi\u010din\u00e1\u201c je mo\u017en\u00e9 preklada\u0165 najnesk\u00f4r do 15 dn\u00ed od zverejnenia na adresu: Okresn\u00fd \u00farad Bansk\u00e1 Bystrica Odbor starostlivosti o\u2026","rel":"","context":"V &quot;D\u00f4le\u017eit\u00e9&quot;","block_context":{"text":"D\u00f4le\u017eit\u00e9","link":"https:\/\/www.hornamicina.eu\/web\/category\/dolezite\/"},"img":{"alt_text":"","src":"https:\/\/i0.wp.com\/www.hornamicina.eu\/web\/wp-content\/uploads\/2018\/07\/MicinskoPost.jpg?fit=530%2C472&ssl=1&resize=350%2C200","width":350,"height":200,"srcset":"https:\/\/i0.wp.com\/www.hornamicina.eu\/web\/wp-content\/uploads\/2018\/07\/MicinskoPost.jpg?fit=530%2C472&ssl=1&resize=350%2C200 1x, https:\/\/i0.wp.com\/www.hornamicina.eu\/web\/wp-content\/uploads\/2018\/07\/MicinskoPost.jpg?fit=530%2C472&ssl=1&resize=525%2C300 1.5x"},"classes":[]},{"id":2538,"url":"https:\/\/www.hornamicina.eu\/web\/uzemny-plan-obce-verejne-prerokovanie-2\/","url_meta":{"origin":2525,"position":1},"title":"\u00dazemn\u00fd pl\u00e1n obceVerejn\u00e9 prerokovanie","author":"admin","date":"18. j\u00fana 2021","format":false,"excerpt":"Obec Horn\u00e1 Mi\u010din\u00e1, ako obstar\u00e1vate\u013e \u00fazemnopl\u00e1novacej dokument\u00e1cie obce pod\u013ea \u00a7 18 ods. 4 z\u00e1kona \u010d. 50\/1976 Zb. v znen\u00ed neskor\u0161\u00edch predpisov (\u010falej stavebn\u00fd z\u00e1kon), t\u00fdmto oznamuje verejnosti, dotknut\u00fdm pr\u00e1vnick\u00fdm a fyzick\u00fdm osob\u00e1m \u017ee po dohode a spolupr\u00e1ci s Okresn\u00fdm \u00faradom Bansk\u00e1 Bystrica, odbor starostlivosti o \u017dP pod\u013ea \u00a7 11 z\u00e1kona\u2026","rel":"","context":"V &quot;D\u00f4le\u017eit\u00e9&quot;","block_context":{"text":"D\u00f4le\u017eit\u00e9","link":"https:\/\/www.hornamicina.eu\/web\/category\/dolezite\/"},"img":{"alt_text":"Logo obce a dokumenty","src":"https:\/\/i0.wp.com\/www.hornamicina.eu\/web\/wp-content\/uploads\/2017\/07\/uznesenia.jpg?fit=530%2C530&ssl=1&resize=350%2C200","width":350,"height":200,"srcset":"https:\/\/i0.wp.com\/www.hornamicina.eu\/web\/wp-content\/uploads\/2017\/07\/uznesenia.jpg?fit=530%2C530&ssl=1&resize=350%2C200 1x, https:\/\/i0.wp.com\/www.hornamicina.eu\/web\/wp-content\/uploads\/2017\/07\/uznesenia.jpg?fit=530%2C530&ssl=1&resize=525%2C300 1.5x"},"classes":[]},{"id":1501,"url":"https:\/\/www.hornamicina.eu\/web\/uzemny-plan-mesta-banska-bystrica-zmeny-a-doplnky-c-5\/","url_meta":{"origin":2525,"position":2},"title":"\u00dazemn\u00fd pl\u00e1n mesta Bansk\u00e1 Bystrica &#8211; zmeny a doplnky \u010d. 5","author":"admin","date":"3. j\u00fala 2019","format":false,"excerpt":"Obstar\u00e1vate\u013e strategick\u00e9ho dokumentu, mesto Bansk\u00e1 Bystrica predlo\u017eilo Okresn\u00e9mu \u00faradu Bansk\u00e1 Bystrica, Odboru starostlivosti o \u017eivotn\u00e9 prostredie Ozn\u00e1menie o strategickom dokumente \"\u00dazemn\u00fd pl\u00e1n mesta Bansk\u00e1 Bystrica, Zmeny a doplnky \u010d. 5 - op\u00e4tovn\u00e9\", ktor\u00e9 n\u00e1m ako dotnutej obci zasielaj\u00fa. Viac v dokumente\u00a0\u00dazemn\u00fd pl\u00e1n mesta Bansk\u00e1 Bystrica, zmeny a doplnky \u010d. 5\u2026","rel":"","context":"V &quot;D\u00f4le\u017eit\u00e9&quot;","block_context":{"text":"D\u00f4le\u017eit\u00e9","link":"https:\/\/www.hornamicina.eu\/web\/category\/dolezite\/"},"img":{"alt_text":"","src":"https:\/\/i0.wp.com\/www.hornamicina.eu\/web\/wp-content\/uploads\/2018\/02\/uzneseniaBB.png?fit=530%2C375&ssl=1&resize=350%2C200","width":350,"height":200,"srcset":"https:\/\/i0.wp.com\/www.hornamicina.eu\/web\/wp-content\/uploads\/2018\/02\/uzneseniaBB.png?fit=530%2C375&ssl=1&resize=350%2C200 1x, https:\/\/i0.wp.com\/www.hornamicina.eu\/web\/wp-content\/uploads\/2018\/02\/uzneseniaBB.png?fit=530%2C375&ssl=1&resize=525%2C300 1.5x"},"classes":[]},{"id":5460,"url":"https:\/\/www.hornamicina.eu\/web\/schvalenie-dokumentacie-ochrany-prirody-a-krajiny-okres-banska-bystrica\/","url_meta":{"origin":2525,"position":3},"title":"Schv\u00e1lenie dokument\u00e1cie ochrany pr\u00edrody a krajiny \u2013 okres Bansk\u00e1 Bystrica","author":"admin","date":"10. septembra 2025","format":false,"excerpt":"Okresn\u00fd \u00farad Bansk\u00e1 Bystrica, odbor starostlivosti o \u017eivotn\u00e9 prostredie, vydal rozhodnutie o schv\u00e1len\u00ed dokument\u00e1cie ochrany pr\u00edrody a krajiny \u2013 Region\u00e1lny \u00fazemn\u00fd syst\u00e9m ekologickej stability okresu Bansk\u00e1 Bystrica (RUSES). T\u00e1to dokument\u00e1cia bola vypracovan\u00e1 v s\u00falade so z\u00e1konom o ochrane pr\u00edrody a krajiny a predstavuje aktualizovan\u00fd syst\u00e9m ekologickej stability prisp\u00f4soben\u00fd s\u00fa\u010dasn\u00fdm podmienkam\u2026","rel":"","context":"V &quot;Elektronick\u00e1 \u00faradn\u00e1 tabu\u013ea&quot;","block_context":{"text":"Elektronick\u00e1 \u00faradn\u00e1 tabu\u013ea","link":"https:\/\/www.hornamicina.eu\/web\/category\/uradna-tabula\/"},"img":{"alt_text":"Logo obce a dokumenty","src":"https:\/\/i0.wp.com\/www.hornamicina.eu\/web\/wp-content\/uploads\/2017\/07\/uznesenia.jpg?fit=530%2C530&ssl=1&resize=350%2C200","width":350,"height":200,"srcset":"https:\/\/i0.wp.com\/www.hornamicina.eu\/web\/wp-content\/uploads\/2017\/07\/uznesenia.jpg?fit=530%2C530&ssl=1&resize=350%2C200 1x, https:\/\/i0.wp.com\/www.hornamicina.eu\/web\/wp-content\/uploads\/2017\/07\/uznesenia.jpg?fit=530%2C530&ssl=1&resize=525%2C300 1.5x"},"classes":[]},{"id":2681,"url":"https:\/\/www.hornamicina.eu\/web\/rozhodnutie-o-posudzovani-vplyvov-na-zp-ou-bb\/","url_meta":{"origin":2525,"position":4},"title":"Rozhodnutie o posudzovan\u00ed vplyvov na \u017dP &#8211; O\u00da BB","author":"admin","date":"21. okt\u00f3bra 2021","format":false,"excerpt":"OKRESN\u00dd \u00daRAD BANSK\u00c1 BYSTRICA ODBOR STAROSTLIVOSTI O \u017dIVOTN\u00c9 PROSTREDIE Oddelenie ochrany pr\u00edrody a vybran\u00fdch zlo\u017eiek \u017eivotn\u00e9ho prostredia N\u00e1m. \u013dudov\u00edta \u0160t\u00fara 1, 974 OS Bansk\u00e1 Bystrica Okresn\u00fd \u00farad Bansk\u00e1 Bystrica, odbor starostlivosti o \u017eivotn\u00e9 prostredie (\u010falej len \"Okresn\u00fd \u00farad Bansk\u00e1 Bystrica\") ako pr\u00edslu\u0161n\u00fd org\u00e1n \u0161t\u00e1tnej spr\u00e1vy pod\u013ea \u00a7 S ods.1 z\u00e1kona\u2026","rel":"","context":"V &quot;D\u00f4le\u017eit\u00e9&quot;","block_context":{"text":"D\u00f4le\u017eit\u00e9","link":"https:\/\/www.hornamicina.eu\/web\/category\/dolezite\/"},"img":{"alt_text":"Logo obce a dokumenty","src":"https:\/\/i0.wp.com\/www.hornamicina.eu\/web\/wp-content\/uploads\/2017\/07\/uznesenia.jpg?fit=530%2C530&ssl=1&resize=350%2C200","width":350,"height":200,"srcset":"https:\/\/i0.wp.com\/www.hornamicina.eu\/web\/wp-content\/uploads\/2017\/07\/uznesenia.jpg?fit=530%2C530&ssl=1&resize=350%2C200 1x, https:\/\/i0.wp.com\/www.hornamicina.eu\/web\/wp-content\/uploads\/2017\/07\/uznesenia.jpg?fit=530%2C530&ssl=1&resize=525%2C300 1.5x"},"classes":[]},{"id":4309,"url":"https:\/\/www.hornamicina.eu\/web\/vzn-obce-horna-micina-navrh-uzemny-plan-obce\/","url_meta":{"origin":2525,"position":5},"title":"VZN obce Horn\u00e1 Mi\u010din\u00e1 (n\u00e1vrh) &#8211; \u00dazemn\u00fd pl\u00e1n obce","author":"admin","date":"25. j\u00fana 2024","format":false,"excerpt":"V\u0161eobecne z\u00e1v\u00e4zn\u00e9 nariadenie obce Horn\u00e1 Mi\u010din\u00e1 \u010d. ................, ktor\u00fdm sa vyhlasuj\u00fa z\u00e1v\u00e4zn\u00e9 \u010dasti \u00daPN obce Horn\u00e1 Mi\u010din\u00e1. (n\u00e1vrh) Obecn\u00e9 zastupite\u013estvo Horn\u00e1 Mi\u010din\u00e1 pod\u013ea \u00a7 6 ods. 1 z\u00e1kona \u010d. 369\/1990 Zb. o obecnom zriaden\u00ed v znen\u00ed neskor\u0161\u00edch predpisov, v s\u00falade s ustanoven\u00edm \u00a7 27 ods. 3 z\u00e1kona \u010d. 50\/1976 Zb.\u2026","rel":"","context":"V &quot;D\u00f4le\u017eit\u00e9&quot;","block_context":{"text":"D\u00f4le\u017eit\u00e9","link":"https:\/\/www.hornamicina.eu\/web\/category\/dolezite\/"},"img":{"alt_text":"HornaMicinaLetecky","src":"https:\/\/i0.wp.com\/www.hornamicina.eu\/web\/wp-content\/uploads\/2017\/06\/4501.jpg?fit=1200%2C800&ssl=1&resize=350%2C200","width":350,"height":200,"srcset":"https:\/\/i0.wp.com\/www.hornamicina.eu\/web\/wp-content\/uploads\/2017\/06\/4501.jpg?fit=1200%2C800&ssl=1&resize=350%2C200 1x, https:\/\/i0.wp.com\/www.hornamicina.eu\/web\/wp-content\/uploads\/2017\/06\/4501.jpg?fit=1200%2C800&ssl=1&resize=525%2C300 1.5x, https:\/\/i0.wp.com\/www.hornamicina.eu\/web\/wp-content\/uploads\/2017\/06\/4501.jpg?fit=1200%2C800&ssl=1&resize=700%2C400 2x, https:\/\/i0.wp.com\/www.hornamicina.eu\/web\/wp-content\/uploads\/2017\/06\/4501.jpg?fit=1200%2C800&ssl=1&resize=1050%2C600 3x"},"classes":[]}],"jetpack_likes_enabled":true,"_links":{"self":[{"href":"https:\/\/www.hornamicina.eu\/web\/wp-json\/wp\/v2\/posts\/2525","targetHints":{"allow":["GET"]}}],"collection":[{"href":"https:\/\/www.hornamicina.eu\/web\/wp-json\/wp\/v2\/posts"}],"about":[{"href":"https:\/\/www.hornamicina.eu\/web\/wp-json\/wp\/v2\/types\/post"}],"author":[{"embeddable":true,"href":"https:\/\/www.hornamicina.eu\/web\/wp-json\/wp\/v2\/users\/1"}],"replies":[{"embeddable":true,"href":"https:\/\/www.hornamicina.eu\/web\/wp-json\/wp\/v2\/comments?post=2525"}],"version-history":[{"count":0,"href":"https:\/\/www.hornamicina.eu\/web\/wp-json\/wp\/v2\/posts\/2525\/revisions"}],"wp:featuredmedia":[{"embeddable":true,"href":"https:\/\/www.hornamicina.eu\/web\/wp-json\/wp\/v2\/media\/390"}],"wp:attachment":[{"href":"https:\/\/www.hornamicina.eu\/web\/wp-json\/wp\/v2\/media?parent=2525"}],"wp:term":[{"taxonomy":"category","embeddable":true,"href":"https:\/\/www.hornamicina.eu\/web\/wp-json\/wp\/v2\/categories?post=2525"},{"taxonomy":"post_tag","embeddable":true,"href":"https:\/\/www.hornamicina.eu\/web\/wp-json\/wp\/v2\/tags?post=2525"}],"curies":[{"name":"wp","href":"https:\/\/api.w.org\/{rel}","templated":true}]}}