{"id":2272,"date":"2021-01-22T13:00:22","date_gmt":"2021-01-22T12:00:22","guid":{"rendered":"https:\/\/www.hornamicina.eu\/web\/?p=2272"},"modified":"2021-01-22T13:00:22","modified_gmt":"2021-01-22T12:00:22","slug":"oznam-testovanie-na-covid-19-celoplosny-screening","status":"publish","type":"post","link":"https:\/\/www.hornamicina.eu\/web\/oznam-testovanie-na-covid-19-celoplosny-screening\/","title":{"rendered":"OZNAM: Testovanie na COVID-19 &#8211; celoplo\u0161n\u00fd screening"},"content":{"rendered":"<p style=\"text-align: center;\">Obecn\u00fd \u00farad HM oznamuje, \u017ee testovanie na COVID 19 bude v na\u0161ej obci prebieha\u0165 d\u0148a:<\/p>\n<h2 style=\"text-align: center;\">23.1.2021 \/sobota\/<\/h2>\n<ul>\n<li>od 8.00 hod \u2013 17.00 hod. <strong>len pre obyvate\u013eov s trval\u00fdm alebo prechodn\u00fdm pobytom<\/strong> v obci Horn\u00e1 Mi\u010din\u00e1.<\/li>\n<li>od 17.00 do 19.00 je vyhraden\u00fd na pretestovanie ob\u010danov<strong> bez trval\u00e9ho pobytu<\/strong> v obci.<\/li>\n<\/ul>\n<p><strong>Prest\u00e1vka<\/strong>: od 12.00 do 13.00 hod a od 16.30 do 17.00 hod. V tomto \u010dase sa stery nevykon\u00e1vaj\u00fa.<\/p>\n<p><strong>Pros\u00edme ob\u010danov, aby chodili na odbern\u00e9 miesto priebe\u017ene. Mo\u017enos\u0165 sledova\u0165 WEB kameru na www. hornamicina.eu<\/strong><\/p>\n<p>&nbsp;<\/p>\n<p><strong>Testovania sa nemusia z\u00fa\u010dastni\u0165:<\/strong><\/p>\n<ul>\n<li>Deti do 15 rokov<\/li>\n<li>Osoby nad 65 rokov<\/li>\n<li>Osoby, ktor\u00e9 prekonali COVID \/plat\u00ed 90 dn\u00ed\/<\/li>\n<li>Osoby, ktor\u00e9 u\u017e maj\u00fa test od 18.1.2021<\/li>\n<\/ul>\n","protected":false},"excerpt":{"rendered":"Obecn\u00fd \u00farad HM oznamuje, \u017ee testovanie na COVID 19 bude v na\u0161ej obci [&hellip;]","protected":false},"author":1,"featured_media":2217,"comment_status":"closed","ping_status":"open","sticky":false,"template":"","format":"standard","meta":{"advanced_seo_description":"","jetpack_seo_html_title":"","jetpack_seo_noindex":false,"_jetpack_memberships_contains_paid_content":false,"footnotes":""},"categories":[5,8],"tags":[55,228,214,189,230,226,227,225,229,179,231],"class_list":["post-2272","post","type-post","status-publish","format-standard","has-post-thumbnail","hentry","category-dolezite","category-oznamy","tag-55","tag-celoplosne","tag-covid","tag-covid-19","tag-kamera","tag-screening","tag-skrining","tag-testovanie","tag-testy","tag-virus","tag-web"],"jetpack_featured_media_url":"https:\/\/i0.wp.com\/www.hornamicina.eu\/web\/wp-content\/uploads\/2020\/11\/20201031_125334-min-scaled.jpg?fit=2560%2C1440&ssl=1","jetpack_sharing_enabled":true,"jetpack_shortlink":"https:\/\/wp.me\/p8RsFw-AE","jetpack-related-posts":[{"id":2346,"url":"https:\/\/www.hornamicina.eu\/web\/testovanie-covid-19-26-2-2021\/","url_meta":{"origin":2272,"position":0},"title":"Testovanie COVID-19 &#8211; 26.2.2021 &#8211; PIATOK","author":"admin","date":"22. febru\u00e1ra 2021","format":false,"excerpt":"Pros\u00edme ob\u010danov, ktor\u00ed s\u00fa doma a potrebuj\u00fa certifik\u00e1t, aby sa objedn\u00e1vali v skor\u0161\u00ed \u010das a dali tak priestor t\u00fdm, ktor\u00ed pracuj\u00fa a chodia domov nesk\u00f4r. Rezerva\u010dn\u00fd syst\u00e9m bude spusten\u00fd od 23.2.2021 8:00. \u010eakujeme za \u00fastretovos\u0165! Miesto testovania: Obecn\u00fd \u00farad Horn\u00e1 Mi\u010din\u00e1 D\u00e1tum testovania: 26.2.2021 (piatok) \u010cas testovania:\u00a0 14:00 - 16:00\u2026","rel":"","context":"V &quot;D\u00f4le\u017eit\u00e9&quot;","block_context":{"text":"D\u00f4le\u017eit\u00e9","link":"https:\/\/www.hornamicina.eu\/web\/category\/dolezite\/"},"img":{"alt_text":"","src":"https:\/\/i0.wp.com\/www.hornamicina.eu\/web\/wp-content\/uploads\/2020\/11\/foto2-min.jpg?fit=960%2C720&ssl=1&resize=350%2C200","width":350,"height":200,"srcset":"https:\/\/i0.wp.com\/www.hornamicina.eu\/web\/wp-content\/uploads\/2020\/11\/foto2-min.jpg?fit=960%2C720&ssl=1&resize=350%2C200 1x, https:\/\/i0.wp.com\/www.hornamicina.eu\/web\/wp-content\/uploads\/2020\/11\/foto2-min.jpg?fit=960%2C720&ssl=1&resize=525%2C300 1.5x, https:\/\/i0.wp.com\/www.hornamicina.eu\/web\/wp-content\/uploads\/2020\/11\/foto2-min.jpg?fit=960%2C720&ssl=1&resize=700%2C400 2x"},"classes":[]},{"id":2306,"url":"https:\/\/www.hornamicina.eu\/web\/testovanie-covid-19-19-2-2021\/","url_meta":{"origin":2272,"position":1},"title":"Testovanie COVID-19 &#8211; 19.2.2021 &#8211; PIATOK","author":"admin","date":"16. febru\u00e1ra 2021","format":false,"excerpt":"Pros\u00edme ob\u010danov, ktor\u00ed s\u00fa doma a potrebuj\u00fa certifik\u00e1t, aby sa objedn\u00e1vali v skor\u0161\u00ed \u010das a dali tak priestor t\u00fdm, ktor\u00ed pracuj\u00fa a chodia domov nesk\u00f4r. \u010eakujeme za \u00fastretovos\u0165! Miesto testovania: Obecn\u00fd \u00farad Horn\u00e1 Mi\u010din\u00e1 D\u00e1tum testovania: 19.2.2021 (piatok) \u010cas testovania:\u00a0 14:00 - 16:00 \u2013 rezerv\u00e1cia online, 16:00 - 16:30 \u2013\u2026","rel":"","context":"V &quot;D\u00f4le\u017eit\u00e9&quot;","block_context":{"text":"D\u00f4le\u017eit\u00e9","link":"https:\/\/www.hornamicina.eu\/web\/category\/dolezite\/"},"img":{"alt_text":"","src":"https:\/\/i0.wp.com\/www.hornamicina.eu\/web\/wp-content\/uploads\/2020\/11\/foto2-min.jpg?fit=960%2C720&ssl=1&resize=350%2C200","width":350,"height":200,"srcset":"https:\/\/i0.wp.com\/www.hornamicina.eu\/web\/wp-content\/uploads\/2020\/11\/foto2-min.jpg?fit=960%2C720&ssl=1&resize=350%2C200 1x, https:\/\/i0.wp.com\/www.hornamicina.eu\/web\/wp-content\/uploads\/2020\/11\/foto2-min.jpg?fit=960%2C720&ssl=1&resize=525%2C300 1.5x, https:\/\/i0.wp.com\/www.hornamicina.eu\/web\/wp-content\/uploads\/2020\/11\/foto2-min.jpg?fit=960%2C720&ssl=1&resize=700%2C400 2x"},"classes":[]},{"id":2398,"url":"https:\/\/www.hornamicina.eu\/web\/testovanie-covid-19-03-21\/","url_meta":{"origin":2272,"position":2},"title":"Testovanie COVID-19 &#8211; 19.3.2021 &#8211; PIATOK","author":"admin","date":"16. marca 2021","format":false,"excerpt":"Pros\u00edme ob\u010danov, ktor\u00ed s\u00fa doma a potrebuj\u00fa certifik\u00e1t, aby sa objedn\u00e1vali v skor\u0161\u00ed \u010das a dali tak priestor t\u00fdm, ktor\u00ed pracuj\u00fa a chodia domov nesk\u00f4r. \u010eakujeme za \u00fastretovos\u0165! Miesto testovania: Obecn\u00fd \u00farad Horn\u00e1 Mi\u010din\u00e1 D\u00e1tum testovania: 19.3.2021 (piatok) \u010cas testovania:\u00a0 14:00 - 16:00 \u2013 rezerv\u00e1cia online, 16:00 - 16:30 \u2013\u2026","rel":"","context":"V &quot;D\u00f4le\u017eit\u00e9&quot;","block_context":{"text":"D\u00f4le\u017eit\u00e9","link":"https:\/\/www.hornamicina.eu\/web\/category\/dolezite\/"},"img":{"alt_text":"","src":"https:\/\/i0.wp.com\/www.hornamicina.eu\/web\/wp-content\/uploads\/2020\/11\/foto2-min.jpg?fit=960%2C720&ssl=1&resize=350%2C200","width":350,"height":200,"srcset":"https:\/\/i0.wp.com\/www.hornamicina.eu\/web\/wp-content\/uploads\/2020\/11\/foto2-min.jpg?fit=960%2C720&ssl=1&resize=350%2C200 1x, https:\/\/i0.wp.com\/www.hornamicina.eu\/web\/wp-content\/uploads\/2020\/11\/foto2-min.jpg?fit=960%2C720&ssl=1&resize=525%2C300 1.5x, https:\/\/i0.wp.com\/www.hornamicina.eu\/web\/wp-content\/uploads\/2020\/11\/foto2-min.jpg?fit=960%2C720&ssl=1&resize=700%2C400 2x"},"classes":[]},{"id":2357,"url":"https:\/\/www.hornamicina.eu\/web\/testovanie-covid-05-03-21\/","url_meta":{"origin":2272,"position":3},"title":"Testovanie COVID-19 &#8211; 5.3.2021 &#8211; PIATOK","author":"admin","date":"3. marca 2021","format":false,"excerpt":"Pros\u00edme ob\u010danov, ktor\u00ed s\u00fa doma a potrebuj\u00fa certifik\u00e1t, aby sa objedn\u00e1vali v skor\u0161\u00ed \u010das a dali tak priestor t\u00fdm, ktor\u00ed pracuj\u00fa a chodia domov nesk\u00f4r. \u010eakujeme za \u00fastretovos\u0165! Miesto testovania: Obecn\u00fd \u00farad Horn\u00e1 Mi\u010din\u00e1 D\u00e1tum testovania: 5.3.2021 (piatok) \u010cas testovania:\u00a0 14:00 - 16:00 \u2013 rezerv\u00e1cia online, 16:00 - 16:30 \u2013\u2026","rel":"","context":"V &quot;D\u00f4le\u017eit\u00e9&quot;","block_context":{"text":"D\u00f4le\u017eit\u00e9","link":"https:\/\/www.hornamicina.eu\/web\/category\/dolezite\/"},"img":{"alt_text":"","src":"https:\/\/i0.wp.com\/www.hornamicina.eu\/web\/wp-content\/uploads\/2020\/11\/foto2-min.jpg?fit=960%2C720&ssl=1&resize=350%2C200","width":350,"height":200,"srcset":"https:\/\/i0.wp.com\/www.hornamicina.eu\/web\/wp-content\/uploads\/2020\/11\/foto2-min.jpg?fit=960%2C720&ssl=1&resize=350%2C200 1x, https:\/\/i0.wp.com\/www.hornamicina.eu\/web\/wp-content\/uploads\/2020\/11\/foto2-min.jpg?fit=960%2C720&ssl=1&resize=525%2C300 1.5x, https:\/\/i0.wp.com\/www.hornamicina.eu\/web\/wp-content\/uploads\/2020\/11\/foto2-min.jpg?fit=960%2C720&ssl=1&resize=700%2C400 2x"},"classes":[]},{"id":2384,"url":"https:\/\/www.hornamicina.eu\/web\/testovanie-covid-12-03-21\/","url_meta":{"origin":2272,"position":4},"title":"Testovanie COVID-19 &#8211; 12.3.2021 &#8211; PIATOK","author":"admin","date":"9. marca 2021","format":false,"excerpt":"Pros\u00edme ob\u010danov, ktor\u00ed s\u00fa doma a potrebuj\u00fa certifik\u00e1t, aby sa objedn\u00e1vali v skor\u0161\u00ed \u010das a dali tak priestor t\u00fdm, ktor\u00ed pracuj\u00fa a chodia domov nesk\u00f4r. \u010eakujeme za \u00fastretovos\u0165! Miesto testovania: Obecn\u00fd \u00farad Horn\u00e1 Mi\u010din\u00e1 D\u00e1tum testovania: 12.3.2021 (piatok) \u010cas testovania:\u00a0 14:00 - 16:00 \u2013 rezerv\u00e1cia online, 16:00 - 16:30 \u2013\u2026","rel":"","context":"V &quot;D\u00f4le\u017eit\u00e9&quot;","block_context":{"text":"D\u00f4le\u017eit\u00e9","link":"https:\/\/www.hornamicina.eu\/web\/category\/dolezite\/"},"img":{"alt_text":"","src":"https:\/\/i0.wp.com\/www.hornamicina.eu\/web\/wp-content\/uploads\/2020\/11\/foto2-min.jpg?fit=960%2C720&ssl=1&resize=350%2C200","width":350,"height":200,"srcset":"https:\/\/i0.wp.com\/www.hornamicina.eu\/web\/wp-content\/uploads\/2020\/11\/foto2-min.jpg?fit=960%2C720&ssl=1&resize=350%2C200 1x, https:\/\/i0.wp.com\/www.hornamicina.eu\/web\/wp-content\/uploads\/2020\/11\/foto2-min.jpg?fit=960%2C720&ssl=1&resize=525%2C300 1.5x, https:\/\/i0.wp.com\/www.hornamicina.eu\/web\/wp-content\/uploads\/2020\/11\/foto2-min.jpg?fit=960%2C720&ssl=1&resize=700%2C400 2x"},"classes":[]},{"id":2410,"url":"https:\/\/www.hornamicina.eu\/web\/testovanie-covid-26-03-21\/","url_meta":{"origin":2272,"position":5},"title":"Testovanie COVID-19 &#8211; 26.3.2021 &#8211; PIATOK","author":"admin","date":"22. marca 2021","format":false,"excerpt":"Pros\u00edme ob\u010danov, ktor\u00ed s\u00fa doma a potrebuj\u00fa certifik\u00e1t, aby sa objedn\u00e1vali v skor\u0161\u00ed \u010das a dali tak priestor t\u00fdm, ktor\u00ed pracuj\u00fa a chodia domov nesk\u00f4r. \u010eakujeme za \u00fastretovos\u0165! Miesto testovania: Obecn\u00fd \u00farad Horn\u00e1 Mi\u010din\u00e1 D\u00e1tum testovania: 26.3.2021 (piatok) \u010cas testovania:\u00a0 14:00 - 16:00 \u2013 rezerv\u00e1cia online, 16:00 - 16:30 \u2013\u2026","rel":"","context":"V &quot;D\u00f4le\u017eit\u00e9&quot;","block_context":{"text":"D\u00f4le\u017eit\u00e9","link":"https:\/\/www.hornamicina.eu\/web\/category\/dolezite\/"},"img":{"alt_text":"","src":"https:\/\/i0.wp.com\/www.hornamicina.eu\/web\/wp-content\/uploads\/2020\/11\/foto2-min.jpg?fit=960%2C720&ssl=1&resize=350%2C200","width":350,"height":200,"srcset":"https:\/\/i0.wp.com\/www.hornamicina.eu\/web\/wp-content\/uploads\/2020\/11\/foto2-min.jpg?fit=960%2C720&ssl=1&resize=350%2C200 1x, https:\/\/i0.wp.com\/www.hornamicina.eu\/web\/wp-content\/uploads\/2020\/11\/foto2-min.jpg?fit=960%2C720&ssl=1&resize=525%2C300 1.5x, https:\/\/i0.wp.com\/www.hornamicina.eu\/web\/wp-content\/uploads\/2020\/11\/foto2-min.jpg?fit=960%2C720&ssl=1&resize=700%2C400 2x"},"classes":[]}],"jetpack_likes_enabled":true,"_links":{"self":[{"href":"https:\/\/www.hornamicina.eu\/web\/wp-json\/wp\/v2\/posts\/2272","targetHints":{"allow":["GET"]}}],"collection":[{"href":"https:\/\/www.hornamicina.eu\/web\/wp-json\/wp\/v2\/posts"}],"about":[{"href":"https:\/\/www.hornamicina.eu\/web\/wp-json\/wp\/v2\/types\/post"}],"author":[{"embeddable":true,"href":"https:\/\/www.hornamicina.eu\/web\/wp-json\/wp\/v2\/users\/1"}],"replies":[{"embeddable":true,"href":"https:\/\/www.hornamicina.eu\/web\/wp-json\/wp\/v2\/comments?post=2272"}],"version-history":[{"count":0,"href":"https:\/\/www.hornamicina.eu\/web\/wp-json\/wp\/v2\/posts\/2272\/revisions"}],"wp:featuredmedia":[{"embeddable":true,"href":"https:\/\/www.hornamicina.eu\/web\/wp-json\/wp\/v2\/media\/2217"}],"wp:attachment":[{"href":"https:\/\/www.hornamicina.eu\/web\/wp-json\/wp\/v2\/media?parent=2272"}],"wp:term":[{"taxonomy":"category","embeddable":true,"href":"https:\/\/www.hornamicina.eu\/web\/wp-json\/wp\/v2\/categories?post=2272"},{"taxonomy":"post_tag","embeddable":true,"href":"https:\/\/www.hornamicina.eu\/web\/wp-json\/wp\/v2\/tags?post=2272"}],"curies":[{"name":"wp","href":"https:\/\/api.w.org\/{rel}","templated":true}]}}