{"id":2251,"date":"2020-12-10T14:48:17","date_gmt":"2020-12-10T13:48:17","guid":{"rendered":"https:\/\/www.hornamicina.eu\/web\/?p=2251"},"modified":"2024-09-26T08:41:07","modified_gmt":"2024-09-26T06:41:07","slug":"pozvanka-zas-2020-12","status":"publish","type":"post","link":"https:\/\/www.hornamicina.eu\/web\/pozvanka-zas-2020-12\/","title":{"rendered":"Pozv\u00e1nka na zasadnutie OZ Hornej Mi\u010dinej &#8211; december 2020"},"content":{"rendered":"<p><span style=\"font-size: 14pt;\"><em>D\u0148a <strong>14.12.2020\/pondelok\/\u00a0 o 18:00 hod.<\/strong> sa uskuto\u010dn\u00ed zasadnutie obecn\u00e9ho zastupite\u013estva Hornej Mi\u010dinej v zasada\u010dke obecn\u00e9ho \u00faradu.<\/em><\/span><\/p>\n<p>Mo\u017en\u00e1<strong> \u00fa\u010das\u0165 ob\u010danov len s platn\u00fdm certifik\u00e1tom alebo PCR<\/strong> testom a za dodr\u017eania pr\u00edsnych protiepidemiologick\u00fdch opatren\u00ed.<\/p>\n<p style=\"font-weight: 400;\">Program:<\/p>\n<ol style=\"font-weight: 400;\">\n<li>Otvorenie<\/li>\n<li>Program obecn\u00e9ho zastupite\u013estva<\/li>\n<li>Vo\u013eba n\u00e1vrhovej komisie, overovate\u013eov z\u00e1pisnice a\u00a0zapisovate\u013ea<\/li>\n<li>Spr\u00e1va hlavnej kontrol\u00f3rky o\u00a0v\u00fdsledkoch kontrolnej \u010dinnosti<\/li>\n<li>Odborn\u00e9 stanovisko hlavnej kontrol\u00f3rky k\u00a0rozpo\u010dtu obce na rok 2021<\/li>\n<li>N\u00e1vrh finan\u010dn\u00e9ho rozpo\u010dtu na rok 2021 a\u00a0n\u00e1vrhy na r. 2022 a 2023<\/li>\n<li>Indikat\u00edvna ponuka PRIMA banky na spl\u00e1canie \u00faveru a\u00a0mimoriadna spl\u00e1tka pre banku<\/li>\n<li>Ponuka na zimn\u00fa \u00fadr\u017ebu na sez\u00f3nu 2020 \u2013 2021 od 1. decembra do 31. marca<\/li>\n<li>Rokovac\u00ed poriadok OZ<\/li>\n<li>\u017diados\u0165 o\u00a0odk\u00fapenie \u010dasti pozemku pre \u017eiadate\u013ea Mari\u00e1na Ka\u010d\u00edka a\u00a0Ing. Annu O\u0161kov\u00fa, H. M. \u010d. 213, od\u010dlenen\u00edm od parcely E-225\/1 vedenej na LV \u2013 417 vo vlastn\u00edctve obce a\u00a0geodeticky vytvoren\u00edm novej parcely C-518\/4 o\u00a0v\u00fdmere 8 m2 z\u00a0d\u00f4vodu z\u00e1sahu oplotenia do obecn\u00e9ho pozemku.<\/li>\n<li>\u017diados\u0165 o\u00a0odk\u00fapenie \u010dasti pozemku pre \u017eiadate\u013ea Ren\u00e9 Ledvina, H.M. \u010d. 79, od\u010dlenen\u00edm od parcely E-225\/8 vedenej na LV \u2013 417 vo vlastn\u00edctve obce a\u00a0geodeticky vytvoren\u00edm novej parcely C-516\/2 o\u00a0v\u00fdmere 2 m2 z\u00a0d\u00f4vodu z\u00e1sahu strechy do obecnej parcely.<\/li>\n<li>Prejednanie \u017eiadosti o\u00a0odpredaj \u010dasti pozemkov vo vl. obce pre M\u00e1riu Martincov\u00fa, H. M. \u010d. 39 na parcele E-225\/3 a\u00a0parcele E- 225\/5 vedenej na LV -417 z\u00a0d\u00f4vodu dlhodob\u00e9ho u\u017e\u00edvania.<\/li>\n<li>N\u00e1vrh spr\u00e1vy hl. kontrol\u00f3rky z\u00a0kontroly \u010d. 4\/HM\/2020<\/li>\n<li>N\u00e1vrh VZN \u010d. 1\/2020 o\u00a0miestnych daniach a\u00a0miestnom poplatku za komun\u00e1lne odpady a\u00a0drobn\u00e9 stavebn\u00e9 odpady<\/li>\n<li>R\u00f4zne<\/li>\n<li>Diskusia<\/li>\n<li>N\u00e1vrh uznesenia<\/li>\n<li>Z\u00e1ver<\/li>\n<\/ol>\n<p>Ivan Len\u00e1r v.r.<br \/>\nstarosta obce<\/p>\n","protected":false},"excerpt":{"rendered":"D\u0148a 14.12.2020\/pondelok\/\u00a0 o 18:00 hod. sa uskuto\u010dn\u00ed zasadnutie obecn\u00e9ho zastupite\u013estva Hornej Mi\u010dinej v [&hellip;]","protected":false},"author":1,"featured_media":503,"comment_status":"closed","ping_status":"open","sticky":false,"template":"","format":"standard","meta":{"advanced_seo_description":"","jetpack_seo_html_title":"","jetpack_seo_noindex":false,"_jetpack_memberships_contains_paid_content":false,"footnotes":""},"categories":[30],"tags":[54,143,140,142,141],"class_list":["post-2251","post","type-post","status-publish","format-standard","has-post-thumbnail","hentry","category-zastupitelstvo","tag-54","tag-poslanci","tag-pozvanka","tag-zasadnutie","tag-zastupitelstvo"],"jetpack_featured_media_url":"https:\/\/i0.wp.com\/www.hornamicina.eu\/web\/wp-content\/uploads\/2017\/07\/zastupitelstvo.jpg?fit=530%2C375&ssl=1","jetpack_sharing_enabled":true,"jetpack_shortlink":"https:\/\/wp.me\/p8RsFw-Aj","jetpack-related-posts":[{"id":2544,"url":"https:\/\/www.hornamicina.eu\/web\/pozvanka-zas-2021-06\/","url_meta":{"origin":2251,"position":0},"title":"Pozv\u00e1nka na zasadnutie OZ Hornej Mi\u010dinej &#8211; j\u00fan 2021","author":"admin","date":"24. j\u00fana 2021","format":false,"excerpt":"D\u0148a 14.12.2020\/pondelok\/\u00a0 o 18:00 hod. sa uskuto\u010dn\u00ed zasadnutie obecn\u00e9ho zastupite\u013estva Hornej Mi\u010dinej v zasada\u010dke obecn\u00e9ho \u00faradu. Mo\u017en\u00e1 \u00fa\u010das\u0165 ob\u010danov len s platn\u00fdm certifik\u00e1tom alebo PCR testom a za dodr\u017eania pr\u00edsnych protiepidemiologick\u00fdch opatren\u00ed. Program: Otvorenie Program obecn\u00e9ho zastupite\u013estva Vo\u013eba n\u00e1vrhovej komisie, overovate\u013eov z\u00e1pisnice a\u00a0zapisovate\u013ea Spr\u00e1va hlavnej kontrol\u00f3rky o\u00a0v\u00fdsledkoch kontrolnej \u010dinnosti Odborn\u00e9\u2026","rel":"","context":"V &quot;Zastupite\u013estvo&quot;","block_context":{"text":"Zastupite\u013estvo","link":"https:\/\/www.hornamicina.eu\/web\/category\/zastupitelstvo\/"},"img":{"alt_text":"","src":"https:\/\/i0.wp.com\/www.hornamicina.eu\/web\/wp-content\/uploads\/2017\/07\/zastupitelstvo.jpg?fit=530%2C375&ssl=1&resize=350%2C200","width":350,"height":200,"srcset":"https:\/\/i0.wp.com\/www.hornamicina.eu\/web\/wp-content\/uploads\/2017\/07\/zastupitelstvo.jpg?fit=530%2C375&ssl=1&resize=350%2C200 1x, https:\/\/i0.wp.com\/www.hornamicina.eu\/web\/wp-content\/uploads\/2017\/07\/zastupitelstvo.jpg?fit=530%2C375&ssl=1&resize=525%2C300 1.5x"},"classes":[]},{"id":2658,"url":"https:\/\/www.hornamicina.eu\/web\/pozvanka-zas-2021-10\/","url_meta":{"origin":2251,"position":1},"title":"Pozv\u00e1nka na zasadnutie OZ Hornej Mi\u010dinej &#8211; okt\u00f3ber 2021","author":"admin","date":"11. okt\u00f3bra 2021","format":false,"excerpt":"D\u0148a 14.12.2020\/pondelok\/\u00a0 o 18:00 hod. sa uskuto\u010dn\u00ed zasadnutie obecn\u00e9ho zastupite\u013estva Hornej Mi\u010dinej v zasada\u010dke obecn\u00e9ho \u00faradu. Mo\u017en\u00e1 \u00fa\u010das\u0165 ob\u010danov len s platn\u00fdm certifik\u00e1tom alebo PCR testom a za dodr\u017eania pr\u00edsnych protiepidemiologick\u00fdch opatren\u00ed. Program: Otvorenie Program obecn\u00e9ho zastupite\u013estva Vo\u013eba n\u00e1vrhovej komisie, overovate\u013eov z\u00e1pisnice a\u00a0zapisovate\u013ea Spr\u00e1va hlavnej kontrol\u00f3rky o\u00a0v\u00fdsledkoch kontrolnej \u010dinnosti Odborn\u00e9\u2026","rel":"","context":"V &quot;Zastupite\u013estvo&quot;","block_context":{"text":"Zastupite\u013estvo","link":"https:\/\/www.hornamicina.eu\/web\/category\/zastupitelstvo\/"},"img":{"alt_text":"","src":"https:\/\/i0.wp.com\/www.hornamicina.eu\/web\/wp-content\/uploads\/2017\/07\/zastupitelstvo.jpg?fit=530%2C375&ssl=1&resize=350%2C200","width":350,"height":200,"srcset":"https:\/\/i0.wp.com\/www.hornamicina.eu\/web\/wp-content\/uploads\/2017\/07\/zastupitelstvo.jpg?fit=530%2C375&ssl=1&resize=350%2C200 1x, https:\/\/i0.wp.com\/www.hornamicina.eu\/web\/wp-content\/uploads\/2017\/07\/zastupitelstvo.jpg?fit=530%2C375&ssl=1&resize=525%2C300 1.5x"},"classes":[]},{"id":2829,"url":"https:\/\/www.hornamicina.eu\/web\/pozvanka-zas-2021-12-1\/","url_meta":{"origin":2251,"position":2},"title":"Pozv\u00e1nka na zasadnutie OZ Hornej Mi\u010dinej &#8211; december 2021","author":"admin","date":"9. decembra 2021","format":false,"excerpt":"D\u0148a 14.12.2020\/pondelok\/\u00a0 o 18:00 hod. sa uskuto\u010dn\u00ed zasadnutie obecn\u00e9ho zastupite\u013estva Hornej Mi\u010dinej v zasada\u010dke obecn\u00e9ho \u00faradu. Mo\u017en\u00e1 \u00fa\u010das\u0165 ob\u010danov len s platn\u00fdm certifik\u00e1tom alebo PCR testom a za dodr\u017eania pr\u00edsnych protiepidemiologick\u00fdch opatren\u00ed. Program: Otvorenie Program obecn\u00e9ho zastupite\u013estva Vo\u013eba n\u00e1vrhovej komisie, overovate\u013eov z\u00e1pisnice a\u00a0zapisovate\u013ea Spr\u00e1va hlavnej kontrol\u00f3rky o\u00a0v\u00fdsledkoch kontrolnej \u010dinnosti Odborn\u00e9\u2026","rel":"","context":"V &quot;Zastupite\u013estvo&quot;","block_context":{"text":"Zastupite\u013estvo","link":"https:\/\/www.hornamicina.eu\/web\/category\/zastupitelstvo\/"},"img":{"alt_text":"","src":"https:\/\/i0.wp.com\/www.hornamicina.eu\/web\/wp-content\/uploads\/2017\/07\/zastupitelstvo.jpg?fit=530%2C375&ssl=1&resize=350%2C200","width":350,"height":200,"srcset":"https:\/\/i0.wp.com\/www.hornamicina.eu\/web\/wp-content\/uploads\/2017\/07\/zastupitelstvo.jpg?fit=530%2C375&ssl=1&resize=350%2C200 1x, https:\/\/i0.wp.com\/www.hornamicina.eu\/web\/wp-content\/uploads\/2017\/07\/zastupitelstvo.jpg?fit=530%2C375&ssl=1&resize=525%2C300 1.5x"},"classes":[]},{"id":2918,"url":"https:\/\/www.hornamicina.eu\/web\/pozvanka-zas-2022-01-03\/","url_meta":{"origin":2251,"position":3},"title":"Pozv\u00e1nka na zasadnutie OZ Hornej Mi\u010dinej &#8211; janu\u00e1r 2022","author":"admin","date":"3. janu\u00e1ra 2022","format":false,"excerpt":"D\u0148a 14.12.2020\/pondelok\/\u00a0 o 18:00 hod. sa uskuto\u010dn\u00ed zasadnutie obecn\u00e9ho zastupite\u013estva Hornej Mi\u010dinej v zasada\u010dke obecn\u00e9ho \u00faradu. Mo\u017en\u00e1 \u00fa\u010das\u0165 ob\u010danov len s platn\u00fdm certifik\u00e1tom alebo PCR testom a za dodr\u017eania pr\u00edsnych protiepidemiologick\u00fdch opatren\u00ed. Program: Otvorenie Program obecn\u00e9ho zastupite\u013estva Vo\u013eba n\u00e1vrhovej komisie, overovate\u013eov z\u00e1pisnice a\u00a0zapisovate\u013ea Spr\u00e1va hlavnej kontrol\u00f3rky o\u00a0v\u00fdsledkoch kontrolnej \u010dinnosti Odborn\u00e9\u2026","rel":"","context":"V &quot;Zastupite\u013estvo&quot;","block_context":{"text":"Zastupite\u013estvo","link":"https:\/\/www.hornamicina.eu\/web\/category\/zastupitelstvo\/"},"img":{"alt_text":"","src":"https:\/\/i0.wp.com\/www.hornamicina.eu\/web\/wp-content\/uploads\/2017\/07\/zastupitelstvo.jpg?fit=530%2C375&ssl=1&resize=350%2C200","width":350,"height":200,"srcset":"https:\/\/i0.wp.com\/www.hornamicina.eu\/web\/wp-content\/uploads\/2017\/07\/zastupitelstvo.jpg?fit=530%2C375&ssl=1&resize=350%2C200 1x, https:\/\/i0.wp.com\/www.hornamicina.eu\/web\/wp-content\/uploads\/2017\/07\/zastupitelstvo.jpg?fit=530%2C375&ssl=1&resize=525%2C300 1.5x"},"classes":[]},{"id":2948,"url":"https:\/\/www.hornamicina.eu\/web\/pozvanka-zas-2022-03-30-2\/","url_meta":{"origin":2251,"position":4},"title":"Pozv\u00e1nka na zasadnutie OZ Hornej Mi\u010dinej &#8211; marec 2022","author":"admin","date":"25. marca 2022","format":false,"excerpt":"D\u0148a 14.12.2020\/pondelok\/\u00a0 o 18:00 hod. sa uskuto\u010dn\u00ed zasadnutie obecn\u00e9ho zastupite\u013estva Hornej Mi\u010dinej v zasada\u010dke obecn\u00e9ho \u00faradu. Mo\u017en\u00e1 \u00fa\u010das\u0165 ob\u010danov len s platn\u00fdm certifik\u00e1tom alebo PCR testom a za dodr\u017eania pr\u00edsnych protiepidemiologick\u00fdch opatren\u00ed. Program: Otvorenie Program obecn\u00e9ho zastupite\u013estva Vo\u013eba n\u00e1vrhovej komisie, overovate\u013eov z\u00e1pisnice a\u00a0zapisovate\u013ea Spr\u00e1va hlavnej kontrol\u00f3rky o\u00a0v\u00fdsledkoch kontrolnej \u010dinnosti Odborn\u00e9\u2026","rel":"","context":"V &quot;Zastupite\u013estvo&quot;","block_context":{"text":"Zastupite\u013estvo","link":"https:\/\/www.hornamicina.eu\/web\/category\/zastupitelstvo\/"},"img":{"alt_text":"","src":"https:\/\/i0.wp.com\/www.hornamicina.eu\/web\/wp-content\/uploads\/2017\/07\/zastupitelstvo.jpg?fit=530%2C375&ssl=1&resize=350%2C200","width":350,"height":200,"srcset":"https:\/\/i0.wp.com\/www.hornamicina.eu\/web\/wp-content\/uploads\/2017\/07\/zastupitelstvo.jpg?fit=530%2C375&ssl=1&resize=350%2C200 1x, https:\/\/i0.wp.com\/www.hornamicina.eu\/web\/wp-content\/uploads\/2017\/07\/zastupitelstvo.jpg?fit=530%2C375&ssl=1&resize=525%2C300 1.5x"},"classes":[]},{"id":3145,"url":"https:\/\/www.hornamicina.eu\/web\/pozvanka-zas-2022-06-29\/","url_meta":{"origin":2251,"position":5},"title":"Pozv\u00e1nka na zasadnutie OZ Hornej Mi\u010dinej &#8211; j\u00fan 2022","author":"admin","date":"23. j\u00fana 2022","format":false,"excerpt":"D\u0148a 14.12.2020\/pondelok\/\u00a0 o 18:00 hod. sa uskuto\u010dn\u00ed zasadnutie obecn\u00e9ho zastupite\u013estva Hornej Mi\u010dinej v zasada\u010dke obecn\u00e9ho \u00faradu. Mo\u017en\u00e1 \u00fa\u010das\u0165 ob\u010danov len s platn\u00fdm certifik\u00e1tom alebo PCR testom a za dodr\u017eania pr\u00edsnych protiepidemiologick\u00fdch opatren\u00ed. Program: Otvorenie Program obecn\u00e9ho zastupite\u013estva Vo\u013eba n\u00e1vrhovej komisie, overovate\u013eov z\u00e1pisnice a\u00a0zapisovate\u013ea Spr\u00e1va hlavnej kontrol\u00f3rky o\u00a0v\u00fdsledkoch kontrolnej \u010dinnosti Odborn\u00e9\u2026","rel":"","context":"V &quot;Zastupite\u013estvo&quot;","block_context":{"text":"Zastupite\u013estvo","link":"https:\/\/www.hornamicina.eu\/web\/category\/zastupitelstvo\/"},"img":{"alt_text":"","src":"https:\/\/i0.wp.com\/www.hornamicina.eu\/web\/wp-content\/uploads\/2017\/07\/zastupitelstvo.jpg?fit=530%2C375&ssl=1&resize=350%2C200","width":350,"height":200,"srcset":"https:\/\/i0.wp.com\/www.hornamicina.eu\/web\/wp-content\/uploads\/2017\/07\/zastupitelstvo.jpg?fit=530%2C375&ssl=1&resize=350%2C200 1x, https:\/\/i0.wp.com\/www.hornamicina.eu\/web\/wp-content\/uploads\/2017\/07\/zastupitelstvo.jpg?fit=530%2C375&ssl=1&resize=525%2C300 1.5x"},"classes":[]}],"jetpack_likes_enabled":true,"_links":{"self":[{"href":"https:\/\/www.hornamicina.eu\/web\/wp-json\/wp\/v2\/posts\/2251","targetHints":{"allow":["GET"]}}],"collection":[{"href":"https:\/\/www.hornamicina.eu\/web\/wp-json\/wp\/v2\/posts"}],"about":[{"href":"https:\/\/www.hornamicina.eu\/web\/wp-json\/wp\/v2\/types\/post"}],"author":[{"embeddable":true,"href":"https:\/\/www.hornamicina.eu\/web\/wp-json\/wp\/v2\/users\/1"}],"replies":[{"embeddable":true,"href":"https:\/\/www.hornamicina.eu\/web\/wp-json\/wp\/v2\/comments?post=2251"}],"version-history":[{"count":0,"href":"https:\/\/www.hornamicina.eu\/web\/wp-json\/wp\/v2\/posts\/2251\/revisions"}],"wp:featuredmedia":[{"embeddable":true,"href":"https:\/\/www.hornamicina.eu\/web\/wp-json\/wp\/v2\/media\/503"}],"wp:attachment":[{"href":"https:\/\/www.hornamicina.eu\/web\/wp-json\/wp\/v2\/media?parent=2251"}],"wp:term":[{"taxonomy":"category","embeddable":true,"href":"https:\/\/www.hornamicina.eu\/web\/wp-json\/wp\/v2\/categories?post=2251"},{"taxonomy":"post_tag","embeddable":true,"href":"https:\/\/www.hornamicina.eu\/web\/wp-json\/wp\/v2\/tags?post=2251"}],"curies":[{"name":"wp","href":"https:\/\/api.w.org\/{rel}","templated":true}]}}