{"id":2189,"date":"2020-11-09T08:53:45","date_gmt":"2020-11-09T07:53:45","guid":{"rendered":"https:\/\/www.hornamicina.eu\/web\/?p=2189"},"modified":"2024-09-26T08:41:08","modified_gmt":"2024-09-26T06:41:08","slug":"pozvanka-zas-2020-11","status":"publish","type":"post","link":"https:\/\/www.hornamicina.eu\/web\/pozvanka-zas-2020-11\/","title":{"rendered":"Pozv\u00e1nka na zasadnutie OZ Hornej Mi\u010dinej &#8211; november 2020"},"content":{"rendered":"<p><span style=\"font-size: 14pt;\"><em>D\u0148a <strong>13.11.2020\/piatok\/\u00a0 o 18:00 hod.<\/strong> sa uskuto\u010dn\u00ed zasadnutie obecn\u00e9ho zastupite\u013estva Hornej Mi\u010dinej v zasada\u010dke obecn\u00e9ho \u00faradu.<\/em><\/span><\/p>\n<p>Mo\u017en\u00e1<strong> \u00fa\u010das\u0165 ob\u010danov len s platn\u00fdm certifik\u00e1tom alebo PCR<\/strong> testom a za dodr\u017eania pr\u00edsnych protiepidemiologick\u00fdch opatren\u00ed.<\/p>\n<p style=\"font-weight: 400;\">Program:<\/p>\n<ol style=\"font-weight: 400;\">\n<li>Otvorenie<\/li>\n<li>Program obecn\u00e9ho zastupite\u013estva<\/li>\n<li>Vo\u013eba n\u00e1vrhovej komisie, overovate\u013eov z\u00e1pisnice a\u00a0zapisovate\u013ea<\/li>\n<li>Spr\u00e1va hlavnej kontrol\u00f3rky o\u00a0v\u00fdsledkoch kontrolnej \u010dinnosti<\/li>\n<li>R\u00f4zne<\/li>\n<li>Diskusia<\/li>\n<li>N\u00e1vrh uznesenia<\/li>\n<li>Z\u00e1ver<\/li>\n<\/ol>\n<p>&nbsp;<\/p>\n<p>Ivan Len\u00e1r v.r.<br \/>\nstarosta obce<\/p>\n","protected":false},"excerpt":{"rendered":"D\u0148a 13.11.2020\/piatok\/\u00a0 o 18:00 hod. sa uskuto\u010dn\u00ed zasadnutie obecn\u00e9ho zastupite\u013estva Hornej Mi\u010dinej v [&hellip;]","protected":false},"author":1,"featured_media":503,"comment_status":"closed","ping_status":"open","sticky":false,"template":"","format":"standard","meta":{"advanced_seo_description":"","jetpack_seo_html_title":"","jetpack_seo_noindex":false,"_jetpack_memberships_contains_paid_content":false,"footnotes":""},"categories":[30],"tags":[54,143,140,142,141],"class_list":["post-2189","post","type-post","status-publish","format-standard","has-post-thumbnail","hentry","category-zastupitelstvo","tag-54","tag-poslanci","tag-pozvanka","tag-zasadnutie","tag-zastupitelstvo"],"jetpack_featured_media_url":"https:\/\/i0.wp.com\/www.hornamicina.eu\/web\/wp-content\/uploads\/2017\/07\/zastupitelstvo.jpg?fit=530%2C375&ssl=1","jetpack_sharing_enabled":true,"jetpack_shortlink":"https:\/\/wp.me\/p8RsFw-zj","jetpack-related-posts":[{"id":1607,"url":"https:\/\/www.hornamicina.eu\/web\/pozvanka-zas-2019-10-21\/","url_meta":{"origin":2189,"position":0},"title":"Pozv\u00e1nka na zasadnutie OZ Hornej Mi\u010dinej","author":"admin","date":"21. okt\u00f3bra 2019","format":false,"excerpt":"D\u0148a 21.10.2019 \/pondelok\/\u00a0 o 19:00 hod. sa uskuto\u010dn\u00ed zasadnutie obecn\u00e9ho zastupite\u013estva Hornej Mi\u010dinej v zasada\u010dke obecn\u00e9ho \u00faradu. \u00a0 Program: Otvorenie Program obecn\u00e9ho zastupite\u013estva Vo\u013eba n\u00e1vrhovej komisie, overovate\u013eov z\u00e1pisnice a zapisovate\u013ea Prejednanie pon\u00fak na zimn\u00fa \u00fadr\u017ebu Prejednanie \u017eiadost\u00ed o dot\u00e1cie z obecn\u00e9ho rozpo\u010dtu na rok 2020 Smernica \u010d. 1\/2019 o postupe\u2026","rel":"","context":"V &quot;Oznamy&quot;","block_context":{"text":"Oznamy","link":"https:\/\/www.hornamicina.eu\/web\/category\/oznamy\/"},"img":{"alt_text":"","src":"https:\/\/i0.wp.com\/www.hornamicina.eu\/web\/wp-content\/uploads\/2017\/07\/zastupitelstvo.jpg?fit=530%2C375&ssl=1&resize=350%2C200","width":350,"height":200,"srcset":"https:\/\/i0.wp.com\/www.hornamicina.eu\/web\/wp-content\/uploads\/2017\/07\/zastupitelstvo.jpg?fit=530%2C375&ssl=1&resize=350%2C200 1x, https:\/\/i0.wp.com\/www.hornamicina.eu\/web\/wp-content\/uploads\/2017\/07\/zastupitelstvo.jpg?fit=530%2C375&ssl=1&resize=525%2C300 1.5x"},"classes":[]},{"id":1976,"url":"https:\/\/www.hornamicina.eu\/web\/pozvanka-zas-2020-05-20\/","url_meta":{"origin":2189,"position":1},"title":"Pozv\u00e1nka na zasadnutie OZ Hornej Mi\u010dinej","author":"admin","date":"18. m\u00e1ja 2020","format":false,"excerpt":"D\u0148a 20.5.2020\/streda\/\u00a0 o 18:00 hod. sa uskuto\u010dn\u00ed zasadnutie obecn\u00e9ho zastupite\u013estva Hornej Mi\u010dinej v zasada\u010dke obecn\u00e9ho \u00faradu. \u00a0 Program: Otvorenie Program obecn\u00e9ho zastupite\u013estva Vo\u013eba n\u00e1vrhovej komisie, overovate\u013eov z\u00e1pisnice a\u00a0zapisovate\u013ea Pl\u00e1n kontrolnej \u010dinnosti hlavnej kontrol\u00f3rky obce na druh\u00fd polrok 2020 Vzdanie sa funkcie hlavn\u00e9ho kontrol\u00f3ra obce k 30.6.2020 Spr\u00e1va o plnen\u00ed \u00faloh\u2026","rel":"","context":"V &quot;Oznamy&quot;","block_context":{"text":"Oznamy","link":"https:\/\/www.hornamicina.eu\/web\/category\/oznamy\/"},"img":{"alt_text":"","src":"https:\/\/i0.wp.com\/www.hornamicina.eu\/web\/wp-content\/uploads\/2017\/07\/zastupitelstvo.jpg?fit=530%2C375&ssl=1&resize=350%2C200","width":350,"height":200,"srcset":"https:\/\/i0.wp.com\/www.hornamicina.eu\/web\/wp-content\/uploads\/2017\/07\/zastupitelstvo.jpg?fit=530%2C375&ssl=1&resize=350%2C200 1x, https:\/\/i0.wp.com\/www.hornamicina.eu\/web\/wp-content\/uploads\/2017\/07\/zastupitelstvo.jpg?fit=530%2C375&ssl=1&resize=525%2C300 1.5x"},"classes":[]},{"id":1721,"url":"https:\/\/www.hornamicina.eu\/web\/pozvanka-zas-2019-12-13\/","url_meta":{"origin":2189,"position":2},"title":"Pozv\u00e1nka na zasadnutie OZ Hornej Mi\u010dinej","author":"admin","date":"9. decembra 2019","format":false,"excerpt":"D\u0148a 13.12.2019 \/piatok\/\u00a0 o 18:30 hod. sa uskuto\u010dn\u00ed zasadnutie obecn\u00e9ho zastupite\u013estva Hornej Mi\u010dinej v zasada\u010dke obecn\u00e9ho \u00faradu. \u00a0 Program: Otvorenie Program obecn\u00e9ho zastupite\u013estva Vo\u013eba n\u00e1vrhovej komisie, overovate\u013eov z\u00e1pisnice a\u00a0zapisovate\u013ea Odborn\u00e9 stanovisko hlavnej kontrol\u00f3rky k\u00a0rozpo\u010dtu obce na rok 2020 N\u00e1vrh finan\u010dn\u00e9ho rozpo\u010dtu na rok 2020 a\u00a0n\u00e1vrh na roky 2021 a 2022\u2026","rel":"","context":"V &quot;Oznamy&quot;","block_context":{"text":"Oznamy","link":"https:\/\/www.hornamicina.eu\/web\/category\/oznamy\/"},"img":{"alt_text":"","src":"https:\/\/i0.wp.com\/www.hornamicina.eu\/web\/wp-content\/uploads\/2017\/07\/zastupitelstvo.jpg?fit=530%2C375&ssl=1&resize=350%2C200","width":350,"height":200,"srcset":"https:\/\/i0.wp.com\/www.hornamicina.eu\/web\/wp-content\/uploads\/2017\/07\/zastupitelstvo.jpg?fit=530%2C375&ssl=1&resize=350%2C200 1x, https:\/\/i0.wp.com\/www.hornamicina.eu\/web\/wp-content\/uploads\/2017\/07\/zastupitelstvo.jpg?fit=530%2C375&ssl=1&resize=525%2C300 1.5x"},"classes":[]},{"id":1035,"url":"https:\/\/www.hornamicina.eu\/web\/pozvanka-zas-2018-10\/","url_meta":{"origin":2189,"position":3},"title":"Pozv\u00e1nka na zasadnutie OZ Hornej Mi\u010dinej","author":"admin","date":"25. okt\u00f3bra 2018","format":false,"excerpt":"D\u0148a 29.10. 2018 \/pondelok\/\u00a0 o 19:00 hod. sa uskuto\u010dn\u00ed zasadnutie obecn\u00e9ho zastupite\u013estva Hornej Mi\u010dinej v zasada\u010dke obecn\u00e9ho \u00faradu. \u00a0 Program: Otvorenie Program obecn\u00e9ho zastupite\u013estva Vo\u013eba n\u00e1vrhovej komisie, overovate\u013eov z\u00e1pisnice a zapisovate\u013ea Schva\u013eovanie n\u00e1vrhu o odk\u00fapenie \u010dasti nehnute\u013enosti na parcele E-KN \u010d. 225\/7 o v\u00fdmere 41m2 Inform\u00e1cie starostu Diskusia N\u00e1vrh uznesenia\u2026","rel":"","context":"V &quot;Zastupite\u013estvo&quot;","block_context":{"text":"Zastupite\u013estvo","link":"https:\/\/www.hornamicina.eu\/web\/category\/zastupitelstvo\/"},"img":{"alt_text":"","src":"https:\/\/i0.wp.com\/www.hornamicina.eu\/web\/wp-content\/uploads\/2017\/07\/zastupitelstvo.jpg?fit=530%2C375&ssl=1&resize=350%2C200","width":350,"height":200,"srcset":"https:\/\/i0.wp.com\/www.hornamicina.eu\/web\/wp-content\/uploads\/2017\/07\/zastupitelstvo.jpg?fit=530%2C375&ssl=1&resize=350%2C200 1x, https:\/\/i0.wp.com\/www.hornamicina.eu\/web\/wp-content\/uploads\/2017\/07\/zastupitelstvo.jpg?fit=530%2C375&ssl=1&resize=525%2C300 1.5x"},"classes":[]},{"id":3295,"url":"https:\/\/www.hornamicina.eu\/web\/pozvanka-na-zasadnutie-oz-hornej-micinej-september-2022\/","url_meta":{"origin":2189,"position":4},"title":"Pozv\u00e1nka na zasadnutie OZ Hornej Mi\u010dinej &#8211; september 2022","author":"admin","date":"23. septembra 2022","format":false,"excerpt":"D\u0148a 28.9.2022\u00a0\/streda\/\u00a0 o 19:00 hod. sa uskuto\u010dn\u00ed zasadnutie obecn\u00e9ho zastupite\u013estva Hornej Mi\u010dinej v zasada\u010dke obecn\u00e9ho \u00faradu. Program: Otvorenie Program obecn\u00e9ho zastupite\u013estva Vo\u013eba n\u00e1vrhovej komisie, overovate\u013ea z\u00e1pisnice a zapisovate\u013ea Spr\u00e1va o v\u00fdsledku kontroly dobrovo\u013enej zbierky Kontrola uznesen\u00ed OZ \u017diados\u0165 o pren\u00e1jom \u010dasti obecnej parcely \u010d. 184\/1, veden\u00e1 na LV-\u010d. 195 o\u2026","rel":"","context":"V &quot;D\u00f4le\u017eit\u00e9&quot;","block_context":{"text":"D\u00f4le\u017eit\u00e9","link":"https:\/\/www.hornamicina.eu\/web\/category\/dolezite\/"},"img":{"alt_text":"Logo obce a dokumenty","src":"https:\/\/i0.wp.com\/www.hornamicina.eu\/web\/wp-content\/uploads\/2017\/07\/uznesenia.jpg?fit=530%2C530&ssl=1&resize=350%2C200","width":350,"height":200,"srcset":"https:\/\/i0.wp.com\/www.hornamicina.eu\/web\/wp-content\/uploads\/2017\/07\/uznesenia.jpg?fit=530%2C530&ssl=1&resize=350%2C200 1x, https:\/\/i0.wp.com\/www.hornamicina.eu\/web\/wp-content\/uploads\/2017\/07\/uznesenia.jpg?fit=530%2C530&ssl=1&resize=525%2C300 1.5x"},"classes":[]},{"id":4397,"url":"https:\/\/www.hornamicina.eu\/web\/pozvanka-na-zasadnutie-oz-v-hornej-micinej-9-2024\/","url_meta":{"origin":2189,"position":5},"title":"Pozv\u00e1nka na zasadnutie OZ v Hornej Mi\u010dinej &#8211; 9\/2024","author":"admin","date":"11. septembra 2024","format":false,"excerpt":"POZV\u00c1NKA Pod\u013ea \u00a7 13 ods.4 p\u00edsm.a) z\u00e1kona \u010d.369\/1990 o\u00a0obecnom zriaden\u00ed v\u00a0znen\u00ed neskor\u0161\u00edch predpisov zvol\u00e1vam zasadnutie obecn\u00e9ho zastupite\u013estva v\u00a0Hornej Mi\u010dinej, ktor\u00e9 sa uskuto\u010dn\u00ed d\u0148a 16.9.2024 o\u00a017:00hod. v\u00a0budove obecn\u00e9ho \u00faradu ( s\u00e1la ). \u00a0 PROGRAM: 1. Otvorenie OZ 2. Program obecn\u00e9ho zastupite\u013estva 3. Vo\u013eba n\u00e1vrhovej komisie, overovate\u013ea z\u00e1pisnice a\u00a0zapisovate\u013ea 4. N\u00e1vrh pl\u00e1nu\u2026","rel":"","context":"V &quot;D\u00f4le\u017eit\u00e9&quot;","block_context":{"text":"D\u00f4le\u017eit\u00e9","link":"https:\/\/www.hornamicina.eu\/web\/category\/dolezite\/"},"img":{"alt_text":"Logo obce a dokumenty","src":"https:\/\/i0.wp.com\/www.hornamicina.eu\/web\/wp-content\/uploads\/2017\/07\/uznesenia.jpg?fit=530%2C530&ssl=1&resize=350%2C200","width":350,"height":200,"srcset":"https:\/\/i0.wp.com\/www.hornamicina.eu\/web\/wp-content\/uploads\/2017\/07\/uznesenia.jpg?fit=530%2C530&ssl=1&resize=350%2C200 1x, https:\/\/i0.wp.com\/www.hornamicina.eu\/web\/wp-content\/uploads\/2017\/07\/uznesenia.jpg?fit=530%2C530&ssl=1&resize=525%2C300 1.5x"},"classes":[]}],"jetpack_likes_enabled":true,"_links":{"self":[{"href":"https:\/\/www.hornamicina.eu\/web\/wp-json\/wp\/v2\/posts\/2189","targetHints":{"allow":["GET"]}}],"collection":[{"href":"https:\/\/www.hornamicina.eu\/web\/wp-json\/wp\/v2\/posts"}],"about":[{"href":"https:\/\/www.hornamicina.eu\/web\/wp-json\/wp\/v2\/types\/post"}],"author":[{"embeddable":true,"href":"https:\/\/www.hornamicina.eu\/web\/wp-json\/wp\/v2\/users\/1"}],"replies":[{"embeddable":true,"href":"https:\/\/www.hornamicina.eu\/web\/wp-json\/wp\/v2\/comments?post=2189"}],"version-history":[{"count":0,"href":"https:\/\/www.hornamicina.eu\/web\/wp-json\/wp\/v2\/posts\/2189\/revisions"}],"wp:featuredmedia":[{"embeddable":true,"href":"https:\/\/www.hornamicina.eu\/web\/wp-json\/wp\/v2\/media\/503"}],"wp:attachment":[{"href":"https:\/\/www.hornamicina.eu\/web\/wp-json\/wp\/v2\/media?parent=2189"}],"wp:term":[{"taxonomy":"category","embeddable":true,"href":"https:\/\/www.hornamicina.eu\/web\/wp-json\/wp\/v2\/categories?post=2189"},{"taxonomy":"post_tag","embeddable":true,"href":"https:\/\/www.hornamicina.eu\/web\/wp-json\/wp\/v2\/tags?post=2189"}],"curies":[{"name":"wp","href":"https:\/\/api.w.org\/{rel}","templated":true}]}}