{"id":2056,"date":"2020-08-07T19:24:19","date_gmt":"2020-08-07T17:24:19","guid":{"rendered":"https:\/\/www.hornamicina.eu\/web\/?p=2056"},"modified":"2024-09-26T08:41:08","modified_gmt":"2024-09-26T06:41:08","slug":"pozvanka-zas-2020-08","status":"publish","type":"post","link":"https:\/\/www.hornamicina.eu\/web\/pozvanka-zas-2020-08\/","title":{"rendered":"Pozv\u00e1nka na zasadnutie OZ Hornej Mi\u010dinej &#8211; august 2020"},"content":{"rendered":"<p><span style=\"font-size: 14pt;\"><em>D\u0148a <strong>13.8.2020\/\u0161tvrtok\/\u00a0 o 19:00 hod.<\/strong> sa uskuto\u010dn\u00ed zasadnutie obecn\u00e9ho zastupite\u013estva Hornej Mi\u010dinej v zasada\u010dke obecn\u00e9ho \u00faradu.<\/em><\/span><\/p>\n<p style=\"font-weight: 400;\">Program:<\/p>\n<ol style=\"font-weight: 400;\">\n<li>Otvorenie<\/li>\n<li>Program obecn\u00e9ho zastupite\u013estva<\/li>\n<li>Vo\u013eba n\u00e1vrhovej komisie, overovate\u013eov z\u00e1pisnice a\u00a0zapisovate\u013ea<\/li>\n<li>Prejednanie \u017eiadosti o\u00a0odk\u00fapenie \u010dasti pozemku p. .\u010d. C-516 \u2013 ostatn\u00e1 plocha veden\u00e1 na LV 417 o\u00a0v\u00fdmere 2 m, z\u00a0d\u00f4vodu z\u00e1sahu strechy do obecnej parcely \u2013 Ren\u00e9 Ledvina, Horn\u00e1 Mi\u010din\u00e1 \u010d. 147<\/li>\n<li>Schv\u00e1lenie indikat\u00edvnej ponuky od PRIMA BANKY na pred\u013a\u017eenie splatnosti \u00faveru<\/li>\n<li>Schv\u00e1lenie rekon\u0161trukcie obecnej cesty v\u00a0\u010dasti smer nov\u00e9 ihrisko a\u00a0rekon\u0161trukcia v\u00fdtlkov v obci<\/li>\n<li>Odborn\u00e9 stanovisko hlavnej kontrol\u00f3rky k\u00a0z\u00e1vere\u010dn\u00e9mu \u00fa\u010dtu obce Horn\u00e1 Mi\u010din\u00e1 za rok 2019<\/li>\n<li>Schv\u00e1lenie celoro\u010dn\u00e9ho hospod\u00e1renia obce za rok 2019<\/li>\n<li>Spr\u00e1va z\u00a0auditu \u00fa\u010dtovnej uz\u00e1vierky za rok 2019<\/li>\n<li>Smernica o\u00a0verejnom obstar\u00e1van\u00ed<\/li>\n<li>R\u00f4zne<\/li>\n<li>Diskusia<\/li>\n<li>N\u00e1vrh uznesenia<\/li>\n<li>Z\u00e1ver<\/li>\n<\/ol>\n<p>&nbsp;<\/p>\n<p>Ivan Len\u00e1r v.r.<br \/>\nstarosta obce<\/p>\n","protected":false},"excerpt":{"rendered":"D\u0148a 13.8.2020\/\u0161tvrtok\/\u00a0 o 19:00 hod. sa uskuto\u010dn\u00ed zasadnutie obecn\u00e9ho zastupite\u013estva Hornej Mi\u010dinej v [&hellip;]","protected":false},"author":1,"featured_media":503,"comment_status":"closed","ping_status":"open","sticky":false,"template":"","format":"standard","meta":{"advanced_seo_description":"","jetpack_seo_html_title":"","jetpack_seo_noindex":false,"_jetpack_memberships_contains_paid_content":false,"footnotes":""},"categories":[30],"tags":[54,143,140,142,141],"class_list":["post-2056","post","type-post","status-publish","format-standard","has-post-thumbnail","hentry","category-zastupitelstvo","tag-54","tag-poslanci","tag-pozvanka","tag-zasadnutie","tag-zastupitelstvo"],"jetpack_featured_media_url":"https:\/\/i0.wp.com\/www.hornamicina.eu\/web\/wp-content\/uploads\/2017\/07\/zastupitelstvo.jpg?fit=530%2C375&ssl=1","jetpack_sharing_enabled":true,"jetpack_shortlink":"https:\/\/wp.me\/p8RsFw-xa","jetpack-related-posts":[{"id":1258,"url":"https:\/\/www.hornamicina.eu\/web\/pozvanka-zas-2019-02-18\/","url_meta":{"origin":2056,"position":0},"title":"Pozv\u00e1nka na zasadnutie OZ Hornej Mi\u010dinej","author":"admin","date":"14. febru\u00e1ra 2019","format":false,"excerpt":"D\u0148a 18.02.2019 \/pondelok\/\u00a0 o 19:00 hod. sa uskuto\u010dn\u00ed zasadnutie obecn\u00e9ho zastupite\u013estva Hornej Mi\u010dinej v zasada\u010dke obecn\u00e9ho \u00faradu. \u00a0 Program: Otvorenie Program obecn\u00e9ho zastupite\u013estva Vo\u013eba n\u00e1vrhovej komisie, overovate\u013eov z\u00e1pisnice a zapisovate\u013ea Schv\u00e1lenie zmluvy o zriaden\u00ed zdru\u017eenia obc\u00ed s n\u00e1zvom \"Banskobystrick\u00e9 region\u00e1lne zdru\u017eenie obc\u00ed\" a \u00fa\u010das\u0165 obce v zdru\u017een\u00ed BB ZMOS Spr\u00e1va\u2026","rel":"","context":"V &quot;Oznamy&quot;","block_context":{"text":"Oznamy","link":"https:\/\/www.hornamicina.eu\/web\/category\/oznamy\/"},"img":{"alt_text":"","src":"https:\/\/i0.wp.com\/www.hornamicina.eu\/web\/wp-content\/uploads\/2017\/07\/zastupitelstvo.jpg?fit=530%2C375&ssl=1&resize=350%2C200","width":350,"height":200,"srcset":"https:\/\/i0.wp.com\/www.hornamicina.eu\/web\/wp-content\/uploads\/2017\/07\/zastupitelstvo.jpg?fit=530%2C375&ssl=1&resize=350%2C200 1x, https:\/\/i0.wp.com\/www.hornamicina.eu\/web\/wp-content\/uploads\/2017\/07\/zastupitelstvo.jpg?fit=530%2C375&ssl=1&resize=525%2C300 1.5x"},"classes":[]},{"id":5014,"url":"https:\/\/www.hornamicina.eu\/web\/pozvanka-na-zasadnutie-oz-v-hornej-micinej-16-12-2024-1700\/","url_meta":{"origin":2056,"position":1},"title":"Pozv\u00e1nka na zasadnutie OZ v Hornej Mi\u010dinej &#8211; 16.12.2024 17:00","author":"admin","date":"11. decembra 2024","format":false,"excerpt":"POZV\u00c1NKA Pod\u013ea \u00a7 13 ods.4 p\u00edsm.a) z\u00e1kona \u010d.369\/1990 o obecnom zriaden\u00ed v znen\u00ed neskor\u0161\u00edch predpisov, zvol\u00e1vam zasadnutie obecn\u00e9ho zastupite\u013estva v\u00a0Hornej Mi\u010dinej, ktor\u00e9 sa uskuto\u010dn\u00ed d\u0148a 16.12.2024 o\u00a017:00hod. v\u00a0s\u00e1le obecn\u00e9ho \u00faradu . PROGRAM: 1. Otvorenie OZ 2. Vo\u013eba n\u00e1vrhovej komisie, overovate\u013ea z\u00e1pisnice a\u00a0zapisovate\u013ea 3. Schv\u00e1lenie programu obecn\u00e9ho zastupite\u013estva 4. Spr\u00e1va nez\u00e1visl\u00e9ho\u2026","rel":"","context":"V &quot;Oznamy&quot;","block_context":{"text":"Oznamy","link":"https:\/\/www.hornamicina.eu\/web\/category\/oznamy\/"},"img":{"alt_text":"","src":"https:\/\/i0.wp.com\/www.hornamicina.eu\/web\/wp-content\/uploads\/2017\/07\/zastupitelstvo.jpg?fit=530%2C375&ssl=1&resize=350%2C200","width":350,"height":200,"srcset":"https:\/\/i0.wp.com\/www.hornamicina.eu\/web\/wp-content\/uploads\/2017\/07\/zastupitelstvo.jpg?fit=530%2C375&ssl=1&resize=350%2C200 1x, https:\/\/i0.wp.com\/www.hornamicina.eu\/web\/wp-content\/uploads\/2017\/07\/zastupitelstvo.jpg?fit=530%2C375&ssl=1&resize=525%2C300 1.5x"},"classes":[]},{"id":1415,"url":"https:\/\/www.hornamicina.eu\/web\/pozvanka-zas-2019-05-16\/","url_meta":{"origin":2056,"position":2},"title":"Pozv\u00e1nka na zasadnutie OZ Hornej Mi\u010dinej","author":"admin","date":"10. m\u00e1ja 2019","format":false,"excerpt":"D\u0148a 16.05.2019 \/\u0161tvrtok\/\u00a0 o 19:00 hod. sa uskuto\u010dn\u00ed zasadnutie obecn\u00e9ho zastupite\u013estva Hornej Mi\u010dinej v zasada\u010dke obecn\u00e9ho \u00faradu. \u00a0 Program: Otvorenie Program obecn\u00e9ho zastupite\u013estva Vo\u013eba n\u00e1vrhovej komisie, overovate\u013eov z\u00e1pisnice a zapisovate\u013ea Schv\u00e1lenie dodatku \u010d. 1\/2019 k VZN \u010d. 4\/2015 o umiest\u0148ovan\u00ed volebn\u00fdch plag\u00e1tov V\u00fdsledky hospod\u00e1renia a Z\u00e1vere\u010dn\u00fd \u00fa\u010det obce za rok\u2026","rel":"","context":"V &quot;Oznamy&quot;","block_context":{"text":"Oznamy","link":"https:\/\/www.hornamicina.eu\/web\/category\/oznamy\/"},"img":{"alt_text":"","src":"https:\/\/i0.wp.com\/www.hornamicina.eu\/web\/wp-content\/uploads\/2017\/07\/zastupitelstvo.jpg?fit=530%2C375&ssl=1&resize=350%2C200","width":350,"height":200,"srcset":"https:\/\/i0.wp.com\/www.hornamicina.eu\/web\/wp-content\/uploads\/2017\/07\/zastupitelstvo.jpg?fit=530%2C375&ssl=1&resize=350%2C200 1x, https:\/\/i0.wp.com\/www.hornamicina.eu\/web\/wp-content\/uploads\/2017\/07\/zastupitelstvo.jpg?fit=530%2C375&ssl=1&resize=525%2C300 1.5x"},"classes":[]},{"id":4159,"url":"https:\/\/www.hornamicina.eu\/web\/pozvanka-na-zasadnutie-oz-v-hornej-micinej-3-2024\/","url_meta":{"origin":2056,"position":3},"title":"Pozv\u00e1nka na zasadnutie OZ v Hornej Mi\u010dinej &#8211; 3\/2024","author":"admin","date":"4. marca 2024","format":false,"excerpt":"POZV\u00c1NKA Pod\u013ea \u00a7 13 ods.4 p\u00edsm.a) z\u00e1kona \u010d.369\/1990 o\u00a0obecnom zriaden\u00ed v\u00a0znen\u00ed neskor\u0161\u00edch predpisov zvol\u00e1vam zasadnutie \u00a0obecn\u00e9ho zastupite\u013estva v\u00a0Hornej Mi\u010dinej, ktor\u00e9 sa uskuto\u010dn\u00ed d\u0148a 7.3.2024 o\u00a018:00hod. v\u00a0s\u00e1le obecn\u00e9ho \u00faradu. \u00a0 \u00a0\u00a0\u00a0\u00a0\u00a0\u00a0\u00a0\u00a0\u00a0\u00a0\u00a0\u00a0\u00a0\u00a0\u00a0\u00a0\u00a0\u00a0\u00a0\u00a0\u00a0\u00a0\u00a0\u00a0\u00a0\u00a0\u00a0\u00a0\u00a0\u00a0\u00a0 PROGRAM: Otvorenie OZ Program obecn\u00e9ho zastupite\u013estva Vo\u013eba n\u00e1vrhovej komisie, overovate\u013ea z\u00e1pisnice a\u00a0zapisovate\u013ea Schv\u00e1lenie \u017eiadosti p.Pavla Martinca a\u00a0Anny Martincovej \u010d.d.59 o\u00a0odk\u00fapenie\u2026","rel":"","context":"V &quot;Oznamy&quot;","block_context":{"text":"Oznamy","link":"https:\/\/www.hornamicina.eu\/web\/category\/oznamy\/"},"img":{"alt_text":"","src":"https:\/\/i0.wp.com\/www.hornamicina.eu\/web\/wp-content\/uploads\/2017\/07\/zastupitelstvo.jpg?fit=530%2C375&ssl=1&resize=350%2C200","width":350,"height":200,"srcset":"https:\/\/i0.wp.com\/www.hornamicina.eu\/web\/wp-content\/uploads\/2017\/07\/zastupitelstvo.jpg?fit=530%2C375&ssl=1&resize=350%2C200 1x, https:\/\/i0.wp.com\/www.hornamicina.eu\/web\/wp-content\/uploads\/2017\/07\/zastupitelstvo.jpg?fit=530%2C375&ssl=1&resize=525%2C300 1.5x"},"classes":[]},{"id":2845,"url":"https:\/\/www.hornamicina.eu\/web\/uznesenia-z-2021-12-15\/","url_meta":{"origin":2056,"position":4},"title":"Uznesenia zo d\u0148a 15.12.2021","author":"admin","date":"21. decembra 2021","format":"aside","excerpt":"Obecn\u00fd \u00farad Horn\u00e1 Mi\u010din\u00e1 Obecn\u00e9 zastupite\u013estvo UZNESENIA zo zasadnutia obecn\u00e9ho zastupite\u013estva (\u010falej len OZ) obce Horn\u00e1 Mi\u010din\u00e1 konan\u00e9ho d\u0148a 15.12.2021 \u00a0 PR\u00cdTOMN\u00cd: Starosta obce:\u00a0\u00a0\u00a0\u00a0\u00a0\u00a0\u00a0\u00a0\u00a0\u00a0\u00a0\u00a0\u00a0\u00a0\u00a0\u00a0\u00a0\u00a0\u00a0\u00a0\u00a0\u00a0\u00a0\u00a0\u00a0\u00a0\u00a0\u00a0\u00a0\u00a0\u00a0\u00a0\u00a0 Ivan Len\u00e1r Poslanci OZ:\u00a0\u00a0\u00a0\u00a0\u00a0\u00a0\u00a0\u00a0\u00a0\u00a0\u00a0\u00a0\u00a0\u00a0\u00a0\u00a0\u00a0\u00a0\u00a0\u00a0\u00a0\u00a0\u00a0\u00a0\u00a0\u00a0\u00a0\u00a0\u00a0\u00a0\u00a0\u00a0\u00a0\u00a0\u00a0\u00a0\u00a0 pod\u013ea prilo\u017eenej prezen\u010dnej listiny Ob\u010dania obce a\u00a0prizvan\u00ed:\u00a0\u00a0\u00a0\u00a0\u00a0\u00a0\u00a0\u00a0\u00a0\u00a0\u00a0\u00a0 pod\u013ea prilo\u017eenej prezen\u010dnej listiny Zasadnutie obecn\u00e9ho zastupite\u013estva otvoril a\u00a0viedol starosta obce Ivan Len\u00e1r. Priv\u00edtal pr\u00edtomn\u00fdch\u2026","rel":"","context":"V &quot;Uznesenia&quot;","block_context":{"text":"Uznesenia","link":"https:\/\/www.hornamicina.eu\/web\/category\/uznesenia\/"},"img":{"alt_text":"Logo obce a dokumenty","src":"https:\/\/i0.wp.com\/www.hornamicina.eu\/web\/wp-content\/uploads\/2017\/07\/uznesenia.jpg?fit=530%2C530&ssl=1&resize=350%2C200","width":350,"height":200,"srcset":"https:\/\/i0.wp.com\/www.hornamicina.eu\/web\/wp-content\/uploads\/2017\/07\/uznesenia.jpg?fit=530%2C530&ssl=1&resize=350%2C200 1x, https:\/\/i0.wp.com\/www.hornamicina.eu\/web\/wp-content\/uploads\/2017\/07\/uznesenia.jpg?fit=530%2C530&ssl=1&resize=525%2C300 1.5x"},"classes":[]},{"id":3295,"url":"https:\/\/www.hornamicina.eu\/web\/pozvanka-na-zasadnutie-oz-hornej-micinej-september-2022\/","url_meta":{"origin":2056,"position":5},"title":"Pozv\u00e1nka na zasadnutie OZ Hornej Mi\u010dinej &#8211; september 2022","author":"admin","date":"23. septembra 2022","format":false,"excerpt":"D\u0148a 28.9.2022\u00a0\/streda\/\u00a0 o 19:00 hod. sa uskuto\u010dn\u00ed zasadnutie obecn\u00e9ho zastupite\u013estva Hornej Mi\u010dinej v zasada\u010dke obecn\u00e9ho \u00faradu. Program: Otvorenie Program obecn\u00e9ho zastupite\u013estva Vo\u013eba n\u00e1vrhovej komisie, overovate\u013ea z\u00e1pisnice a zapisovate\u013ea Spr\u00e1va o v\u00fdsledku kontroly dobrovo\u013enej zbierky Kontrola uznesen\u00ed OZ \u017diados\u0165 o pren\u00e1jom \u010dasti obecnej parcely \u010d. 184\/1, veden\u00e1 na LV-\u010d. 195 o\u2026","rel":"","context":"V &quot;D\u00f4le\u017eit\u00e9&quot;","block_context":{"text":"D\u00f4le\u017eit\u00e9","link":"https:\/\/www.hornamicina.eu\/web\/category\/dolezite\/"},"img":{"alt_text":"Logo obce a dokumenty","src":"https:\/\/i0.wp.com\/www.hornamicina.eu\/web\/wp-content\/uploads\/2017\/07\/uznesenia.jpg?fit=530%2C530&ssl=1&resize=350%2C200","width":350,"height":200,"srcset":"https:\/\/i0.wp.com\/www.hornamicina.eu\/web\/wp-content\/uploads\/2017\/07\/uznesenia.jpg?fit=530%2C530&ssl=1&resize=350%2C200 1x, https:\/\/i0.wp.com\/www.hornamicina.eu\/web\/wp-content\/uploads\/2017\/07\/uznesenia.jpg?fit=530%2C530&ssl=1&resize=525%2C300 1.5x"},"classes":[]}],"jetpack_likes_enabled":true,"_links":{"self":[{"href":"https:\/\/www.hornamicina.eu\/web\/wp-json\/wp\/v2\/posts\/2056","targetHints":{"allow":["GET"]}}],"collection":[{"href":"https:\/\/www.hornamicina.eu\/web\/wp-json\/wp\/v2\/posts"}],"about":[{"href":"https:\/\/www.hornamicina.eu\/web\/wp-json\/wp\/v2\/types\/post"}],"author":[{"embeddable":true,"href":"https:\/\/www.hornamicina.eu\/web\/wp-json\/wp\/v2\/users\/1"}],"replies":[{"embeddable":true,"href":"https:\/\/www.hornamicina.eu\/web\/wp-json\/wp\/v2\/comments?post=2056"}],"version-history":[{"count":0,"href":"https:\/\/www.hornamicina.eu\/web\/wp-json\/wp\/v2\/posts\/2056\/revisions"}],"wp:featuredmedia":[{"embeddable":true,"href":"https:\/\/www.hornamicina.eu\/web\/wp-json\/wp\/v2\/media\/503"}],"wp:attachment":[{"href":"https:\/\/www.hornamicina.eu\/web\/wp-json\/wp\/v2\/media?parent=2056"}],"wp:term":[{"taxonomy":"category","embeddable":true,"href":"https:\/\/www.hornamicina.eu\/web\/wp-json\/wp\/v2\/categories?post=2056"},{"taxonomy":"post_tag","embeddable":true,"href":"https:\/\/www.hornamicina.eu\/web\/wp-json\/wp\/v2\/tags?post=2056"}],"curies":[{"name":"wp","href":"https:\/\/api.w.org\/{rel}","templated":true}]}}