{"id":2010,"date":"2020-06-18T21:00:05","date_gmt":"2020-06-18T19:00:05","guid":{"rendered":"https:\/\/www.hornamicina.eu\/web\/?p=2010"},"modified":"2020-06-18T21:00:05","modified_gmt":"2020-06-18T19:00:05","slug":"detsky-denny-tabor-babylon-2020","status":"publish","type":"post","link":"https:\/\/www.hornamicina.eu\/web\/detsky-denny-tabor-babylon-2020\/","title":{"rendered":"Detsk\u00fd denn\u00fd t\u00e1bor Babylon v Hronseku"},"content":{"rendered":"<p>Mil\u00ed rodi\u010dia,<br \/>\nrok\u00a02020 je v\u00fdnimo\u010dn\u00fd aj t\u00fdm, \u017ee\u00a0 t\u00edm Detsk\u00e9ho Babylonu si\u00a0 pre V\u00e1s a Va\u0161e ratolesti po prv\u00ed raz pripravil v Banskej Bystrici ob\u013e\u00faben\u00fd form\u00e1t t\u00e1bora pre deti, ktor\u00e9 s\u00fa spolo\u010densk\u00e9, ale mo\u017eno sa e\u0161te tro\u0161ku ob\u00e1vaj\u00fa \u00eds\u0165 na dlh\u0161ie od rodi\u010dov do &#8222;spacieho&#8220; t\u00e1bora. Nemus\u00edte si l\u00e1ma\u0165 hlavu nad t\u00fdm, \u010do bud\u00fa deti po\u010das vo\u013en\u00fdch t\u00fd\u017ed\u0148ov robi\u0165, maj\u00fa predsa mo\u017enos\u0165 otvori\u0165 br\u00e1ny do sveta fant\u00e1zie a n\u00e1js\u0165 si mno\u017estvo nov\u00fdch kamar\u00e1tov spolu s nami!!!<\/p>\n<p><strong>V\u00a0s\u00favislosti s\u00a0dne\u0161nou situ\u00e1ciou okolo ochorenia COVID \u2013 19 sa bude denn\u00fd t\u00e1bor samozrejme kona\u0165 s pr\u00edsnymi hygienick\u00fdmi opatreniami!\u00a0<\/strong><\/p>\n<p><strong>Term\u00edn nov\u00fdch dobrodru\u017estiev:<\/strong><br \/>\n03. 08. \u2013 07. 08. 2020<\/p>\n<p><strong>Cena:<\/strong><br \/>\nCena za denn\u00fd t\u00e1bor je\u00a0<strong>90,- eur<\/strong><br \/>\nS\u00farodeneck\u00e1 z\u013eava &#8211;\u00a0<strong>10,- eur<\/strong>\u00a0na die\u0165a!<br \/>\nPlatby za\u00a0t\u00e1bor\u00a0treba uskuto\u010dni\u0165 platbou na\u00a0 \u00fa\u010det do Tatra banky s\u00a0nasledovn\u00fdmi \u00fadajmi IBAN: SK 86 1100 0000 0029 4901 5363; variabiln\u00fd symbol \u2013 rodn\u00e9 \u010d\u00edslo prihlasovan\u00e9ho die\u0165a\u0165a.<\/p>\n<p><strong>Miesto:<\/strong><br \/>\nHronsek\u00a0\u00a0&#8211; Bansk\u00e1 Bystrica, medzi Banskou Bystricou a Zvolenom<br \/>\nObecn\u00fd \u00farad\/Z\u00e1hrada barokov\u00e9ho ka\u0161tie\u013ea Z\u00e1humenie 126\/26 97631 Hronskek<br \/>\nDenn\u00fd t\u00e1bor za\u010d\u00edna ka\u017ed\u00fd de\u0148 od 08:00 hod., t\u00e1borov\u00fd de\u0148 kon\u010d\u00ed o 16:30.<br \/>\nDeti je potrebn\u00e9 privies\u0165 od 7:30 \u2013 8:30 \u2013 skor\u0161\u00ed\/neskor\u0161\u00ed pr\u00edchod vieme rie\u0161i\u0165 individu\u00e1lne<\/p>\n<p><strong>Prihlasovanie:\u00a0<\/strong><br \/>\n<a href=\"https:\/\/detskybabylon.sk\/prihlaska-do-tabora\">https:\/\/detskybabylon.sk\/prihlaska-do-tabora<\/a><strong>\u00a0<\/strong><\/p>\n<p><strong>V cene je zahrnut\u00e9:<\/strong><br \/>\n&#8211; celodenn\u00fd program pod veden\u00edm odborn\u00fdch lektorov<br \/>\n&#8211; pitn\u00fd re\u017eim, obedov\u00e9 menu, olovrant a desiata<br \/>\n&#8211; dar\u010dek pre ka\u017ed\u00e9ho \u00fa\u010dastn\u00edka denn\u00e9ho t\u00e1bora<br \/>\n&#8211; materi\u00e1lno \u2013 technick\u00e9 zabezpe\u010denie<br \/>\n&#8211; deti pod veden\u00edm lektorov zvl\u00e1dnu z\u00e1klady divadeln\u00fdch techn\u00edk, moderovania, \u0161ikovn\u00e9 ru\u010di\u010dky a ve\u013ea hier a pohybov\u00fdch aktiv\u00edt<\/p>\n<p><strong>D\u00f4le\u017eit\u00e9!!! Nezabudnite so sebou donies\u0165 fotok\u00f3piu preukazu poistenca.<\/strong><br \/>\nT\u00e1bor je ur\u010den\u00fd pre deti od 5 \u2013 99 rokov.<\/p>\n<p>Deti bud\u00fa rozdelen\u00e9 do jednotliv\u00fdch dieln\u00ed pod veden\u00edm lektorov pod\u013ea veku.<\/p>\n<p><strong>A ako vyzer\u00e1 napr\u00edklad\u00a0tak\u00fd t\u00e1borov\u00fd de\u0148?\u00a0<\/strong><\/p>\n<p><strong>Pondelok<\/strong><\/p>\n<p>07:30 \u2013 8:30 \u2013 Pr\u00edchod det\u00ed,<br \/>\n09:00 \u2013 09:30 &#8211; Vysvetlenie \u010do budeme v\u00a0dan\u00fd de\u0148 robi\u0165 a\u00a0pre\u010do<br \/>\n09:30 \u2013 11:30 \u2013 Tvoriv\u00e1 hra<br \/>\n10:00 \u2013 10:15 \u2013 Desiata<br \/>\n10:15 \u2013 11:30 \u2013\u00a0Tvoriv\u00e1 hra<br \/>\n11:30 \u2013 12:00 \u2013 Obed<br \/>\n12:00 \u2013 13:00 \u2013 Siesta (\u010d\u00edtanie kn\u00edh, ma\u013eovanie) \u2013 Siestu prisp\u00f4sobujeme veku det\u00ed<br \/>\n13:00 \u2013 15:30 \u2013\u00a0\u0160portov\u00e9 a pohybov\u00e9 hry<br \/>\n16:00 \u2013 16:30 \u2013 Odchod det\u00ed<\/p>\n<p><a href=\"https:\/\/i0.wp.com\/www.hornamicina.eu\/web\/wp-content\/uploads\/2020\/06\/unnamed.jpg?ssl=1\"><img data-recalc-dims=\"1\" loading=\"lazy\" decoding=\"async\" data-attachment-id=\"2012\" data-permalink=\"https:\/\/www.hornamicina.eu\/web\/detsky-denny-tabor-babylon-2020\/unnamed\/\" data-orig-file=\"https:\/\/i0.wp.com\/www.hornamicina.eu\/web\/wp-content\/uploads\/2020\/06\/unnamed.jpg?fit=1240%2C1748&amp;ssl=1\" data-orig-size=\"1240,1748\" data-comments-opened=\"0\" data-image-meta=\"{&quot;aperture&quot;:&quot;0&quot;,&quot;credit&quot;:&quot;&quot;,&quot;camera&quot;:&quot;&quot;,&quot;caption&quot;:&quot;&quot;,&quot;created_timestamp&quot;:&quot;0&quot;,&quot;copyright&quot;:&quot;&quot;,&quot;focal_length&quot;:&quot;0&quot;,&quot;iso&quot;:&quot;0&quot;,&quot;shutter_speed&quot;:&quot;0&quot;,&quot;title&quot;:&quot;&quot;,&quot;orientation&quot;:&quot;0&quot;}\" data-image-title=\"Detsk\u00fd t\u00e1bor Babylon Hronsek\" data-image-description=\"\" data-image-caption=\"\" data-large-file=\"https:\/\/i0.wp.com\/www.hornamicina.eu\/web\/wp-content\/uploads\/2020\/06\/unnamed.jpg?fit=726%2C1024&amp;ssl=1\" class=\"alignnone size-medium wp-image-2012\" src=\"https:\/\/i0.wp.com\/www.hornamicina.eu\/web\/wp-content\/uploads\/2020\/06\/unnamed.jpg?resize=213%2C300&#038;ssl=1\" alt=\"\" width=\"213\" height=\"300\" srcset=\"https:\/\/i0.wp.com\/www.hornamicina.eu\/web\/wp-content\/uploads\/2020\/06\/unnamed.jpg?resize=213%2C300&amp;ssl=1 213w, https:\/\/i0.wp.com\/www.hornamicina.eu\/web\/wp-content\/uploads\/2020\/06\/unnamed.jpg?resize=768%2C1083&amp;ssl=1 768w, https:\/\/i0.wp.com\/www.hornamicina.eu\/web\/wp-content\/uploads\/2020\/06\/unnamed.jpg?resize=726%2C1024&amp;ssl=1 726w, https:\/\/i0.wp.com\/www.hornamicina.eu\/web\/wp-content\/uploads\/2020\/06\/unnamed.jpg?resize=720%2C1015&amp;ssl=1 720w, https:\/\/i0.wp.com\/www.hornamicina.eu\/web\/wp-content\/uploads\/2020\/06\/unnamed.jpg?w=1240&amp;ssl=1 1240w\" sizes=\"auto, (max-width: 213px) 100vw, 213px\" \/><\/a><\/p>\n","protected":false},"excerpt":{"rendered":"Mil\u00ed rodi\u010dia, rok\u00a02020 je v\u00fdnimo\u010dn\u00fd aj t\u00fdm, \u017ee\u00a0 t\u00edm Detsk\u00e9ho Babylonu si\u00a0 pre [&hellip;]","protected":false},"author":1,"featured_media":2011,"comment_status":"closed","ping_status":"open","sticky":false,"template":"","format":"standard","meta":{"advanced_seo_description":"","jetpack_seo_html_title":"","jetpack_seo_noindex":false,"_jetpack_memberships_contains_paid_content":false,"footnotes":""},"categories":[5,7,8],"tags":[],"class_list":["post-2010","post","type-post","status-publish","format-standard","has-post-thumbnail","hentry","category-dolezite","category-kultura","category-oznamy"],"jetpack_featured_media_url":"https:\/\/i0.wp.com\/www.hornamicina.eu\/web\/wp-content\/uploads\/2020\/06\/hronsek-dt.jpg?fit=1030%2C548&ssl=1","jetpack_sharing_enabled":true,"jetpack_shortlink":"https:\/\/wp.me\/p8RsFw-wq","jetpack-related-posts":[{"id":1100,"url":"https:\/\/www.hornamicina.eu\/web\/mikulas-2018\/","url_meta":{"origin":2010,"position":0},"title":"Mikul\u00e1\u0161 2018","author":"admin","date":"29. novembra 2018","format":false,"excerpt":"Obec Horn\u00e1 Mi\u010din\u00e1 poz\u00fdva mal\u00fdch aj ve\u013ek\u00fdch d\u0148a 8.12.2018 (sobota) na stretnutie s Mikul\u00e1\u0161om, rozsvietenie viano\u010dn\u00e9ho strom\u010deka a sladk\u00fa odmenu pre deti. Pozv\u00e1nka na stretnutie s Mikul\u00e1\u0161om - 2018 \u00a0 PROGRAM: 14:30 hod. \u00a0 \u00a0- divadeln\u00e9 predstavenie hercov z Divadla pod balk\u00f3nom v s\u00e1le obecn\u00e9ho \u00faradu a rozd\u00e1vanie mikul\u00e1\u0161skych bal\u00edkov\u2026","rel":"","context":"V &quot;Kult\u00fara&quot;","block_context":{"text":"Kult\u00fara","link":"https:\/\/www.hornamicina.eu\/web\/category\/kultura\/"},"img":{"alt_text":"","src":"https:\/\/i0.wp.com\/www.hornamicina.eu\/web\/wp-content\/uploads\/2017\/12\/stromcek1.png?fit=530%2C530&ssl=1&resize=350%2C200","width":350,"height":200,"srcset":"https:\/\/i0.wp.com\/www.hornamicina.eu\/web\/wp-content\/uploads\/2017\/12\/stromcek1.png?fit=530%2C530&ssl=1&resize=350%2C200 1x, https:\/\/i0.wp.com\/www.hornamicina.eu\/web\/wp-content\/uploads\/2017\/12\/stromcek1.png?fit=530%2C530&ssl=1&resize=525%2C300 1.5x"},"classes":[]},{"id":5032,"url":"https:\/\/www.hornamicina.eu\/web\/uznesenia-zo-zasadnutia-oz-h-micina-zo-dna-16-12-2024\/","url_meta":{"origin":2010,"position":1},"title":"Uznesenia zo zasadnutia OZ H. Mi\u010din\u00e1 zo d\u0148a 16.12.2024","author":"admin","date":"17. decembra 2024","format":false,"excerpt":"\u00a0\u00a0\u00a0\u00a0\u00a0\u00a0\u00a0\u00a0\u00a0\u00a0\u00a0\u00a0\u00a0\u00a0\u00a0\u00a0\u00a0\u00a0\u00a0\u00a0\u00a0\u00a0\u00a0\u00a0\u00a0\u00a0\u00a0\u00a0\u00a0\u00a0\u00a0\u00a0\u00a0\u00a0\u00a0\u00a0\u00a0\u00a0\u00a0\u00a0\u00a0\u00a0\u00a0\u00a0\u00a0\u00a0\u00a0\u00a0\u00a0\u00a0\u00a0\u00a0\u00a0\u00a0\u00a0\u00a0\u00a0\u00a0 UZNESENIA zo zasadnutia obecn\u00e9ho zastupite\u013estva (\u010falej len OZ) obce Horn\u00e1 Mi\u010din\u00e1 konan\u00e9ho d\u0148a 16.12.2024 v\u00a0budove obecn\u00e9ho \u00faradu Horn\u00e1 Mi\u010din\u00e1 o\u00a017:00 hod. \u00a0 PR\u00cdTOMN\u00cd POSLANCI: Teodor Bachleda,\u00a0 Michal Karkal\u00edk, \u00a0Jana Baranov\u00e1,\u013dubom\u00edr \u010cerh\u00fd\u0148,Tibor Pip\u00ed\u0161ka NEPR\u00cdTOMN\u00cd POSLANCI: \u00a0- \u00a0 K\u00a0bodu 2. Vo\u013eba n\u00e1vrhovej komisie, overovate\u013ea z\u00e1pisnice a\u00a0zapisovate\u013ea uznesenie \u010d.36\/2024 \u00a0 UR\u010cUJE: Baranov\u00fa,\u2026","rel":"","context":"V &quot;Uznesenia&quot;","block_context":{"text":"Uznesenia","link":"https:\/\/www.hornamicina.eu\/web\/category\/uznesenia\/"},"img":{"alt_text":"","src":"https:\/\/i0.wp.com\/www.hornamicina.eu\/web\/wp-content\/uploads\/2017\/07\/zastupitelstvo.jpg?fit=530%2C375&ssl=1&resize=350%2C200","width":350,"height":200,"srcset":"https:\/\/i0.wp.com\/www.hornamicina.eu\/web\/wp-content\/uploads\/2017\/07\/zastupitelstvo.jpg?fit=530%2C375&ssl=1&resize=350%2C200 1x, https:\/\/i0.wp.com\/www.hornamicina.eu\/web\/wp-content\/uploads\/2017\/07\/zastupitelstvo.jpg?fit=530%2C375&ssl=1&resize=525%2C300 1.5x"},"classes":[]},{"id":3925,"url":"https:\/\/www.hornamicina.eu\/web\/k-zivotnemu-jubileu-90-prekladatelky-viery-hegerovej\/","url_meta":{"origin":2010,"position":2},"title":"K \u017eivotn\u00e9mu jubileu (90) prekladate\u013eky Viery Hegerovej","author":"admin","date":"6. okt\u00f3bra 2023","format":false,"excerpt":"Centrum seniorov v\u00a0Hornej Mi\u010dinej si na svojom stretnut\u00ed v\u00a0stredu 4. okt\u00f3bra 2023 pripomenulo vz\u00e1cnu rod\u00e1\u010dku \u2013 prekladate\u013eku a\u00a0redaktorku Vieru Hegerov\u00fa, roden\u00fa Ferjan\u010dekov\u00fa. O\u00a0jej profesion\u00e1lom \u017eivote poskytla svoje vedomosti liter\u00e1rna histori\u010dka Jana Borgu\u013eov\u00e1, ku ktorej sa pridali pr\u00edtomn\u00e9 \u00fa\u010dastn\u00ed\u010dky, \u010do si na detstvo a\u00a0mlad\u00e9 roky tejto svojej s\u00faputn\u00ed\u010dky pam\u00e4taj\u00fa osobne. Priniesli\u2026","rel":"","context":"V &quot;Denn\u00e9 centrum obce&quot;","block_context":{"text":"Denn\u00e9 centrum obce","link":"https:\/\/www.hornamicina.eu\/web\/category\/denne-centrum-obce\/"},"img":{"alt_text":"","src":"https:\/\/i0.wp.com\/www.hornamicina.eu\/web\/wp-content\/uploads\/2023\/10\/V.-Hegerova-na-terase-HM-min.jpg?fit=480%2C291&ssl=1&resize=350%2C200","width":350,"height":200},"classes":[]},{"id":2773,"url":"https:\/\/www.hornamicina.eu\/web\/kupna-zmluva-obec-hm-lackova\/","url_meta":{"origin":2010,"position":3},"title":"K\u00fapna zmluva &#8211; Obec HM &#8211; p. Lackov\u00e1","author":"admin","date":"3. decembra 2021","format":false,"excerpt":"K\u00daPNA ZMLUVA uzatvoren\u00e1 pod\u013ea ust. \u00a7 588 a\u00a0nasl. z\u00e1kona \u010d. 40\/1964 Zb. Ob\u010diansky z\u00e1konn\u00edk v platnom znen\u00ed (\u010falej aj len ako \u201eZmluva\u201c) medzi \u00a0 Pred\u00e1vaj\u00faci: \u00a0\u00a0\u00a0\u00a0\u00a0\u00a0\u00a0\u00a0\u00a0\u00a0\u00a0\u00a0 Obec Horn\u00e1 Mi\u010din\u00e1 So s\u00eddlom\u00a0\u00a0\u00a0\u00a0\u00a0\u00a0\u00a0 :\u00a0\u00a0\u00a0\u00a0\u00a0\u00a0\u00a0\u00a0\u00a0\u00a0\u00a0\u00a0\u00a0\u00a0\u00a0\u00a0\u00a0\u00a0\u00a0\u00a0\u00a0\u00a0 Horn\u00e1 Mi\u010din\u00e1 79, 974 01 Bansk\u00e1 Bystrica V zast\u00fapen\u00ed\u00a0\u00a0\u00a0\u00a0 :\u00a0 \u00a0\u00a0\u00a0\u00a0\u00a0\u00a0\u00a0\u00a0\u00a0\u00a0\u00a0\u00a0\u00a0\u00a0\u00a0\u00a0\u00a0\u00a0\u00a0\u00a0 Ivan Len\u00e1r, starosta I\u010cO:\u00a0\u00a0\u00a0\u00a0\u00a0\u00a0\u00a0\u00a0\u00a0\u00a0\u00a0\u00a0\u00a0\u00a0\u00a0\u00a0\u00a0\u00a0\u00a0\u00a0\u00a0\u00a0\u00a0\u00a0\u00a0\u00a0\u00a0\u00a0\u00a0\u00a0\u00a0\u00a0\u00a0\u00a0\u00a0\u00a0\u00a0\u00a0\u00a000\u00a0313 459 DI\u010c: \u00a0\u00a0\u00a0\u00a0\u00a0\u00a0\u00a0\u00a0\u00a0\u00a0\u00a0\u00a0\u00a0\u00a0\u00a0\u00a0\u00a0\u00a0\u00a0\u00a0\u00a0\u00a0\u00a0\u00a0\u00a0\u00a0\u00a0\u00a0\u00a0\u00a0\u00a0\u00a0\u00a0\u00a0\u00a0\u00a0\u00a0\u00a02021115833\u2026","rel":"","context":"V &quot;Elektronick\u00e1 \u00faradn\u00e1 tabu\u013ea&quot;","block_context":{"text":"Elektronick\u00e1 \u00faradn\u00e1 tabu\u013ea","link":"https:\/\/www.hornamicina.eu\/web\/category\/uradna-tabula\/"},"img":{"alt_text":"Logo obce a dokumenty","src":"https:\/\/i0.wp.com\/www.hornamicina.eu\/web\/wp-content\/uploads\/2017\/07\/uznesenia.jpg?fit=530%2C530&ssl=1&resize=350%2C200","width":350,"height":200,"srcset":"https:\/\/i0.wp.com\/www.hornamicina.eu\/web\/wp-content\/uploads\/2017\/07\/uznesenia.jpg?fit=530%2C530&ssl=1&resize=350%2C200 1x, https:\/\/i0.wp.com\/www.hornamicina.eu\/web\/wp-content\/uploads\/2017\/07\/uznesenia.jpg?fit=530%2C530&ssl=1&resize=525%2C300 1.5x"},"classes":[]},{"id":5736,"url":"https:\/\/www.hornamicina.eu\/web\/k-umrtiu-viery-hegerovej\/","url_meta":{"origin":2010,"position":4},"title":"K \u00famrtiu Viery Hegerovej","author":"admin","date":"10. apr\u00edla 2026","format":false,"excerpt":"\u00a0VIERA HEGEROV\u00c1 * 9. 10. 1933 Bansk\u00e1 Bystrica + 6.4. 2026 Bratislava \u00a0 Pred viac ako dvomi rokmi si Centrum seniorov v\u00a0Hornej Mi\u010dinej na svojom stretnut\u00ed\u00a0 4. okt\u00f3bra 2023 pripomenulo vz\u00e1cnu rod\u00e1\u010dku \u2013 prekladate\u013eku a\u00a0redaktorku Vieru Hegerov\u00fa, roden\u00fa Ferjan\u010dekov\u00fa. O\u00a0jej profesion\u00e1lnom \u017eivote poskytla svoje vedomosti liter\u00e1rna histori\u010dka Jana Borgu\u013eov\u00e1, ku\u2026","rel":"","context":"V &quot;Denn\u00e9 centrum obce&quot;","block_context":{"text":"Denn\u00e9 centrum obce","link":"https:\/\/www.hornamicina.eu\/web\/category\/denne-centrum-obce\/"},"img":{"alt_text":"","src":"https:\/\/i0.wp.com\/www.hornamicina.eu\/web\/wp-content\/uploads\/2023\/10\/Viera-Hegerova-min.jpg?fit=373%2C480&ssl=1&resize=350%2C200","width":350,"height":200},"classes":[]},{"id":2482,"url":"https:\/\/www.hornamicina.eu\/web\/kupna-zmluva-obec-hm-rene-ledvina\/","url_meta":{"origin":2010,"position":5},"title":"K\u00fapna zmluva &#8211; Obec HM &#8211; Ren\u00e9 Ledvina","author":"admin","date":"3. apr\u00edla 2021","format":false,"excerpt":"K\u00daPNA ZMLUVA uzatvoren\u00e1 pod\u013ea ust. \u00a7 588 a\u00a0nasl. z\u00e1kona \u010d. 40\/1964 Zb. Ob\u010diansky z\u00e1konn\u00edk v platnom znen\u00ed (\u010falej aj len ako \u201eZmluva\u201c) medzi \u00a0 Pred\u00e1vaj\u00faci: \u00a0\u00a0\u00a0\u00a0\u00a0\u00a0\u00a0\u00a0\u00a0\u00a0\u00a0\u00a0 Obec Horn\u00e1 Mi\u010din\u00e1 So s\u00eddlom\u00a0\u00a0\u00a0\u00a0\u00a0\u00a0\u00a0 :\u00a0\u00a0\u00a0\u00a0\u00a0\u00a0\u00a0\u00a0\u00a0\u00a0 \u00a0\u00a0\u00a0\u00a0\u00a0\u00a0\u00a0\u00a0\u00a0\u00a0\u00a0 Horn\u00e1 Mi\u010din\u00e1 79, 974 01 Bansk\u00e1 Bystrica V zast\u00fapen\u00ed\u00a0\u00a0\u00a0\u00a0 :\u00a0 \u00a0\u00a0\u00a0\u00a0\u00a0\u00a0\u00a0\u00a0 \u00a0\u00a0\u00a0\u00a0\u00a0\u00a0\u00a0\u00a0\u00a0\u00a0\u00a0 Ivan Len\u00e1r, starosta I\u010cO:\u00a0\u00a0\u00a0\u00a0\u00a0\u00a0\u00a0\u00a0\u00a0\u00a0\u00a0\u00a0\u00a0\u00a0\u00a0\u00a0\u00a0\u00a0\u00a0\u00a0\u00a0\u00a0\u00a0\u00a0\u00a0\u00a0 \u00a0\u00a0\u00a0\u00a0\u00a0\u00a0\u00a0\u00a0\u00a0\u00a0\u00a0\u00a000\u00a0313\u2026","rel":"","context":"V &quot;Elektronick\u00e1 \u00faradn\u00e1 tabu\u013ea&quot;","block_context":{"text":"Elektronick\u00e1 \u00faradn\u00e1 tabu\u013ea","link":"https:\/\/www.hornamicina.eu\/web\/category\/uradna-tabula\/"},"img":{"alt_text":"Logo obce a dokumenty","src":"https:\/\/i0.wp.com\/www.hornamicina.eu\/web\/wp-content\/uploads\/2017\/07\/uznesenia.jpg?fit=530%2C530&ssl=1&resize=350%2C200","width":350,"height":200,"srcset":"https:\/\/i0.wp.com\/www.hornamicina.eu\/web\/wp-content\/uploads\/2017\/07\/uznesenia.jpg?fit=530%2C530&ssl=1&resize=350%2C200 1x, https:\/\/i0.wp.com\/www.hornamicina.eu\/web\/wp-content\/uploads\/2017\/07\/uznesenia.jpg?fit=530%2C530&ssl=1&resize=525%2C300 1.5x"},"classes":[]}],"jetpack_likes_enabled":true,"_links":{"self":[{"href":"https:\/\/www.hornamicina.eu\/web\/wp-json\/wp\/v2\/posts\/2010","targetHints":{"allow":["GET"]}}],"collection":[{"href":"https:\/\/www.hornamicina.eu\/web\/wp-json\/wp\/v2\/posts"}],"about":[{"href":"https:\/\/www.hornamicina.eu\/web\/wp-json\/wp\/v2\/types\/post"}],"author":[{"embeddable":true,"href":"https:\/\/www.hornamicina.eu\/web\/wp-json\/wp\/v2\/users\/1"}],"replies":[{"embeddable":true,"href":"https:\/\/www.hornamicina.eu\/web\/wp-json\/wp\/v2\/comments?post=2010"}],"version-history":[{"count":0,"href":"https:\/\/www.hornamicina.eu\/web\/wp-json\/wp\/v2\/posts\/2010\/revisions"}],"wp:featuredmedia":[{"embeddable":true,"href":"https:\/\/www.hornamicina.eu\/web\/wp-json\/wp\/v2\/media\/2011"}],"wp:attachment":[{"href":"https:\/\/www.hornamicina.eu\/web\/wp-json\/wp\/v2\/media?parent=2010"}],"wp:term":[{"taxonomy":"category","embeddable":true,"href":"https:\/\/www.hornamicina.eu\/web\/wp-json\/wp\/v2\/categories?post=2010"},{"taxonomy":"post_tag","embeddable":true,"href":"https:\/\/www.hornamicina.eu\/web\/wp-json\/wp\/v2\/tags?post=2010"}],"curies":[{"name":"wp","href":"https:\/\/api.w.org\/{rel}","templated":true}]}}