{"id":1992,"date":"2020-05-26T17:55:43","date_gmt":"2020-05-26T15:55:43","guid":{"rendered":"https:\/\/www.hornamicina.eu\/web\/?p=1992"},"modified":"2024-09-26T08:41:07","modified_gmt":"2024-09-26T06:41:07","slug":"uznesenia-z-2020-05-20","status":"publish","type":"post","link":"https:\/\/www.hornamicina.eu\/web\/uznesenia-z-2020-05-20\/","title":{"rendered":"Uznesenia zo d\u0148a 20.5.2020"},"content":{"rendered":"<p style=\"font-weight: 400;\"><strong>UZNESENIA<\/strong><\/p>\n<p>zo zasadnutia obecn\u00e9ho zastupite\u013estva (\u010falej len OZ) obce Horn\u00e1 Mi\u010din\u00e1 konan\u00e9ho d\u0148a 20.05.2020<\/p>\n<p><strong>Uznesenie \u010d. 1 \/ zo d\u0148a 20.05.2020<\/strong><\/p>\n<p><span style=\"text-decoration: underline;\">K bodu 2. Program obecn\u00e9ho zastupite\u013estva<\/span><\/p>\n<p>OZ obce Horn\u00e1 Mi\u010din\u00e1 <strong>schva\u013euje<\/strong>:<\/p>\n<p>&#8211; Program obecn\u00e9ho zastupite\u013estva<\/p>\n<p><em>Pr\u00edtomn\u00ed poslanci: Jana Baranov\u00e1, Michal Karkal\u00edk, Richard Kaz\u00edk, Bohu\u0161 Martinec, Jaroslav Pa\u013ea<\/em><\/p>\n<p><em>Hlasovali za: (5) Jana Baranov\u00e1, Michal Karkal\u00edk, Richard Kaz\u00edk, Bohu\u0161 Martinec, Jaroslav Pa\u013ea<\/em><\/p>\n<p><em>proti: (0)<\/em><\/p>\n<p><em>zdr\u017eali sa: (0)<\/em><\/p>\n<p><strong>Uznesenie \u010d. 2 \/ zo d\u0148a 20.05.2020<\/strong><\/p>\n<p><span style=\"text-decoration: underline;\">K bodu 3. Vo\u013eba n\u00e1vrhovej komisie, overovate\u013eov z\u00e1pisnice a zapisovate\u013ea<\/span><\/p>\n<p>OZ obce Horn\u00e1 Mi\u010din\u00e1\u00a0<strong>ur\u010duje<\/strong><\/p>\n<p>&#8211; Richarda Kaz\u00edka a Jaroslava Pa\u013eu za \u010dlenov n\u00e1vrhovej komisie<\/p>\n<p>&#8211; Janu Baranov\u00fa a Bohu\u0161a Martinca za overovate\u013eov z\u00e1pisnice<\/p>\n<p>&#8211; Michala Karkal\u00edka za zapisovate\u013ea z\u00e1pisnice<\/p>\n<p>Pr\u00edtomn\u00ed poslanci: Jana Baranov\u00e1, Michal Karkal\u00edk, Richard Kaz\u00edk, Bohu\u0161 Martinec, Jaroslav Pa\u013ea<\/p>\n<p><em>Hlasovali za: (5) Jana Baranov\u00e1, Michal Karkal\u00edk, Richard Kaz\u00edk, Bohu\u0161 Martinec, Jaroslav Pa\u013ea<\/em><\/p>\n<p><em>proti: (0)<\/em><\/p>\n<p><em>zdr\u017eali sa: (0)<\/em><\/p>\n<p><strong>Uznesenie \u010d. 3 \/ zo d\u0148a 20.05.2020<\/strong><\/p>\n<p><span style=\"text-decoration: underline;\">K bodu 4. Pl\u00e1n kontrolnej \u010dinnosti hlavnej kontrol\u00f3rky obce na druh\u00fd polrok 2020<\/span><\/p>\n<p>OZ obce Horn\u00e1 Mi\u010din\u00e1 <strong>schva\u013euje<\/strong><\/p>\n<p>&#8211; Pl\u00e1n kontrolnej \u010dinnosti na druh\u00fd polrok 2020<\/p>\n<p><em>Pr\u00edtomn\u00ed poslanci: Jana Baranov\u00e1, Michal Karkal\u00edk, Richard Kaz\u00edk, Bohu\u0161 Martinec, Jaroslav Pa\u013ea<\/em><\/p>\n<p><em>Hlasovali za: (5) Jana Baranov\u00e1, Michal Karkal\u00edk, Richard Kaz\u00edk, Bohu\u0161 Martinec, Jaroslav Pa\u013ea<\/em><\/p>\n<p><em>proti: (0)<\/em><\/p>\n<p><em>zdr\u017eali sa: (0)<\/em><\/p>\n<p><strong>Uznesenie \u010d. 4 \/ zo d\u0148a 20.05.2020<\/strong><\/p>\n<p><span style=\"text-decoration: underline;\">K bodu 5. Vzdanie sa funkcie hlavn\u00e9ho kontrol\u00f3ra obce ku d\u0148u 30.06.2020<\/span><\/p>\n<p>OZ obce Horn\u00e1 Mi\u010din\u00e1\u00a0<strong>berie na vedomie<\/strong><\/p>\n<p>&#8211; vzdanie sa funkcie hlavnej kontrol\u00f3rky obce<\/p>\n<p><em>Pr\u00edtomn\u00ed poslanci: Jana Baranov\u00e1, Michal Karkal\u00edk, Richard Kaz\u00edk, Bohu\u0161 Martinec, Jaroslav Pa\u013ea<\/em><\/p>\n<p><strong>Uznesenie \u010d. 5 \/ zo d\u0148a 20.05.2020<\/strong><\/p>\n<p><span style=\"text-decoration: underline;\">K bodu 6. Spr\u00e1va o plnen\u00ed \u00faloh Komunitn\u00e9ho pl\u00e1nu soci\u00e1lnych slu\u017eieb<\/span><\/p>\n<p>OZ obce Horn\u00e1 Mi\u010din\u00e1\u00a0<strong>berie na vedomie<\/strong><\/p>\n<p>&#8211; Spr\u00e1vu o plnen\u00ed \u00faloh Komunitn\u00e9ho pl\u00e1nu soci\u00e1lnych slu\u017eieb<\/p>\n<p><em>Pr\u00edtomn\u00ed poslanci: Jana Baranov\u00e1, Michal Karkal\u00edk, Richard Kaz\u00edk, Bohu\u0161 Martinec, Jaroslav Pa\u013ea<\/em><\/p>\n<p><strong>Uznesenie \u010d. 6 \/ zo d\u0148a 20.05.2020<\/strong><\/p>\n<p><span style=\"text-decoration: underline;\">K bodu 7. \u017diados\u0165 p\u00e1na Pavla Martinca (\u010d. d. 59) o odk\u00fapenie obecn\u00e9ho pozemku<\/span><span>\u00a0<\/span><span style=\"text-decoration: underline;\">C-KN 40\/3 o v\u00fdmere 22 m2 (LV \u010d. 417) \u2013 druh ostatn\u00e1 plocha<\/span><\/p>\n<p>OZ obce Horn\u00e1 Mi\u010din\u00e1 <strong>berie na vedomie<\/strong><\/p>\n<p>&#8211; \u017diados\u0165 o odk\u00fapenie obecn\u00e9ho pozemku C-KN 40\/3 o v\u00fdmere 22 m2<\/p>\n<p><em>Pr\u00edtomn\u00ed poslanci: Jana Baranov\u00e1, Michal Karkal\u00edk, Richard Kaz\u00edk, Bohu\u0161 Martinec, Jaroslav Pa\u013ea<\/em><\/p>\n<p><strong>Uznesenie \u010d. 7 \/ zo d\u0148a 20.05.2020<\/strong><\/p>\n<p><span style=\"text-decoration: underline;\">K bodu 8. \u017diados\u0165 p\u00e1na \u013dubom\u00edra Krn\u00e1\u010da (\u010d. d. 56) o odk\u00fapenie obecn\u00e9ho\u00a0 pozemku E-KN 225\/6 o v\u00fdmere 423 m2 (LV \u010d. 417) \u2013 druh ostatn\u00e1 plocha<\/span><\/p>\n<p>OZ obce Horn\u00e1 Mi\u010din\u00e1 <strong>berie na vedomie<\/strong><\/p>\n<p>&#8211; \u017diados\u0165 o odk\u00fapenie obecn\u00e9ho pozemku E-KN 225\/6 o v\u00fdmere 423 m2<\/p>\n<p><em>Pr\u00edtomn\u00ed poslanci: Jana Baranov\u00e1, Michal Karkal\u00edk, Richard Kaz\u00edk, Bohu\u0161 Martinec, Jaroslav Pa\u013ea<\/em><\/p>\n<p><strong>Uznesenie \u010d. 8 \/ zo d\u0148a 20.05.2020<\/strong><\/p>\n<p><span style=\"text-decoration: underline;\">K bodu 9. R\u00f4zne<\/span><\/p>\n<p>OZ obce Horn\u00e1 Mi\u010din\u00e1\u00a0<strong>berie na vedomie<\/strong><\/p>\n<p>&#8211; inform\u00e1ciu o pl\u00e1novan\u00fdch rekon\u0161trukci\u00e1ch v obci<\/p>\n<p>&#8211; inform\u00e1cie o opatreniach obecn\u00e9ho \u00faradu v s\u00favislosti s pand\u00e9miou COVID-19<\/p>\n<p>&#8211; inform\u00e1ciu o predbe\u017enom zru\u0161en\u00ed pl\u00e1novan\u00fdch verejn\u00fdch zhroma\u017edeniach usporad\u00favan\u00fdch obcou Horn\u00e1 Mi\u010din\u00e1 v roku 2020<\/p>\n<p>&#8211; inform\u00e1ciu o odstr\u00e1nen\u00ed zmrzlinov\u00e9ho st\u00e1nku z obecn\u00e9ho pozemku<\/p>\n<p>&#8211; n\u00e1vrh ob\u010danov obce Horn\u00e1 Mi\u010din\u00e1 o vybudovanie exteri\u00e9rov\u00e9ho pingpongov\u00e9ho stola<\/p>\n<p>doporu\u010duje starostovi obce<\/p>\n<p>&#8211; zvol\u00e1va\u0165 mesa\u010dn\u00e9 porady oh\u013eadom aktu\u00e1lneho stavu hospod\u00e1renia obce (term\u00edn: mesa\u010dne)<\/p>\n<p><em>Pr\u00edtomn\u00ed poslanci: Jana Baranov\u00e1, Michal Karkal\u00edk, Richard Kaz\u00edk, Jaroslav Pa\u013ea, Bohu\u0161 Martinec<\/em><\/p>\n<p><strong>Uznesenie \u010d. 9 \/ zo d\u0148a 20.05.2020<\/strong><\/p>\n<p><span style=\"text-decoration: underline;\">K bodu 10. Diskusia<\/span><\/p>\n<p>Diskusia prebehla v r\u00e1mci rokovania zastupite\u013estva k jednotliv\u00fdm bodom a inform\u00e1ci\u00e1m<\/p>\n<p><span style=\"text-decoration: underline;\">K bodu 11. N\u00e1vrh uznesen\u00ed<\/span><\/p>\n<p><strong>Uznesenia OZ boli schv\u00e1len\u00e9.<\/strong><\/p>\n<p><span style=\"text-decoration: underline;\">K bodu 12. Z\u00e1ver<\/span><\/p>\n<p>Starosta ukon\u010dil zasadnutie obecn\u00e9ho zastupite\u013estva.<\/p>\n<p>&nbsp;<\/p>\n<p><em>Zapisovate\u013e: Michal Karkal\u00edk<\/em><\/p>\n<p><em>Overovatelia: Jana Baranov\u00e1 a Bohu\u0161 Martinec<\/em><\/p>\n","protected":false},"excerpt":{"rendered":"UZNESENIA zo zasadnutia obecn\u00e9ho zastupite\u013estva (\u010falej len OZ) obce Horn\u00e1 Mi\u010din\u00e1 konan\u00e9ho d\u0148a [&hellip;]","protected":false},"author":1,"featured_media":390,"comment_status":"closed","ping_status":"open","sticky":false,"template":"","format":"aside","meta":{"advanced_seo_description":"","jetpack_seo_html_title":"","jetpack_seo_noindex":false,"_jetpack_memberships_contains_paid_content":false,"footnotes":""},"categories":[391],"tags":[],"class_list":["post-1992","post","type-post","status-publish","format-aside","has-post-thumbnail","hentry","category-uznesenia","post_format-post-format-aside"],"jetpack_featured_media_url":"https:\/\/i0.wp.com\/www.hornamicina.eu\/web\/wp-content\/uploads\/2017\/07\/uznesenia.jpg?fit=530%2C530&ssl=1","jetpack_sharing_enabled":true,"jetpack_shortlink":"https:\/\/wp.me\/p8RsFw-w8","jetpack-related-posts":[{"id":1545,"url":"https:\/\/www.hornamicina.eu\/web\/uznesenie-z-2019-07-22\/","url_meta":{"origin":1992,"position":0},"title":"Uznesenie z 22.7.2019","author":"admin","date":"2. augusta 2019","format":"aside","excerpt":"UZNESENIA zo zasadnutia obecn\u00e9ho zastupite\u013estva (\u010falej len OZ) obce Horn\u00e1 Mi\u010din\u00e1 konan\u00e9ho d\u0148a 22.07.2019 Uznesenie \u010d. 1 \/ zo d\u0148a 22.07.2019 K\u00a0bodu 2. Program obecn\u00e9ho zastupite\u013estva OZ obce Horn\u00e1 Mi\u010din\u00e1 schva\u013euje -\u00a0\u00a0\u00a0\u00a0\u00a0\u00a0\u00a0\u00a0\u00a0\u00a0Program obecn\u00e9ho zastupite\u013estva Pr\u00edtomn\u00ed poslanci: \u00a0\u00a0\u00a0\u00a0\u00a0\u00a0\u00a0\u00a0\u00a0 Jana Baranov\u00e1, Michal Karkal\u00edk, Richard Kaz\u00edk, Bohu\u0161 Martinec, Jaroslav Pa\u013ea Hlasovali\u00a0\u00a0\u00a0\u00a0\u00a0\u00a0\u00a0\u00a0\u00a0\u00a0\u00a0\u00a0\u00a0 za: (5)\u2026","rel":"","context":"V &quot;Uznesenia&quot;","block_context":{"text":"Uznesenia","link":"https:\/\/www.hornamicina.eu\/web\/category\/uznesenia\/"},"img":{"alt_text":"Logo obce a dokumenty","src":"https:\/\/i0.wp.com\/www.hornamicina.eu\/web\/wp-content\/uploads\/2017\/07\/uznesenia.jpg?fit=530%2C530&ssl=1&resize=350%2C200","width":350,"height":200,"srcset":"https:\/\/i0.wp.com\/www.hornamicina.eu\/web\/wp-content\/uploads\/2017\/07\/uznesenia.jpg?fit=530%2C530&ssl=1&resize=350%2C200 1x, https:\/\/i0.wp.com\/www.hornamicina.eu\/web\/wp-content\/uploads\/2017\/07\/uznesenia.jpg?fit=530%2C530&ssl=1&resize=525%2C300 1.5x"},"classes":[]},{"id":1620,"url":"https:\/\/www.hornamicina.eu\/web\/uznesenia-z-2019-10-21\/","url_meta":{"origin":1992,"position":1},"title":"Uznesenia z 21.10.2019","author":"admin","date":"28. okt\u00f3bra 2019","format":"aside","excerpt":"UZNESENIA zo zasadnutia obecn\u00e9ho zastupite\u013estva (\u010falej len OZ) obce Horn\u00e1 Mi\u010din\u00e1 konan\u00e9ho d\u0148a 21.10.2019 Uznesenie \u010d. 1 \/ zo d\u0148a 21.10.2019 K\u00a0bodu 2. Program obecn\u00e9ho zastupite\u013estva OZ obce Horn\u00e1 Mi\u010din\u00e1 schva\u013euje -\u00a0\u00a0\u00a0\u00a0\u00a0\u00a0\u00a0\u00a0\u00a0\u00a0Program obecn\u00e9ho zastupite\u013estva Pr\u00edtomn\u00ed poslanci: \u00a0\u00a0\u00a0\u00a0\u00a0\u00a0\u00a0\u00a0\u00a0 Jana Baranov\u00e1, Michal Karkal\u00edk, Richard Kaz\u00edk, Bohu\u0161 Martinec, Jaroslav Pa\u013ea Hlasovali\u00a0\u00a0\u00a0\u00a0\u00a0\u00a0\u00a0\u00a0\u00a0\u00a0\u00a0\u00a0\u00a0 za: (5)\u2026","rel":"","context":"V &quot;Uznesenia&quot;","block_context":{"text":"Uznesenia","link":"https:\/\/www.hornamicina.eu\/web\/category\/uznesenia\/"},"img":{"alt_text":"Logo obce a dokumenty","src":"https:\/\/i0.wp.com\/www.hornamicina.eu\/web\/wp-content\/uploads\/2017\/07\/uznesenia.jpg?fit=530%2C530&ssl=1&resize=350%2C200","width":350,"height":200,"srcset":"https:\/\/i0.wp.com\/www.hornamicina.eu\/web\/wp-content\/uploads\/2017\/07\/uznesenia.jpg?fit=530%2C530&ssl=1&resize=350%2C200 1x, https:\/\/i0.wp.com\/www.hornamicina.eu\/web\/wp-content\/uploads\/2017\/07\/uznesenia.jpg?fit=530%2C530&ssl=1&resize=525%2C300 1.5x"},"classes":[]},{"id":1780,"url":"https:\/\/www.hornamicina.eu\/web\/uznesenia-z-2020-02-24\/","url_meta":{"origin":1992,"position":2},"title":"Uznesenia zo d\u0148a 24.2.2020","author":"admin","date":"3. marca 2020","format":"aside","excerpt":"UZNESENIA zo zasadnutia obecn\u00e9ho zastupite\u013estva (\u010falej len OZ) obce Horn\u00e1 Mi\u010din\u00e1 konan\u00e9ho d\u0148a 24.02.2020 Uznesenie \u010d. 1 \/ zo d\u0148a 24.02.2020 K\u00a0bodu 2. Program obecn\u00e9ho zastupite\u013estva OZ obce Horn\u00e1 Mi\u010din\u00e1 schva\u013euje -\u00a0\u00a0\u00a0\u00a0\u00a0\u00a0\u00a0\u00a0\u00a0\u00a0Program obecn\u00e9ho zastupite\u013estva Pr\u00edtomn\u00ed poslanci: \u00a0\u00a0\u00a0\u00a0\u00a0\u00a0\u00a0\u00a0\u00a0 Jana Baranov\u00e1, Michal Karkal\u00edk, Richard Kaz\u00edk, Bohu\u0161 Martinec, Jaroslav Pa\u013ea Hlasovali\u00a0\u00a0\u00a0\u00a0\u00a0\u00a0\u00a0\u00a0\u00a0\u00a0\u00a0\u00a0\u00a0 za: (5)\u2026","rel":"","context":"V &quot;Uznesenia&quot;","block_context":{"text":"Uznesenia","link":"https:\/\/www.hornamicina.eu\/web\/category\/uznesenia\/"},"img":{"alt_text":"Logo obce a dokumenty","src":"https:\/\/i0.wp.com\/www.hornamicina.eu\/web\/wp-content\/uploads\/2017\/07\/uznesenia.jpg?fit=530%2C530&ssl=1&resize=350%2C200","width":350,"height":200,"srcset":"https:\/\/i0.wp.com\/www.hornamicina.eu\/web\/wp-content\/uploads\/2017\/07\/uznesenia.jpg?fit=530%2C530&ssl=1&resize=350%2C200 1x, https:\/\/i0.wp.com\/www.hornamicina.eu\/web\/wp-content\/uploads\/2017\/07\/uznesenia.jpg?fit=530%2C530&ssl=1&resize=525%2C300 1.5x"},"classes":[]},{"id":2064,"url":"https:\/\/www.hornamicina.eu\/web\/uznesenia-z-2020-08-13\/","url_meta":{"origin":1992,"position":3},"title":"Uznesenia zo d\u0148a 13.8.2020","author":"admin","date":"7. septembra 2020","format":"aside","excerpt":"UZNESENIA zo zasadnutia obecn\u00e9ho zastupite\u013estva (\u010falej len OZ) obce Horn\u00e1 Mi\u010din\u00e1 konan\u00e9ho d\u0148a 13.8.2020 Uznesenie \u010d. 1 \/ zo d\u0148a 13.08.2020 K bodu 2. Program obecn\u00e9ho zastupite\u013estva - OZ obce Horn\u00e1 Mi\u010din\u00e1 schva\u013euje: - Program obecn\u00e9ho zastupite\u013estva doplnen\u00fd o bod 11. Pr\u00edtomn\u00ed poslanci: Jana Baranov\u00e1, Michal Karkal\u00edk, Richard Kaz\u00edk, Bohu\u0161\u2026","rel":"","context":"V &quot;Uznesenia&quot;","block_context":{"text":"Uznesenia","link":"https:\/\/www.hornamicina.eu\/web\/category\/uznesenia\/"},"img":{"alt_text":"Logo obce a dokumenty","src":"https:\/\/i0.wp.com\/www.hornamicina.eu\/web\/wp-content\/uploads\/2017\/07\/uznesenia.jpg?fit=530%2C530&ssl=1&resize=350%2C200","width":350,"height":200,"srcset":"https:\/\/i0.wp.com\/www.hornamicina.eu\/web\/wp-content\/uploads\/2017\/07\/uznesenia.jpg?fit=530%2C530&ssl=1&resize=350%2C200 1x, https:\/\/i0.wp.com\/www.hornamicina.eu\/web\/wp-content\/uploads\/2017\/07\/uznesenia.jpg?fit=530%2C530&ssl=1&resize=525%2C300 1.5x"},"classes":[]},{"id":3308,"url":"https:\/\/www.hornamicina.eu\/web\/uznesenia-obecneho-zastupitelstva-zo-dna-28-9-22\/","url_meta":{"origin":1992,"position":4},"title":"Uznesenia obecn\u00e9ho zastupite\u013estva zo d\u0148a 28.9.2022","author":"admin","date":"6. okt\u00f3bra 2022","format":false,"excerpt":"UZNESENIA zo zasadnutia obecn\u00e9ho zastupite\u013estva (\u010falej len OZ) obce Horn\u00e1 Mi\u010din\u00e1 konan\u00e9ho d\u0148a 29.9.2022 v budove obecn\u00e9ho \u00faradu Horn\u00e1 Mi\u010din\u00e1 o 19:00 hod. PR\u00cdTOMN\u00cd: Starosta obce: Ivan Len\u00e1r Poslanci OZ: Michal Karkal\u00edk, Richard Kaz\u00edk,\u00a0 Bohu\u0161 Martinec NEPR\u00cdTOMN\u00cd: Poslanci OZ: Jana Baranov\u00e1, Jaroslav Pa\u013ea Uznesenie \u010d. 1 \/ zo d\u0148a 28.09.2022\u2026","rel":"","context":"V &quot;Uznesenia&quot;","block_context":{"text":"Uznesenia","link":"https:\/\/www.hornamicina.eu\/web\/category\/uznesenia\/"},"img":{"alt_text":"Logo obce a dokumenty","src":"https:\/\/i0.wp.com\/www.hornamicina.eu\/web\/wp-content\/uploads\/2017\/07\/uznesenia.jpg?fit=530%2C530&ssl=1&resize=350%2C200","width":350,"height":200,"srcset":"https:\/\/i0.wp.com\/www.hornamicina.eu\/web\/wp-content\/uploads\/2017\/07\/uznesenia.jpg?fit=530%2C530&ssl=1&resize=350%2C200 1x, https:\/\/i0.wp.com\/www.hornamicina.eu\/web\/wp-content\/uploads\/2017\/07\/uznesenia.jpg?fit=530%2C530&ssl=1&resize=525%2C300 1.5x"},"classes":[]},{"id":2562,"url":"https:\/\/www.hornamicina.eu\/web\/uznesenia-z-2021-06-28\/","url_meta":{"origin":1992,"position":5},"title":"Uznesenia zo d\u0148a 28.6.2021 + z\u00e1pisnica","author":"admin","date":"6. j\u00fala 2021","format":"aside","excerpt":"Obecn\u00fd \u00farad Horn\u00e1 Mi\u010din\u00e1 Obecn\u00e9 zastupite\u013estvo UZNESENIA zo zasadnutia obecn\u00e9ho zastupite\u013estva (\u010falej len OZ) obce Horn\u00e1 Mi\u010din\u00e1 konan\u00e9ho d\u0148a 28.06.2021 \u00a0 PR\u00cdTOMN\u00cd POSLANCI: Michal Karkal\u00edk, Richard Kaz\u00edk, Bohu\u0161 Martinec NEPR\u00cdTOMN\u00cd POSLANCI: Jana Baranov\u00e1, Jaroslav Pa\u013ea Uznesenie \u010d. 1 \/ zo d\u0148a 28.06.2021 K bodu 2. Program obecn\u00e9ho zastupite\u013estva OZ obce\u2026","rel":"","context":"V &quot;Uznesenia&quot;","block_context":{"text":"Uznesenia","link":"https:\/\/www.hornamicina.eu\/web\/category\/uznesenia\/"},"img":{"alt_text":"Logo obce a dokumenty","src":"https:\/\/i0.wp.com\/www.hornamicina.eu\/web\/wp-content\/uploads\/2017\/07\/uznesenia.jpg?fit=530%2C530&ssl=1&resize=350%2C200","width":350,"height":200,"srcset":"https:\/\/i0.wp.com\/www.hornamicina.eu\/web\/wp-content\/uploads\/2017\/07\/uznesenia.jpg?fit=530%2C530&ssl=1&resize=350%2C200 1x, https:\/\/i0.wp.com\/www.hornamicina.eu\/web\/wp-content\/uploads\/2017\/07\/uznesenia.jpg?fit=530%2C530&ssl=1&resize=525%2C300 1.5x"},"classes":[]}],"jetpack_likes_enabled":true,"_links":{"self":[{"href":"https:\/\/www.hornamicina.eu\/web\/wp-json\/wp\/v2\/posts\/1992","targetHints":{"allow":["GET"]}}],"collection":[{"href":"https:\/\/www.hornamicina.eu\/web\/wp-json\/wp\/v2\/posts"}],"about":[{"href":"https:\/\/www.hornamicina.eu\/web\/wp-json\/wp\/v2\/types\/post"}],"author":[{"embeddable":true,"href":"https:\/\/www.hornamicina.eu\/web\/wp-json\/wp\/v2\/users\/1"}],"replies":[{"embeddable":true,"href":"https:\/\/www.hornamicina.eu\/web\/wp-json\/wp\/v2\/comments?post=1992"}],"version-history":[{"count":0,"href":"https:\/\/www.hornamicina.eu\/web\/wp-json\/wp\/v2\/posts\/1992\/revisions"}],"wp:featuredmedia":[{"embeddable":true,"href":"https:\/\/www.hornamicina.eu\/web\/wp-json\/wp\/v2\/media\/390"}],"wp:attachment":[{"href":"https:\/\/www.hornamicina.eu\/web\/wp-json\/wp\/v2\/media?parent=1992"}],"wp:term":[{"taxonomy":"category","embeddable":true,"href":"https:\/\/www.hornamicina.eu\/web\/wp-json\/wp\/v2\/categories?post=1992"},{"taxonomy":"post_tag","embeddable":true,"href":"https:\/\/www.hornamicina.eu\/web\/wp-json\/wp\/v2\/tags?post=1992"}],"curies":[{"name":"wp","href":"https:\/\/api.w.org\/{rel}","templated":true}]}}