{"id":1884,"date":"2020-03-26T13:49:39","date_gmt":"2020-03-26T12:49:39","guid":{"rendered":"https:\/\/www.hornamicina.eu\/web\/?p=1884"},"modified":"2020-06-26T21:10:04","modified_gmt":"2020-06-26T19:10:04","slug":"nakupy-pre-seniorov-banskobystricky-samospravny-kraj","status":"publish","type":"post","link":"https:\/\/www.hornamicina.eu\/web\/nakupy-pre-seniorov-banskobystricky-samospravny-kraj\/","title":{"rendered":"N\u00e1kupy pre seniorov &#8211; Banskobystrick\u00fd samospr\u00e1vny kraj"},"content":{"rendered":"<p><a href=\"https:\/\/i0.wp.com\/www.hornamicina.eu\/web\/wp-content\/uploads\/2020\/03\/bbsk.png?ssl=1\"><img data-recalc-dims=\"1\" loading=\"lazy\" decoding=\"async\" data-attachment-id=\"1886\" data-permalink=\"https:\/\/www.hornamicina.eu\/web\/nakupy-pre-seniorov-banskobystricky-samospravny-kraj\/bbsk\/\" data-orig-file=\"https:\/\/i0.wp.com\/www.hornamicina.eu\/web\/wp-content\/uploads\/2020\/03\/bbsk.png?fit=500%2C200&amp;ssl=1\" data-orig-size=\"500,200\" data-comments-opened=\"0\" data-image-meta=\"{&quot;aperture&quot;:&quot;0&quot;,&quot;credit&quot;:&quot;&quot;,&quot;camera&quot;:&quot;&quot;,&quot;caption&quot;:&quot;&quot;,&quot;created_timestamp&quot;:&quot;0&quot;,&quot;copyright&quot;:&quot;&quot;,&quot;focal_length&quot;:&quot;0&quot;,&quot;iso&quot;:&quot;0&quot;,&quot;shutter_speed&quot;:&quot;0&quot;,&quot;title&quot;:&quot;&quot;,&quot;orientation&quot;:&quot;0&quot;}\" data-image-title=\"bbsk\" data-image-description=\"&lt;p&gt;Banskobystrick\u00fd samospr\u00e1vny kraj&lt;\/p&gt;\n\" data-image-caption=\"\" data-large-file=\"https:\/\/i0.wp.com\/www.hornamicina.eu\/web\/wp-content\/uploads\/2020\/03\/bbsk.png?fit=500%2C200&amp;ssl=1\" class=\"alignleft wp-image-1886 size-medium\" src=\"https:\/\/i0.wp.com\/www.hornamicina.eu\/web\/wp-content\/uploads\/2020\/03\/bbsk.png?resize=300%2C120&#038;ssl=1\" alt=\"\" width=\"300\" height=\"120\" srcset=\"https:\/\/i0.wp.com\/www.hornamicina.eu\/web\/wp-content\/uploads\/2020\/03\/bbsk.png?resize=300%2C120&amp;ssl=1 300w, https:\/\/i0.wp.com\/www.hornamicina.eu\/web\/wp-content\/uploads\/2020\/03\/bbsk.png?w=500&amp;ssl=1 500w\" sizes=\"auto, (max-width: 300px) 100vw, 300px\" \/><\/a>N\u00e1kup potrav\u00edn seniorom a\u00a0osamel\u00fdm <strong>privezie Banskobystrick\u00fd samospr\u00e1vny kraj a\u017e domov<\/strong>.<\/p>\n<p><span style=\"font-size: 14pt;\"><strong>Volajte zadarmo na 0800 221\u00a0235, pondelok a\u017e piatok od 8:00 do 15:00<\/strong><\/span>, nadiktujte svoj n\u00e1kupn\u00fd zoznam a zaplat\u00edte pri doru\u010den\u00ed.<\/p>\n<p>Seniori a\u00a0rizikov\u00e9 skupiny \u013eud\u00ed, zosta\u0148te doma a\u00a0nedajte \u0161ancu koronav\u00edrusu. Zavolajte a\u00a0potraviny V\u00e1m \u017eupa privezie a\u017e domov.<\/p>\n<p><a href=\"https:\/\/i0.wp.com\/www.hornamicina.eu\/web\/wp-content\/uploads\/2020\/03\/starame_sa_o_starkych.png?ssl=1\"><img data-recalc-dims=\"1\" loading=\"lazy\" decoding=\"async\" data-attachment-id=\"1885\" data-permalink=\"https:\/\/www.hornamicina.eu\/web\/nakupy-pre-seniorov-banskobystricky-samospravny-kraj\/starame_sa_o_starkych\/\" data-orig-file=\"https:\/\/i0.wp.com\/www.hornamicina.eu\/web\/wp-content\/uploads\/2020\/03\/starame_sa_o_starkych.png?fit=1800%2C1800&amp;ssl=1\" data-orig-size=\"1800,1800\" data-comments-opened=\"0\" data-image-meta=\"{&quot;aperture&quot;:&quot;0&quot;,&quot;credit&quot;:&quot;&quot;,&quot;camera&quot;:&quot;&quot;,&quot;caption&quot;:&quot;&quot;,&quot;created_timestamp&quot;:&quot;0&quot;,&quot;copyright&quot;:&quot;&quot;,&quot;focal_length&quot;:&quot;0&quot;,&quot;iso&quot;:&quot;0&quot;,&quot;shutter_speed&quot;:&quot;0&quot;,&quot;title&quot;:&quot;&quot;,&quot;orientation&quot;:&quot;0&quot;}\" data-image-title=\"starame_sa_o_starkych\" data-image-description=\"\" data-image-caption=\"\" data-large-file=\"https:\/\/i0.wp.com\/www.hornamicina.eu\/web\/wp-content\/uploads\/2020\/03\/starame_sa_o_starkych.png?fit=770%2C770&amp;ssl=1\" class=\"wp-image-1885 size-large aligncenter\" src=\"https:\/\/i0.wp.com\/www.hornamicina.eu\/web\/wp-content\/uploads\/2020\/03\/starame_sa_o_starkych.png?resize=770%2C770&#038;ssl=1\" alt=\"\" width=\"770\" height=\"770\" srcset=\"https:\/\/i0.wp.com\/www.hornamicina.eu\/web\/wp-content\/uploads\/2020\/03\/starame_sa_o_starkych.png?resize=1024%2C1024&amp;ssl=1 1024w, https:\/\/i0.wp.com\/www.hornamicina.eu\/web\/wp-content\/uploads\/2020\/03\/starame_sa_o_starkych.png?resize=150%2C150&amp;ssl=1 150w, https:\/\/i0.wp.com\/www.hornamicina.eu\/web\/wp-content\/uploads\/2020\/03\/starame_sa_o_starkych.png?resize=300%2C300&amp;ssl=1 300w, https:\/\/i0.wp.com\/www.hornamicina.eu\/web\/wp-content\/uploads\/2020\/03\/starame_sa_o_starkych.png?resize=768%2C768&amp;ssl=1 768w, https:\/\/i0.wp.com\/www.hornamicina.eu\/web\/wp-content\/uploads\/2020\/03\/starame_sa_o_starkych.png?resize=170%2C170&amp;ssl=1 170w, https:\/\/i0.wp.com\/www.hornamicina.eu\/web\/wp-content\/uploads\/2020\/03\/starame_sa_o_starkych.png?resize=720%2C720&amp;ssl=1 720w, https:\/\/i0.wp.com\/www.hornamicina.eu\/web\/wp-content\/uploads\/2020\/03\/starame_sa_o_starkych.png?resize=1320%2C1320&amp;ssl=1 1320w, https:\/\/i0.wp.com\/www.hornamicina.eu\/web\/wp-content\/uploads\/2020\/03\/starame_sa_o_starkych.png?w=1800&amp;ssl=1 1800w, https:\/\/i0.wp.com\/www.hornamicina.eu\/web\/wp-content\/uploads\/2020\/03\/starame_sa_o_starkych.png?w=1540&amp;ssl=1 1540w\" sizes=\"auto, (max-width: 770px) 100vw, 770px\" \/><\/a>Ak chcete by\u0165 dobrovo\u013en\u00edkom, ktor\u00ed by boli ochotn\u00fd zapoji\u0165 sa do rozn\u00e1\u0161ania potrav\u00edn, pros\u00edm, vypl\u0148te <a href=\"https:\/\/docs.google.com\/forms\/d\/e\/1FAIpQLScOgOpOEPpC0BwHKvzU06rJ6L1yhRFJmxpOvL4Gp-Rc_3ouiQ\/viewform\" target=\"_blank\" rel=\"noopener\">tento formul\u00e1r<\/a>.<\/p>\n<p>&nbsp;<\/p>\n<p>&nbsp;<\/p>\n","protected":false},"excerpt":{"rendered":"N\u00e1kup potrav\u00edn seniorom a\u00a0osamel\u00fdm privezie Banskobystrick\u00fd samospr\u00e1vny kraj a\u017e domov. Volajte zadarmo na [&hellip;]","protected":false},"author":1,"featured_media":1888,"comment_status":"closed","ping_status":"open","sticky":false,"template":"","format":"standard","meta":{"advanced_seo_description":"","jetpack_seo_html_title":"","jetpack_seo_noindex":false,"_jetpack_memberships_contains_paid_content":false,"footnotes":""},"categories":[206,5,7,8],"tags":[],"class_list":["post-1884","post","type-post","status-publish","format-standard","has-post-thumbnail","hentry","category-denne-centrum-obce","category-dolezite","category-kultura","category-oznamy"],"jetpack_featured_media_url":"https:\/\/i0.wp.com\/www.hornamicina.eu\/web\/wp-content\/uploads\/2020\/03\/starame_sa_o_starkych-1-e1585227215867.png?fit=1170%2C540&ssl=1","jetpack_sharing_enabled":true,"jetpack_shortlink":"https:\/\/wp.me\/p8RsFw-uo","jetpack-related-posts":[{"id":1110,"url":"https:\/\/www.hornamicina.eu\/web\/2018-regionalna-uzemna-strategia-bbk\/","url_meta":{"origin":1884,"position":0},"title":"Region\u00e1lna \u00fazemn\u00e1 strat\u00e9gia BBK","author":"admin","date":"30. novembra 2018","format":false,"excerpt":"Obstar\u00e1vate\u013e dokumentu, Banskobystrick\u00fd samospr\u00e1vny kraj, Odbor region\u00e1lneho rozvoja, dopravy a invest\u00edci\u00ed, N\u00e1m. SNP 23, 97401 Bansk\u00e1 Bystrica ktor\u00fd predlo\u017eil Okresn\u00e9mu \u00faradu Bansk\u00e1 Bystrica, odbor starostlivosti o \u017eivotn\u00e9 prostredie, Oddelenie ochrany pr\u00edrody a vybran\u00fdch zlo\u017eiek \u017eivotn\u00e9ho prostredia kraja, n\u00e1s \u017eiada o zverejnenie tohto ozn\u00e1menia: Ozn\u00e1menie o strategickom dokumente Ozn\u00e1menie je zverejnen\u00e9\u2026","rel":"","context":"V &quot;D\u00f4le\u017eit\u00e9&quot;","block_context":{"text":"D\u00f4le\u017eit\u00e9","link":"https:\/\/www.hornamicina.eu\/web\/category\/dolezite\/"},"img":{"alt_text":"Logo obce a dokumenty","src":"https:\/\/i0.wp.com\/www.hornamicina.eu\/web\/wp-content\/uploads\/2017\/07\/uznesenia.jpg?fit=530%2C530&ssl=1&resize=350%2C200","width":350,"height":200,"srcset":"https:\/\/i0.wp.com\/www.hornamicina.eu\/web\/wp-content\/uploads\/2017\/07\/uznesenia.jpg?fit=530%2C530&ssl=1&resize=350%2C200 1x, https:\/\/i0.wp.com\/www.hornamicina.eu\/web\/wp-content\/uploads\/2017\/07\/uznesenia.jpg?fit=530%2C530&ssl=1&resize=525%2C300 1.5x"},"classes":[]},{"id":4006,"url":"https:\/\/www.hornamicina.eu\/web\/komunitny-plan-socialnych-sluzieb-2023-2030\/","url_meta":{"origin":1884,"position":1},"title":"Komunitn\u00fd pl\u00e1n soci\u00e1lnych slu\u017eieb 2023-2030","author":"admin","date":"29. novembra 2023","format":false,"excerpt":"N\u00e1vrh\u00a0 \u00a0Ur\u010denie cie\u013eov a prior\u00edt rozvoja soci\u00e1lnych slu\u017eieb Na dosiahnutie tohto cie\u013ea vyu\u017e\u00edva\u0165 koordinovan\u00fd postup v\u0161etk\u00fdch poskytovate\u013eov soci\u00e1lnych slu\u017eieb v\u00a0obci, s\u00a0efekt\u00edvnym vyu\u017eit\u00edm ich s\u00fa\u010dasn\u00fdch person\u00e1lnych a\u00a0finan\u010dn\u00fdch kapac\u00edt a\u00a0so zameran\u00edm sa na z\u00edskanie v\u0161etk\u00fdch dostupn\u00fdch finan\u010dn\u00fdch zdrojov, vr\u00e1tene prehodnotenia prior\u00edt obecn\u00e9ho rozpo\u010dtu smerom k\u00a0nav\u00fd\u0161eniu v\u00a0oblasti soci\u00e1lnych slu\u017eieb, aby boli v\u00a0s\u00falade z\u00e1ujmom\u2026","rel":"","context":"V &quot;D\u00f4le\u017eit\u00e9&quot;","block_context":{"text":"D\u00f4le\u017eit\u00e9","link":"https:\/\/www.hornamicina.eu\/web\/category\/dolezite\/"},"img":{"alt_text":"Logo obce a dokumenty","src":"https:\/\/i0.wp.com\/www.hornamicina.eu\/web\/wp-content\/uploads\/2017\/07\/uznesenia.jpg?fit=530%2C530&ssl=1&resize=350%2C200","width":350,"height":200,"srcset":"https:\/\/i0.wp.com\/www.hornamicina.eu\/web\/wp-content\/uploads\/2017\/07\/uznesenia.jpg?fit=530%2C530&ssl=1&resize=350%2C200 1x, https:\/\/i0.wp.com\/www.hornamicina.eu\/web\/wp-content\/uploads\/2017\/07\/uznesenia.jpg?fit=530%2C530&ssl=1&resize=525%2C300 1.5x"},"classes":[]},{"id":969,"url":"https:\/\/www.hornamicina.eu\/web\/vyzva-krpzbb-2018\/","url_meta":{"origin":1884,"position":2},"title":"V\u00fdzva pre vodi\u010dov &#8211; KR policajn\u00e9ho  zboru BB","author":"admin","date":"18. augusta 2018","format":false,"excerpt":"Krajsk\u00e9 riadite\u013estvo Policajn\u00e9ho zboru v\u00a0Banskej Bystrici 863 dopravn\u00fdch neh\u00f4d 13 usmrten\u00fdch os\u00f4b 94 os\u00f4b \u0165a\u017eko zranen\u00fdch a 381 os\u00f4b \u013eahko zranen\u00fdch Uveden\u00e9 \u00fadaje s\u00fa za obdobie od 1. janu\u00e1ra do 12. augusta 2018 len za Banskobystrick\u00fd kraj. Alarmuj\u00face \u010d\u00edsla, za ktor\u00fdmi sa ukr\u00fdvaj\u00fa skuto\u010dn\u00e9 \u013eudsk\u00e9 trag\u00e9die, ale aj nezodpovedn\u00e9 a\u2026","rel":"","context":"V &quot;D\u00f4le\u017eit\u00e9&quot;","block_context":{"text":"D\u00f4le\u017eit\u00e9","link":"https:\/\/www.hornamicina.eu\/web\/category\/dolezite\/"},"img":{"alt_text":"","src":"https:\/\/i0.wp.com\/www.hornamicina.eu\/web\/wp-content\/uploads\/2018\/08\/PZSRBBHM.jpg?fit=530%2C520&ssl=1&resize=350%2C200","width":350,"height":200,"srcset":"https:\/\/i0.wp.com\/www.hornamicina.eu\/web\/wp-content\/uploads\/2018\/08\/PZSRBBHM.jpg?fit=530%2C520&ssl=1&resize=350%2C200 1x, https:\/\/i0.wp.com\/www.hornamicina.eu\/web\/wp-content\/uploads\/2018\/08\/PZSRBBHM.jpg?fit=530%2C520&ssl=1&resize=525%2C300 1.5x"},"classes":[]},{"id":3768,"url":"https:\/\/www.hornamicina.eu\/web\/tulave-kino-horna-micina-smolu-nosis-ty-laska\/","url_meta":{"origin":1884,"position":3},"title":"T\u00falav\u00e9 kino Horn\u00e1 Mi\u010din\u00e1 &#8211; &#8222;Smolu nos\u00ed\u0161 ty, l\u00e1ska&#8220;","author":"admin","date":"22. j\u00fana 2023","format":false,"excerpt":"Do Hornej Mi\u010dinej prich\u00e1dza T\u00falav\u00e9 kino. Srdce kina tvor\u00ed kinokab\u00edna, ktor\u00e1 je upraven\u00e1 ve\u013emi \u0161t\u00fdlovo a\u017e z\u00e1bavne a p\u00f4sob\u00ed l\u00e1kavo a \u00fatulne. Tak\u00e1 podobn\u00e1 ako v kamennom kine, ale t\u00e1to je na koles\u00e1ch, je to defacto pr\u00edves. Premietanie sa realizujem na nafukovacom pl\u00e1tne o \u0161\u00edrke 5 a\u017e 8 metrov. Ozvu\u010denie\u2026","rel":"","context":"V &quot;Kult\u00fara&quot;","block_context":{"text":"Kult\u00fara","link":"https:\/\/www.hornamicina.eu\/web\/category\/kultura\/"},"img":{"alt_text":"","src":"https:\/\/i0.wp.com\/www.hornamicina.eu\/web\/wp-content\/uploads\/2023\/06\/TulaveKino.jpg?fit=768%2C354&ssl=1&resize=350%2C200","width":350,"height":200,"srcset":"https:\/\/i0.wp.com\/www.hornamicina.eu\/web\/wp-content\/uploads\/2023\/06\/TulaveKino.jpg?fit=768%2C354&ssl=1&resize=350%2C200 1x, https:\/\/i0.wp.com\/www.hornamicina.eu\/web\/wp-content\/uploads\/2023\/06\/TulaveKino.jpg?fit=768%2C354&ssl=1&resize=525%2C300 1.5x, https:\/\/i0.wp.com\/www.hornamicina.eu\/web\/wp-content\/uploads\/2023\/06\/TulaveKino.jpg?fit=768%2C354&ssl=1&resize=700%2C400 2x"},"classes":[]},{"id":1853,"url":"https:\/\/www.hornamicina.eu\/web\/obmedzenie-prevadzky-obecneho-uradu-horna-micina\/","url_meta":{"origin":1884,"position":4},"title":"OBMEDZENIE PREV\u00c1DZKY OBECN\u00c9HO \u00daRADU HORN\u00c1 MI\u010cIN\u00c1","author":"admin","date":"16. marca 2020","format":false,"excerpt":"V\u00a0s\u00favislosti s\u00a0v\u00edrusom COVID-19 \/koronav\u00edrus\/ s\u00a0\u00fa\u010dinnos\u0165ou od 16.3.2020 od 8.00 hod. a\u017e do odvolania bude ma\u0165 obecn\u00fd \u00farad obmedzen\u00e9 \u00faradn\u00e9 hodiny od 8.00 hod do 11.00 hod. denne a\u00a0bude fungova\u0165 ako re\u017eimov\u00e9 pracovisko. Vchodov\u00e9 dvere bud\u00fa uzamknut\u00e9, pre vybavenie nevyhnutn\u00fdch vec\u00ed pros\u00edme vyu\u017e\u00edva\u0165 telefonick\u00e9 spojenie, mailov\u00e9 spojenie a\u00a0podanie po\u0161tou. Len pre\u2026","rel":"","context":"V &quot;D\u00f4le\u017eit\u00e9&quot;","block_context":{"text":"D\u00f4le\u017eit\u00e9","link":"https:\/\/www.hornamicina.eu\/web\/category\/dolezite\/"},"img":{"alt_text":"","src":"https:\/\/i0.wp.com\/www.hornamicina.eu\/web\/wp-content\/uploads\/2020\/03\/vykricnik.png?fit=500%2C500&ssl=1&resize=350%2C200","width":350,"height":200},"classes":[]},{"id":5747,"url":"https:\/\/www.hornamicina.eu\/web\/oznam-rekonstrukcia-mostu-za-obcou-molca\/","url_meta":{"origin":1884,"position":5},"title":"OZNAM &#8211; rekon\u0161trukcia mostu za obcou M\u00f4l\u010da","author":"admin","date":"20. apr\u00edla 2026","format":false,"excerpt":"Oznamujeme ob\u010danom obce, \u017ee z d\u00f4vodu rekon\u0161trukcie mostn\u00e9ho objektu za obcou M\u00f4l\u010da, bude cesta III.triedy 2421 v smere do \u0160alkovej \u00faplne uzavret\u00e1 od pondelka 20.4.2026 a\u017e do 30.9.2026. Uz\u00e1vierka a obch\u00e1dzkov\u00e1 trasa bude ozna\u010den\u00e1 do\u010dasn\u00fdmi dopravn\u00fdmi zna\u010dkami. Z tohto d\u00f4vodu bude cez na\u0161u obec v tomto obdob\u00ed zv\u00fd\u0161en\u00e1 automobilov\u00e1 doprava.\u2026","rel":"","context":"V &quot;D\u00f4le\u017eit\u00e9&quot;","block_context":{"text":"D\u00f4le\u017eit\u00e9","link":"https:\/\/www.hornamicina.eu\/web\/category\/dolezite\/"},"img":{"alt_text":"Logo obce a dokumenty","src":"https:\/\/i0.wp.com\/www.hornamicina.eu\/web\/wp-content\/uploads\/2017\/07\/uznesenia.jpg?fit=530%2C530&ssl=1&resize=350%2C200","width":350,"height":200,"srcset":"https:\/\/i0.wp.com\/www.hornamicina.eu\/web\/wp-content\/uploads\/2017\/07\/uznesenia.jpg?fit=530%2C530&ssl=1&resize=350%2C200 1x, https:\/\/i0.wp.com\/www.hornamicina.eu\/web\/wp-content\/uploads\/2017\/07\/uznesenia.jpg?fit=530%2C530&ssl=1&resize=525%2C300 1.5x"},"classes":[]}],"jetpack_likes_enabled":true,"_links":{"self":[{"href":"https:\/\/www.hornamicina.eu\/web\/wp-json\/wp\/v2\/posts\/1884","targetHints":{"allow":["GET"]}}],"collection":[{"href":"https:\/\/www.hornamicina.eu\/web\/wp-json\/wp\/v2\/posts"}],"about":[{"href":"https:\/\/www.hornamicina.eu\/web\/wp-json\/wp\/v2\/types\/post"}],"author":[{"embeddable":true,"href":"https:\/\/www.hornamicina.eu\/web\/wp-json\/wp\/v2\/users\/1"}],"replies":[{"embeddable":true,"href":"https:\/\/www.hornamicina.eu\/web\/wp-json\/wp\/v2\/comments?post=1884"}],"version-history":[{"count":0,"href":"https:\/\/www.hornamicina.eu\/web\/wp-json\/wp\/v2\/posts\/1884\/revisions"}],"wp:featuredmedia":[{"embeddable":true,"href":"https:\/\/www.hornamicina.eu\/web\/wp-json\/wp\/v2\/media\/1888"}],"wp:attachment":[{"href":"https:\/\/www.hornamicina.eu\/web\/wp-json\/wp\/v2\/media?parent=1884"}],"wp:term":[{"taxonomy":"category","embeddable":true,"href":"https:\/\/www.hornamicina.eu\/web\/wp-json\/wp\/v2\/categories?post=1884"},{"taxonomy":"post_tag","embeddable":true,"href":"https:\/\/www.hornamicina.eu\/web\/wp-json\/wp\/v2\/tags?post=1884"}],"curies":[{"name":"wp","href":"https:\/\/api.w.org\/{rel}","templated":true}]}}