{"id":1853,"date":"2020-03-16T22:23:02","date_gmt":"2020-03-16T21:23:02","guid":{"rendered":"https:\/\/www.hornamicina.eu\/web\/?p=1853"},"modified":"2020-03-16T22:23:02","modified_gmt":"2020-03-16T21:23:02","slug":"obmedzenie-prevadzky-obecneho-uradu-horna-micina","status":"publish","type":"post","link":"https:\/\/www.hornamicina.eu\/web\/obmedzenie-prevadzky-obecneho-uradu-horna-micina\/","title":{"rendered":"OBMEDZENIE PREV\u00c1DZKY OBECN\u00c9HO \u00daRADU HORN\u00c1 MI\u010cIN\u00c1"},"content":{"rendered":"<p>V\u00a0s\u00favislosti s\u00a0v\u00edrusom COVID-19 \/<strong>koronav\u00edrus<\/strong>\/ s\u00a0\u00fa\u010dinnos\u0165ou<strong> od 16.3.2020 od 8.00 hod.<\/strong> a\u017e do odvolania bude ma\u0165 obecn\u00fd \u00farad obmedzen\u00e9 \u00faradn\u00e9 hodiny<strong> od 8.00 hod do 11.00 hod. denne<\/strong> a\u00a0bude fungova\u0165 ako re\u017eimov\u00e9 pracovisko.<\/p>\n<p>Vchodov\u00e9 dvere bud\u00fa uzamknut\u00e9, pre vybavenie nevyhnutn\u00fdch vec\u00ed pros\u00edme vyu\u017e\u00edva\u0165 telefonick\u00e9 spojenie, mailov\u00e9 spojenie a\u00a0podanie po\u0161tou.<\/p>\n<p>Len pre vybavenie nevyhnutn\u00fdch a\u00a0neodkladn\u00fdch vec\u00ed vy\u017eaduj\u00facich si osobn\u00fd styk, treba zaklopa\u0165 na dvere po\u010das \u00faradn\u00fdch hod\u00edn a\u00a0pr\u00eddeme V\u00e1m otvori\u0165. Vstup do priestorov obecn\u00e9ho \u00faradu len po jednom, ob\u010dan mus\u00ed ma\u0165 na tv\u00e1ri ochrann\u00e9 r\u00fa\u0161ko alebo sa chr\u00e1ni\u0165 in\u00fdm sp\u00f4sobom \/\u0161atka, \u0161\u00e1l a\u00a0pod.\/.<\/p>\n<p>Uveden\u00e9 opatrenia platia a\u017e do odvolania.<\/p>\n<p>&nbsp;<\/p>\n<p><b>\u010c\u00edsla telef\u00f3nov:<\/b><\/p>\n<p><b>Obecn\u00fd \u00farad\u00a0 \u00a0 \u00a0 \u00a0 \u00a0 \u00a0 \u00a0048\/4180923<\/b><\/p>\n<p><b>Praovn\u00ed\u010dka O\u00da\u00a0 \u00a0 \u00a0 \u00a0 \u00a0 0907087152<\/b><\/p>\n<p><b>Starosta O\u00da\u00a0\u00a0\u00a0\u00a0\u00a0\u00a0\u00a0\u00a0\u00a0\u00a0\u00a0\u00a0\u00a0\u00a0 0907087151<\/b><\/p>\n<p><b>Email\u00a0 \u00a0 \u00a0 \u00a0 \u00a0 \u00a0 \u00a0 \u00a0 \u00a0 \u00a0 \u00a0 \u00a0\u00a0<wbr \/>\u00a0\u00a0<a href=\"mailto:hornamicina@gmail.com\" target=\"_blank\" rel=\"noopener\">hornamicina@gmail.com<\/a><\/b><\/p>\n<p><b>\u00a0<\/b><\/p>\n<p><b>\u00a0<\/b><\/p>\n<p><b>Z\u00e1rove\u0148 pros\u00edme ob\u010danov obce, ktor\u00ed sa vr\u00e1tili zo zahrani\u010dia, aby v\u00a0z\u00e1ujme svojom a hlavne\u00a0v\u00a0z\u00e1ujme ob\u010danov obce, dodr\u017eiavali <span style=\"font-size: 18pt;\">14 d\u0148ov\u00fa<\/span> povinn\u00fa dom\u00e1cu karant\u00e9nu.<\/b><\/p>\n<p><b>\u00a0<\/b><\/p>\n<p><b>\u010eakujeme za pochopenie<\/b><\/p>\n<p>&nbsp;<\/p>\n<p align=\"center\"><b>\u00a0<\/b><\/p>\n<p align=\"center\"><b>OTV\u00c1RACIE HODINY V\u00a0POTRAVIN\u00c1CH<\/b><\/p>\n<p align=\"center\"><b>A\u017d DO ODVOLANIA<\/b><\/p>\n<p>&nbsp;<\/p>\n<p>PONDELOK \u2013 PIATOK\u00a0\u00a0\u00a0 \u00a0\u00a0\u00a0\u00a0\u00a0\u00a0\u00a0\u00a0\u00a0\u00a0\u00a0\u00a0\u00a0\u00a0\u00a0 7.00 hod. \u2013 13.00 hod.<\/p>\n<p>SOBOTA\u00a0\u00a0\u00a0\u00a0\u00a0\u00a0\u00a0\u00a0\u00a0\u00a0\u00a0\u00a0\u00a0\u00a0\u00a0\u00a0\u00a0\u00a0\u00a0\u00a0\u00a0\u00a0\u00a0\u00a0<wbr \/>\u00a0 \u00a0 \u00a0 \u00a0 \u00a0 \u00a0 \u00a0 \u00a0 \u00a07.00 hod. \u2013 11.00 hod.<\/p>\n<p>NEDE\u013dA\u00a0\u00a0\u00a0\u00a0\u00a0\u00a0\u00a0\u00a0\u00a0\u00a0\u00a0\u00a0\u00a0\u00a0\u00a0\u00a0\u00a0\u00a0\u00a0\u00a0\u00a0\u00a0\u00a0\u00a0<wbr \/>\u00a0\u00a0\u00a0\u00a0\u00a0\u00a0\u00a0\u00a0\u00a0\u00a0\u00a0\u00a0\u00a0\u00a0\u00a0\u00a0\u00a0\u00a0\u00a0\u00a0\u00a0 zatvoren\u00e9<\/p>\n<p>&nbsp;<\/p>\n<p><b>\u00a0<\/b><b>VSTUP DO POTRAV\u00cdN JE POVOLEN\u00dd V\u00a0OCHRANN\u00ddCH R\u00da\u0160KACH ALEBO OCHRANA IN\u00ddM SPOSOBOM \/\u015aATKA, \u0160\u00c1L A\u00a0POD.\/.<\/b><\/p>\n<p><b>\u00a0<\/b><\/p>\n<p><b>POHOSTINSTV\u00c1 V\u00a0OBCI S\u00da A\u017d DO ODVOLANIA ZATVOREN\u00c9.<\/b><\/p>\n<p style=\"text-align: left;\" align=\"center\"><b>Ivan Len\u00e1r, v.r. starosta obce<\/b><\/p>\n<p style=\"text-align: left;\" align=\"center\">\n","protected":false},"excerpt":{"rendered":"V\u00a0s\u00favislosti s\u00a0v\u00edrusom COVID-19 \/koronav\u00edrus\/ s\u00a0\u00fa\u010dinnos\u0165ou od 16.3.2020 od 8.00 hod. a\u017e do odvolania [&hellip;]","protected":false},"author":1,"featured_media":1820,"comment_status":"closed","ping_status":"open","sticky":false,"template":"","format":"standard","meta":{"advanced_seo_description":"","jetpack_seo_html_title":"","jetpack_seo_noindex":false,"_jetpack_memberships_contains_paid_content":false,"footnotes":""},"categories":[5,7,8],"tags":[54,178,179],"class_list":["post-1853","post","type-post","status-publish","format-standard","has-post-thumbnail","hentry","category-dolezite","category-kultura","category-oznamy","tag-54","tag-korona","tag-virus"],"jetpack_featured_media_url":"https:\/\/i0.wp.com\/www.hornamicina.eu\/web\/wp-content\/uploads\/2020\/03\/vykricnik.png?fit=500%2C500&ssl=1","jetpack_sharing_enabled":true,"jetpack_shortlink":"https:\/\/wp.me\/p8RsFw-tT","jetpack-related-posts":[{"id":3936,"url":"https:\/\/www.hornamicina.eu\/web\/oznam-zber-nadrozmerneho-odpadu\/","url_meta":{"origin":1853,"position":0},"title":"OZNAM: Zber nadrozmern\u00e9ho odpadu","author":"admin","date":"6. okt\u00f3bra 2023","format":false,"excerpt":"Obecn\u00fd \u00farad Horn\u00e1 Mi\u010din\u00e1 oznamuje ob\u010danom obce, \u017ee v term\u00edne od 11.10. 2023 \/Streda\/ od 10:00 hod. do 13.10. 2023 \/Piatok\/ do 9:00 hod. prebieha v obci zber nadrozmern\u00e9ho odpadu. Kontajnery bud\u00fa umiestnen\u00e9 na parkovisku pred budovou obecn\u00e9ho \u00faradu. Kontajnery s\u00fa ur\u010den\u00e9 pre ob\u010danov \/nie firmy\/, ktor\u00ed sa m\u00f4\u017eu bezplatne\u2026","rel":"","context":"V &quot;Odpady&quot;","block_context":{"text":"Odpady","link":"https:\/\/www.hornamicina.eu\/web\/category\/odpady\/"},"img":{"alt_text":"","src":"https:\/\/i0.wp.com\/www.hornamicina.eu\/web\/wp-content\/uploads\/2023\/10\/kontajner-scaled.jpg?fit=1200%2C800&ssl=1&resize=350%2C200","width":350,"height":200,"srcset":"https:\/\/i0.wp.com\/www.hornamicina.eu\/web\/wp-content\/uploads\/2023\/10\/kontajner-scaled.jpg?fit=1200%2C800&ssl=1&resize=350%2C200 1x, https:\/\/i0.wp.com\/www.hornamicina.eu\/web\/wp-content\/uploads\/2023\/10\/kontajner-scaled.jpg?fit=1200%2C800&ssl=1&resize=525%2C300 1.5x, https:\/\/i0.wp.com\/www.hornamicina.eu\/web\/wp-content\/uploads\/2023\/10\/kontajner-scaled.jpg?fit=1200%2C800&ssl=1&resize=700%2C400 2x, https:\/\/i0.wp.com\/www.hornamicina.eu\/web\/wp-content\/uploads\/2023\/10\/kontajner-scaled.jpg?fit=1200%2C800&ssl=1&resize=1050%2C600 3x"},"classes":[]},{"id":3669,"url":"https:\/\/www.hornamicina.eu\/web\/oznam-zber-nadrozmerneho-odpadu-25-4-2023-28-4-2023\/","url_meta":{"origin":1853,"position":1},"title":"Oznam &#8211; zber nadrozmern\u00e9ho odpadu &#8211; 25.4.2023 &#8211; 28.4.2023","author":"admin","date":"18. apr\u00edla 2023","format":false,"excerpt":"Obecn\u00fd \u00farad Horn\u00e1 Mi\u010din\u00e1 oznamuje ob\u010danom obce, \u017ee v\u00a0term\u00edne \u00a025.04.2023 \/Utorok\/ \u00a0od 12:00 hod. a\u017e do \u00a0\u00a028.04.2023 \/Piatok\/ do 08:00 hod.\u00a0prebieha\u00a0v\u00a0obci zber\u00a0nadrozmern\u00e9ho odpadu. Kontajnery bud\u00fa umiestnen\u00e9 na parkovisku pred budovou obecn\u00e9ho \u00faradu.\u00a0Kontajnery s\u00fa ur\u010den\u00e9 pre ob\u010danov \/nie firmy\/, ktor\u00ed sa m\u00f4\u017eu bezplatne zbavi\u0165 drobn\u00e9ho odpadu. Vhadzova\u0165 m\u00f4\u017eete:\u00a0nepotrebn\u00fd n\u00e1bytok, koberce a\u00a0veci,\u2026","rel":"","context":"V &quot;D\u00f4le\u017eit\u00e9&quot;","block_context":{"text":"D\u00f4le\u017eit\u00e9","link":"https:\/\/www.hornamicina.eu\/web\/category\/dolezite\/"},"img":{"alt_text":"Separovan\u00fd zber","src":"https:\/\/i0.wp.com\/www.hornamicina.eu\/web\/wp-content\/uploads\/2017\/06\/sepzber.jpg?fit=530%2C530&ssl=1&resize=350%2C200","width":350,"height":200,"srcset":"https:\/\/i0.wp.com\/www.hornamicina.eu\/web\/wp-content\/uploads\/2017\/06\/sepzber.jpg?fit=530%2C530&ssl=1&resize=350%2C200 1x, https:\/\/i0.wp.com\/www.hornamicina.eu\/web\/wp-content\/uploads\/2017\/06\/sepzber.jpg?fit=530%2C530&ssl=1&resize=525%2C300 1.5x"},"classes":[]},{"id":2272,"url":"https:\/\/www.hornamicina.eu\/web\/oznam-testovanie-na-covid-19-celoplosny-screening\/","url_meta":{"origin":1853,"position":2},"title":"OZNAM: Testovanie na COVID-19 &#8211; celoplo\u0161n\u00fd screening","author":"admin","date":"22. janu\u00e1ra 2021","format":false,"excerpt":"Obecn\u00fd \u00farad HM oznamuje, \u017ee testovanie na COVID 19 bude v na\u0161ej obci prebieha\u0165 d\u0148a: 23.1.2021 \/sobota\/ od 8.00 hod \u2013 17.00 hod. len pre obyvate\u013eov s trval\u00fdm alebo prechodn\u00fdm pobytom v obci Horn\u00e1 Mi\u010din\u00e1. od 17.00 do 19.00 je vyhraden\u00fd na pretestovanie ob\u010danov bez trval\u00e9ho pobytu v obci. Prest\u00e1vka:\u2026","rel":"","context":"V &quot;D\u00f4le\u017eit\u00e9&quot;","block_context":{"text":"D\u00f4le\u017eit\u00e9","link":"https:\/\/www.hornamicina.eu\/web\/category\/dolezite\/"},"img":{"alt_text":"","src":"https:\/\/i0.wp.com\/www.hornamicina.eu\/web\/wp-content\/uploads\/2020\/11\/20201031_125334-min-scaled.jpg?fit=1200%2C675&ssl=1&resize=350%2C200","width":350,"height":200,"srcset":"https:\/\/i0.wp.com\/www.hornamicina.eu\/web\/wp-content\/uploads\/2020\/11\/20201031_125334-min-scaled.jpg?fit=1200%2C675&ssl=1&resize=350%2C200 1x, https:\/\/i0.wp.com\/www.hornamicina.eu\/web\/wp-content\/uploads\/2020\/11\/20201031_125334-min-scaled.jpg?fit=1200%2C675&ssl=1&resize=525%2C300 1.5x, https:\/\/i0.wp.com\/www.hornamicina.eu\/web\/wp-content\/uploads\/2020\/11\/20201031_125334-min-scaled.jpg?fit=1200%2C675&ssl=1&resize=700%2C400 2x, https:\/\/i0.wp.com\/www.hornamicina.eu\/web\/wp-content\/uploads\/2020\/11\/20201031_125334-min-scaled.jpg?fit=1200%2C675&ssl=1&resize=1050%2C600 3x"},"classes":[]},{"id":5210,"url":"https:\/\/www.hornamicina.eu\/web\/zber-nadrozmerneho-odpadu-5-2025\/","url_meta":{"origin":1853,"position":3},"title":"Zber nadrozmern\u00e9ho odpadu &#8211; 5\/2025","author":"admin","date":"1. m\u00e1ja 2025","format":false,"excerpt":"Obecn\u00fd \u00farad Horn\u00e1 Mi\u010din\u00e1 oznamuje ob\u010danom obce, \u017ee v\u00a0term\u00edne od 05. 05. 2025 \/pondelok\/ do 07. 05. 2025 \/streda\/ bude v obci prebieha\u0165 zber nadrozmern\u00e9ho odpadu. Kontajnery bud\u00fa umiestnen\u00e9 pred budovou obecn\u00e9ho \u00faradu. Kontajnery s\u00fa ur\u010den\u00e9 pre ob\u010danov \/nie firmy\/, ktor\u00ed sa m\u00f4\u017eu bezplatne zbavi\u0165 drobn\u00e9ho odpadu. \u00a0 Vhadzova\u0165 m\u00f4\u017eete:\u2026","rel":"","context":"V &quot;Odpady&quot;","block_context":{"text":"Odpady","link":"https:\/\/www.hornamicina.eu\/web\/category\/odpady\/"},"img":{"alt_text":"","src":"https:\/\/i0.wp.com\/www.hornamicina.eu\/web\/wp-content\/uploads\/2023\/10\/kontajner-scaled.jpg?fit=1200%2C800&ssl=1&resize=350%2C200","width":350,"height":200,"srcset":"https:\/\/i0.wp.com\/www.hornamicina.eu\/web\/wp-content\/uploads\/2023\/10\/kontajner-scaled.jpg?fit=1200%2C800&ssl=1&resize=350%2C200 1x, https:\/\/i0.wp.com\/www.hornamicina.eu\/web\/wp-content\/uploads\/2023\/10\/kontajner-scaled.jpg?fit=1200%2C800&ssl=1&resize=525%2C300 1.5x, https:\/\/i0.wp.com\/www.hornamicina.eu\/web\/wp-content\/uploads\/2023\/10\/kontajner-scaled.jpg?fit=1200%2C800&ssl=1&resize=700%2C400 2x, https:\/\/i0.wp.com\/www.hornamicina.eu\/web\/wp-content\/uploads\/2023\/10\/kontajner-scaled.jpg?fit=1200%2C800&ssl=1&resize=1050%2C600 3x"},"classes":[]},{"id":2258,"url":"https:\/\/www.hornamicina.eu\/web\/oznam-zatvorenie-obecneho-uradu-2\/","url_meta":{"origin":1853,"position":4},"title":"Oznam &#8211; zatvorenie obecn\u00e9ho \u00faradu","author":"admin","date":"21. decembra 2020","format":false,"excerpt":"Obecn\u00fd \u00farad bude od 22.12.2020 do 11.1.20201 zatvoren\u00fd z d\u00f4vodu \u010derpania dovolenky. \u010eakujeme za porozumenie. Ivan Len\u00e1r, v.r. starosta obce","rel":"","context":"V &quot;D\u00f4le\u017eit\u00e9&quot;","block_context":{"text":"D\u00f4le\u017eit\u00e9","link":"https:\/\/www.hornamicina.eu\/web\/category\/dolezite\/"},"img":{"alt_text":"Logo obce a dokumenty","src":"https:\/\/i0.wp.com\/www.hornamicina.eu\/web\/wp-content\/uploads\/2017\/07\/uznesenia.jpg?fit=530%2C530&ssl=1&resize=350%2C200","width":350,"height":200,"srcset":"https:\/\/i0.wp.com\/www.hornamicina.eu\/web\/wp-content\/uploads\/2017\/07\/uznesenia.jpg?fit=530%2C530&ssl=1&resize=350%2C200 1x, https:\/\/i0.wp.com\/www.hornamicina.eu\/web\/wp-content\/uploads\/2017\/07\/uznesenia.jpg?fit=530%2C530&ssl=1&resize=525%2C300 1.5x"},"classes":[]},{"id":1712,"url":"https:\/\/www.hornamicina.eu\/web\/rozhodnutie-hm176-2\/","url_meta":{"origin":1853,"position":5},"title":"Rozhodnutie o povolen\u00ed stavby &#8211; Horn\u00e1 Mi\u010din\u00e1 176","author":"admin","date":"3. decembra 2019","format":false,"excerpt":"Obec Horn\u00e1 Mi\u010din\u00e1 povo\u013euje\u00a0\"Obnova bytov\u00e9ho domu Horn\u00e1 Mi\u010din\u00e1 176\", postavenej na parc. KN-C \u010d. 433 v kat.uzem\u00ed Horn\u00e1 Mi\u010din\u00e1 pre stavebn\u00edkov Spolo\u010denstvo vlastn\u00edkov bytov Horn\u00e1 Mi\u010din\u00e1 176, ktor\u00ed podali d\u0148a 1.3.2019 na Obec Horn\u00e1 Mi\u010din\u00e1, Obecn\u00fd \u00farad v Hornej Mi\u010dinej, stavebn\u00fd \u00farad \u017eiados\u0165 o vydanie stavebn\u00e9ho povolenia na stavbu. V\u2026","rel":"","context":"V &quot;D\u00f4le\u017eit\u00e9&quot;","block_context":{"text":"D\u00f4le\u017eit\u00e9","link":"https:\/\/www.hornamicina.eu\/web\/category\/dolezite\/"},"img":{"alt_text":"Logo obce a dokumenty","src":"https:\/\/i0.wp.com\/www.hornamicina.eu\/web\/wp-content\/uploads\/2017\/07\/uznesenia.jpg?fit=530%2C530&ssl=1&resize=350%2C200","width":350,"height":200,"srcset":"https:\/\/i0.wp.com\/www.hornamicina.eu\/web\/wp-content\/uploads\/2017\/07\/uznesenia.jpg?fit=530%2C530&ssl=1&resize=350%2C200 1x, https:\/\/i0.wp.com\/www.hornamicina.eu\/web\/wp-content\/uploads\/2017\/07\/uznesenia.jpg?fit=530%2C530&ssl=1&resize=525%2C300 1.5x"},"classes":[]}],"jetpack_likes_enabled":true,"_links":{"self":[{"href":"https:\/\/www.hornamicina.eu\/web\/wp-json\/wp\/v2\/posts\/1853","targetHints":{"allow":["GET"]}}],"collection":[{"href":"https:\/\/www.hornamicina.eu\/web\/wp-json\/wp\/v2\/posts"}],"about":[{"href":"https:\/\/www.hornamicina.eu\/web\/wp-json\/wp\/v2\/types\/post"}],"author":[{"embeddable":true,"href":"https:\/\/www.hornamicina.eu\/web\/wp-json\/wp\/v2\/users\/1"}],"replies":[{"embeddable":true,"href":"https:\/\/www.hornamicina.eu\/web\/wp-json\/wp\/v2\/comments?post=1853"}],"version-history":[{"count":0,"href":"https:\/\/www.hornamicina.eu\/web\/wp-json\/wp\/v2\/posts\/1853\/revisions"}],"wp:featuredmedia":[{"embeddable":true,"href":"https:\/\/www.hornamicina.eu\/web\/wp-json\/wp\/v2\/media\/1820"}],"wp:attachment":[{"href":"https:\/\/www.hornamicina.eu\/web\/wp-json\/wp\/v2\/media?parent=1853"}],"wp:term":[{"taxonomy":"category","embeddable":true,"href":"https:\/\/www.hornamicina.eu\/web\/wp-json\/wp\/v2\/categories?post=1853"},{"taxonomy":"post_tag","embeddable":true,"href":"https:\/\/www.hornamicina.eu\/web\/wp-json\/wp\/v2\/tags?post=1853"}],"curies":[{"name":"wp","href":"https:\/\/api.w.org\/{rel}","templated":true}]}}