{"id":1780,"date":"2020-03-03T20:45:40","date_gmt":"2020-03-03T19:45:40","guid":{"rendered":"https:\/\/www.hornamicina.eu\/web\/?p=1780"},"modified":"2024-09-26T08:41:07","modified_gmt":"2024-09-26T06:41:07","slug":"uznesenia-z-2020-02-24","status":"publish","type":"post","link":"https:\/\/www.hornamicina.eu\/web\/uznesenia-z-2020-02-24\/","title":{"rendered":"Uznesenia zo d\u0148a 24.2.2020"},"content":{"rendered":"<p style=\"font-weight: 400;\"><strong>UZNESENIA<\/strong><\/p>\n<p style=\"font-weight: 400;\">zo zasadnutia obecn\u00e9ho zastupite\u013estva (\u010falej len OZ) obce Horn\u00e1 Mi\u010din\u00e1 konan\u00e9ho d\u0148a 24.02.2020<\/p>\n<p style=\"font-weight: 400;\">\n<p style=\"font-weight: 400;\"><strong>Uznesenie \u010d. 1 \/ zo d\u0148a 24.02.2020<\/strong><\/p>\n<p style=\"font-weight: 400;\"><u>K\u00a0bodu 2. Program obecn\u00e9ho zastupite\u013estva<\/u><\/p>\n<p style=\"font-weight: 400;\">OZ obce Horn\u00e1 Mi\u010din\u00e1<\/p>\n<p style=\"font-weight: 400;\"><strong><em>schva\u013euje<\/em><\/strong><\/p>\n<p style=\"font-weight: 400;\">&#8211;\u00a0\u00a0\u00a0\u00a0\u00a0\u00a0\u00a0\u00a0\u00a0\u00a0Program obecn\u00e9ho zastupite\u013estva<\/p>\n<p style=\"font-weight: 400;\">\n<p style=\"font-weight: 400;\">Pr\u00edtomn\u00ed poslanci: \u00a0\u00a0\u00a0\u00a0\u00a0\u00a0\u00a0\u00a0\u00a0 Jana Baranov\u00e1, Michal Karkal\u00edk, Richard Kaz\u00edk, Bohu\u0161 Martinec, Jaroslav Pa\u013ea<\/p>\n<p style=\"font-weight: 400;\">Hlasovali\u00a0\u00a0\u00a0\u00a0\u00a0\u00a0\u00a0\u00a0\u00a0\u00a0\u00a0\u00a0\u00a0 za: (5) \u00a0 Jana Baranov\u00e1, Michal Karkal\u00edk, Richard Kaz\u00edk, Bohu\u0161 Martinec, Jaroslav Pa\u013ea<\/p>\n<p style=\"font-weight: 400;\">proti: (0)<\/p>\n<p style=\"font-weight: 400;\">zdr\u017eali sa: (0)<\/p>\n<p style=\"font-weight: 400;\"><strong><em>\u00a0<\/em><\/strong><\/p>\n<p style=\"font-weight: 400;\"><strong>Uznesenie \u010d. 2 \/ zo d\u0148a 24.02.2020<\/strong><\/p>\n<p style=\"font-weight: 400;\"><u>K\u00a0bodu 3. Vo\u013eba n\u00e1vrhovej komisie, overovate\u013eov z\u00e1pisnice a\u00a0zapisovate\u013ea<\/u><\/p>\n<p style=\"font-weight: 400;\">OZ obce Horn\u00e1 Mi\u010din\u00e1<\/p>\n<p style=\"font-weight: 400;\"><strong><em>ur\u010duje<\/em><\/strong><\/p>\n<p style=\"font-weight: 400;\">&#8211;\u00a0\u00a0\u00a0\u00a0\u00a0\u00a0\u00a0\u00a0\u00a0\u00a0Richarda Kaz\u00edka a Jaroslava Pa\u013eu za \u010dlenov n\u00e1vrhovej komisie<\/p>\n<p style=\"font-weight: 400;\">&#8211;\u00a0\u00a0\u00a0\u00a0\u00a0\u00a0\u00a0\u00a0\u00a0\u00a0Janu Baranov\u00fa a\u00a0Bohu\u0161a Martinca za overovate\u013eov z\u00e1pisnice<\/p>\n<p style=\"font-weight: 400;\">&#8211;\u00a0\u00a0\u00a0\u00a0\u00a0\u00a0\u00a0\u00a0\u00a0\u00a0Michala Karkal\u00edka za zapisovate\u013ea z\u00e1pisnice<\/p>\n<p style=\"font-weight: 400;\">\n<p style=\"font-weight: 400;\">Pr\u00edtomn\u00ed poslanci: \u00a0\u00a0\u00a0\u00a0\u00a0\u00a0\u00a0\u00a0\u00a0 Jana Baranov\u00e1, Michal Karkal\u00edk, Richard Kaz\u00edk, Bohu\u0161 Martinec, Jaroslav Pa\u013ea<\/p>\n<p style=\"font-weight: 400;\">Hlasovali\u00a0\u00a0\u00a0\u00a0\u00a0\u00a0\u00a0\u00a0\u00a0\u00a0\u00a0\u00a0\u00a0 za: (5)\u00a0\u00a0 Jana Baranov\u00e1, Michal Karkal\u00edk, Richard Kaz\u00edk, Bohu\u0161 Martinec, Jaroslav Pa\u013ea<\/p>\n<p style=\"font-weight: 400;\">\u00a0\u00a0\u00a0\u00a0\u00a0\u00a0\u00a0\u00a0\u00a0\u00a0\u00a0\u00a0\u00a0\u00a0\u00a0\u00a0\u00a0\u00a0\u00a0\u00a0\u00a0\u00a0\u00a0\u00a0\u00a0\u00a0\u00a0\u00a0\u00a0\u00a0 proti: (0)<\/p>\n<p style=\"font-weight: 400;\">\u00a0\u00a0\u00a0\u00a0\u00a0\u00a0\u00a0\u00a0\u00a0\u00a0\u00a0\u00a0\u00a0\u00a0\u00a0\u00a0\u00a0\u00a0\u00a0\u00a0\u00a0\u00a0\u00a0\u00a0\u00a0\u00a0\u00a0\u00a0\u00a0\u00a0 zdr\u017eali sa: (0)<\/p>\n<p style=\"font-weight: 400;\">\n<p style=\"font-weight: 400;\"><strong>Uznesenie \u010d. 3\/ zo d\u0148a 24.2.2020<\/strong><\/p>\n<p style=\"font-weight: 400;\"><u>K\u00a0bodu 4. Schv\u00e1lenie procesu obstar\u00e1vania a\u00a0schva\u013eovania \u00fazemnopl\u00e1novacej dokument\u00e1cie obce potrv\u00e1 najviac 3 roky od uzatvorenia zmluvy o\u00a0poskytnut\u00ed dot\u00e1cie.<\/u><\/p>\n<p style=\"font-weight: 400;\">OZ obce Horn\u00e1 Mi\u010din\u00e1<\/p>\n<p style=\"font-weight: 400;\"><strong>Schva\u013euje<\/strong><\/p>\n<p style=\"font-weight: 400;\">&#8211;\u00a0\u00a0\u00a0\u00a0\u00a0\u00a0\u00a0\u00a0\u00a0\u00a0Proces obstar\u00e1vania a\u00a0schva\u013eovania \u00fazemnopl\u00e1novacej dokument\u00e1cie obce potrv\u00e1 najviac 3 roky od uzatvorenia zmluvy o\u00a0poskytnut\u00ed dot\u00e1cie.<\/p>\n<p style=\"font-weight: 400;\">\n<p style=\"font-weight: 400;\">Pr\u00edtomn\u00ed poslanci: \u00a0\u00a0\u00a0\u00a0\u00a0\u00a0\u00a0\u00a0\u00a0 Jana Baranov\u00e1, Michal Karkal\u00edk, Richard Kaz\u00edk, Bohu\u0161 Martinec, Jaroslav Pa\u013ea<\/p>\n<p style=\"font-weight: 400;\">Hlasovali\u00a0\u00a0\u00a0\u00a0\u00a0\u00a0\u00a0\u00a0\u00a0\u00a0\u00a0\u00a0\u00a0 za: (5)\u00a0\u00a0 Jana Baranov\u00e1, Michal Karkal\u00edk, Richard Kaz\u00edk, Bohu\u0161 Martinec, Jaroslav Pa\u013ea<\/p>\n<p style=\"font-weight: 400;\">\u00a0\u00a0\u00a0\u00a0\u00a0\u00a0\u00a0\u00a0\u00a0\u00a0\u00a0\u00a0\u00a0\u00a0\u00a0\u00a0\u00a0\u00a0\u00a0\u00a0\u00a0\u00a0\u00a0\u00a0\u00a0\u00a0\u00a0\u00a0\u00a0\u00a0 proti: (0)<\/p>\n<p style=\"font-weight: 400;\">\u00a0\u00a0\u00a0\u00a0\u00a0\u00a0\u00a0\u00a0\u00a0\u00a0\u00a0\u00a0\u00a0\u00a0\u00a0\u00a0\u00a0\u00a0\u00a0\u00a0\u00a0\u00a0\u00a0\u00a0\u00a0\u00a0\u00a0\u00a0\u00a0\u00a0 zdr\u017eali sa: (0<\/p>\n<p style=\"font-weight: 400;\"><strong>\u00a0<\/strong><\/p>\n<p style=\"font-weight: 400;\"><strong>Uznesenie \u010d. 4 \/ zo d\u0148a 24.02.2020<\/strong><\/p>\n<p style=\"font-weight: 400;\"><u>K\u00a0bodu 5. Schv\u00e1lenie zmluvy o\u00a0zriaden\u00ed vecn\u00e9ho bremena v\u00a0pr\u00e1ve ulo\u017eenia a\u00a0vedenia in\u017einierskych siet\u00ed a\u00a0pr\u00e1vo prejazdu z\u00a0pozemku E-KN 225\/7 o\u00a0v\u00fdmere 3\u00a0275 m<sup>2<\/sup>\u00a0(LV \u010d. 417) vo vlastn\u00edctve obce v\u00a0prospech vlastn\u00edka pozemku C-KN 68\/4 o\u00a0v\u00fdmere 957 m<sup>2<\/sup>\u00a0(LV \u010d. 1133)<\/u><\/p>\n<p style=\"font-weight: 400;\">OZ obce Horn\u00e1 Mi\u010din\u00e1<\/p>\n<p style=\"font-weight: 400;\"><strong><em>schva\u013euje<\/em><\/strong><\/p>\n<p style=\"font-weight: 400;\">&#8211;\u00a0\u00a0\u00a0\u00a0\u00a0\u00a0\u00a0\u00a0\u00a0\u00a0Zmluvu o\u00a0zriaden\u00ed vecn\u00e9ho bremena v\u00a0pr\u00e1ve ulo\u017eenia a\u00a0vedenia in\u017einierskych siet\u00ed a\u00a0pr\u00e1vo prejazdu z\u00a0pozemku vo vlastn\u00edctve obce<\/p>\n<p style=\"font-weight: 400;\">\n<p style=\"font-weight: 400;\">Pr\u00edtomn\u00ed poslanci:\u00a0\u00a0\u00a0\u00a0\u00a0\u00a0\u00a0\u00a0\u00a0\u00a0 Jana Baranov\u00e1, Michal Karkal\u00edk, Richard Kaz\u00edk, Bohu\u0161 Martinec, Jaroslav Pa\u013ea<\/p>\n<p style=\"font-weight: 400;\">Hlasovali\u00a0\u00a0\u00a0\u00a0\u00a0\u00a0\u00a0\u00a0\u00a0\u00a0\u00a0\u00a0\u00a0 za: (5)\u00a0\u00a0 Jana Baranov\u00e1, Michal Karkal\u00edk, Richard Kaz\u00edk, Bohu\u0161 Martinec, Jaroslav Pa\u013ea<\/p>\n<p style=\"font-weight: 400;\">\u00a0\u00a0\u00a0\u00a0\u00a0\u00a0\u00a0\u00a0\u00a0\u00a0\u00a0\u00a0\u00a0\u00a0\u00a0\u00a0\u00a0\u00a0\u00a0\u00a0\u00a0\u00a0\u00a0\u00a0\u00a0\u00a0\u00a0\u00a0\u00a0\u00a0 proti: (0)<\/p>\n<p style=\"font-weight: 400;\">\u00a0\u00a0\u00a0\u00a0\u00a0\u00a0\u00a0\u00a0\u00a0\u00a0\u00a0\u00a0\u00a0\u00a0\u00a0\u00a0\u00a0\u00a0\u00a0\u00a0\u00a0\u00a0\u00a0\u00a0\u00a0\u00a0\u00a0\u00a0\u00a0\u00a0 zdr\u017eali sa: (0)<\/p>\n<p style=\"font-weight: 400;\"><strong>\u00a0<\/strong><\/p>\n<p style=\"font-weight: 400;\"><strong>Uznesenie \u010d. 5 \/ zo d\u0148a 24.02.2020<\/strong><\/p>\n<p style=\"font-weight: 400;\"><u>K\u00a0bodu 6. Schv\u00e1lenie Dodatku \u010d. 4 k\u00a0Zmluve \u010d. 661\/2012\/OVZ o\u00a0zriaden\u00ed Spolo\u010dn\u00e9ho obecn\u00e9ho stavebn\u00e9ho \u00faradu<\/u><\/p>\n<p style=\"font-weight: 400;\">OZ obce Horn\u00e1 Mi\u010din\u00e1<\/p>\n<p style=\"font-weight: 400;\"><strong><em>schva\u013euje<\/em><\/strong><\/p>\n<p style=\"font-weight: 400;\">&#8211;\u00a0\u00a0\u00a0\u00a0\u00a0\u00a0\u00a0\u00a0\u00a0\u00a0Dodatok \u010d. 4 k\u00a0Zmluve \u010d. 661\/2012\/OVZ o\u00a0zriaden\u00ed Spolo\u010dn\u00e9ho obecn\u00e9ho stavebn\u00e9ho \u00faradu<\/p>\n<p style=\"font-weight: 400;\">\n<p style=\"font-weight: 400;\">Pr\u00edtomn\u00ed poslanci:\u00a0\u00a0\u00a0\u00a0\u00a0\u00a0\u00a0\u00a0\u00a0\u00a0 Jana Baranov\u00e1, Michal Karkal\u00edk, Richard Kaz\u00edk, Bohu\u0161 Martinec, Jaroslav Pa\u013ea<\/p>\n<p style=\"font-weight: 400;\">Hlasovali\u00a0\u00a0\u00a0\u00a0\u00a0\u00a0\u00a0\u00a0\u00a0\u00a0\u00a0\u00a0\u00a0 za: (5)\u00a0\u00a0 Jana Baranov\u00e1, Michal Karkal\u00edk, Richard Kaz\u00edk, Bohu\u0161 Martinec, Jaroslav Pa\u013ea<\/p>\n<p style=\"font-weight: 400;\">\u00a0\u00a0\u00a0\u00a0\u00a0\u00a0\u00a0\u00a0\u00a0\u00a0\u00a0\u00a0\u00a0\u00a0\u00a0\u00a0\u00a0\u00a0\u00a0\u00a0\u00a0\u00a0\u00a0\u00a0\u00a0\u00a0\u00a0\u00a0\u00a0\u00a0 proti: (0)<\/p>\n<p style=\"font-weight: 400;\">\u00a0\u00a0\u00a0\u00a0\u00a0\u00a0\u00a0\u00a0\u00a0\u00a0\u00a0\u00a0\u00a0\u00a0\u00a0\u00a0\u00a0\u00a0\u00a0\u00a0\u00a0\u00a0\u00a0\u00a0\u00a0\u00a0\u00a0\u00a0\u00a0\u00a0 zdr\u017eali sa: (0)<\/p>\n<p style=\"font-weight: 400;\"><strong><em>\u00a0<\/em><\/strong><\/p>\n<p style=\"font-weight: 400;\"><strong>Uznesenie \u010d. 6 \/ zo d\u0148a 24.02.2020<\/strong><\/p>\n<p style=\"font-weight: 400;\"><u>K\u00a0bodu 7. Spr\u00e1va o\u00a0v\u00fdsledku kontrolnej \u010dinnosti hlavnej kontrol\u00f3rky obce za rok 2019<\/u><\/p>\n<p style=\"font-weight: 400;\">OZ obce Horn\u00e1 Mi\u010din\u00e1<\/p>\n<p style=\"font-weight: 400;\"><strong><em>berie na vedomie<\/em><\/strong><\/p>\n<p style=\"font-weight: 400;\">&#8211;\u00a0\u00a0\u00a0\u00a0\u00a0\u00a0\u00a0\u00a0\u00a0\u00a0Spr\u00e1vu o\u00a0v\u00fdsledku kontrolnej \u010dinnosti hlavnej kontrol\u00f3rky obce za rok 2019<\/p>\n<p style=\"font-weight: 400;\">\n<p style=\"font-weight: 400;\">Pr\u00edtomn\u00ed poslanci:\u00a0\u00a0\u00a0\u00a0\u00a0\u00a0\u00a0\u00a0\u00a0\u00a0 Jana Baranov\u00e1, Michal Karkal\u00edk, Richard Kaz\u00edk, Bohu\u0161 Martinec, Jaroslav Pa\u013ea<\/p>\n<p style=\"font-weight: 400;\"><strong>Uznesenie \u010d. 7 \/ zo d\u0148a 24.02.2020<\/strong><\/p>\n<p style=\"font-weight: 400;\"><u>K\u00a0bodu 8. Spr\u00e1va o\u00a0v\u00fdsledkoch kontrolnej \u010dinnosti hlavnej kontrol\u00f3rky obce za december 2019 a\u00a0janu\u00e1r 2020<\/u><\/p>\n<p style=\"font-weight: 400;\">OZ obce Horn\u00e1 Mi\u010din\u00e1<\/p>\n<p style=\"font-weight: 400;\"><strong><em>berie na vedomie<\/em><\/strong><\/p>\n<p style=\"font-weight: 400;\">&#8211;\u00a0\u00a0\u00a0\u00a0\u00a0\u00a0\u00a0\u00a0\u00a0\u00a0Spr\u00e1vu o\u00a0v\u00fdsledkoch kontrolnej \u010dinnosti hlavnej kontrol\u00f3rky obce za december 2019 a\u00a0janu\u00e1r 2020<\/p>\n<p style=\"font-weight: 400;\">\n<p style=\"font-weight: 400;\">Pr\u00edtomn\u00ed poslanci:\u00a0\u00a0\u00a0\u00a0\u00a0\u00a0\u00a0\u00a0\u00a0\u00a0 Jana Baranov\u00e1, Michal Karkal\u00edk, Richard Kaz\u00edk, Bohu\u0161 Martinec, Jaroslav Pa\u013ea<\/p>\n<p style=\"font-weight: 400;\">\n<p style=\"font-weight: 400;\"><strong>Uznesenie \u010d. 8 \/ zo d\u0148a 24.02.2020<\/strong><\/p>\n<p style=\"font-weight: 400;\"><u>K\u00a0bodu 9. Schv\u00e1lenie \u017eiadosti na delimit\u00e1ciu pozemkov vo vlastn\u00edctve SR E-KN 225\/14, 313, 225\/9, 1109\/2, 1148\/1, 1150 a\u00a0C-KN 680\/1, ktor\u00e9 bud\u00fa pre verejnoprospe\u0161n\u00e9 stavby<\/u><\/p>\n<p style=\"font-weight: 400;\">OZ obce Horn\u00e1 Mi\u010din\u00e1<\/p>\n<p style=\"font-weight: 400;\"><strong><em>schva\u013euje<\/em><\/strong><\/p>\n<p style=\"font-weight: 400;\">&#8211;\u00a0\u00a0\u00a0\u00a0\u00a0\u00a0\u00a0\u00a0\u00a0\u00a0\u017diados\u0165 na delimit\u00e1ciu pozemkov vo vlastn\u00edctve SR, ktor\u00e9 bud\u00fa pre verejnoprospe\u0161n\u00e9 stavby<\/p>\n<p style=\"font-weight: 400;\">\n<p style=\"font-weight: 400;\">Pr\u00edtomn\u00ed poslanci:\u00a0\u00a0\u00a0\u00a0\u00a0\u00a0\u00a0\u00a0\u00a0\u00a0 Jana Baranov\u00e1, Michal Karkal\u00edk, Richard Kaz\u00edk, Bohu\u0161 Martinec, Jaroslav Pa\u013ea<\/p>\n<p style=\"font-weight: 400;\">Hlasovali\u00a0\u00a0\u00a0\u00a0\u00a0\u00a0\u00a0\u00a0\u00a0\u00a0\u00a0\u00a0\u00a0 za: (5)\u00a0\u00a0 Jana Baranov\u00e1, Michal Karkal\u00edk, Richard Kaz\u00edk, Bohu\u0161 Martinec, Jaroslav Pa\u013ea<\/p>\n<p style=\"font-weight: 400;\">\u00a0\u00a0\u00a0\u00a0\u00a0\u00a0\u00a0\u00a0\u00a0\u00a0\u00a0\u00a0\u00a0\u00a0\u00a0\u00a0\u00a0\u00a0\u00a0\u00a0\u00a0\u00a0\u00a0\u00a0\u00a0\u00a0\u00a0\u00a0\u00a0\u00a0 proti: (0)<\/p>\n<p style=\"font-weight: 400;\">\u00a0\u00a0\u00a0\u00a0\u00a0\u00a0\u00a0\u00a0\u00a0\u00a0\u00a0\u00a0\u00a0\u00a0\u00a0\u00a0\u00a0\u00a0\u00a0\u00a0\u00a0\u00a0\u00a0\u00a0\u00a0\u00a0\u00a0\u00a0\u00a0\u00a0 zdr\u017eali sa: (0)<\/p>\n<p style=\"font-weight: 400;\"><strong>\u00a0<\/strong><\/p>\n<p style=\"font-weight: 400;\"><strong>Uznesenie \u010d. 9 \/ zo d\u0148a 24.02.2020<\/strong><\/p>\n<p style=\"font-weight: 400;\"><u>K\u00a0bodu 10. R\u00f4zne<\/u><\/p>\n<p style=\"font-weight: 400;\">OZ obce Horn\u00e1 Mi\u010din\u00e1<\/p>\n<p style=\"font-weight: 400;\"><strong><em>berie na vedomie<\/em><\/strong><\/p>\n<p style=\"font-weight: 400;\">&#8211;\u00a0\u00a0\u00a0\u00a0\u00a0\u00a0\u00a0\u00a0\u00a0\u00a0inform\u00e1ciu o\u00a0pl\u00e1novan\u00fdch rekon\u0161trukci\u00e1ch v\u00a0obci<\/p>\n<p style=\"font-weight: 400;\">&#8211;\u00a0\u00a0\u00a0\u00a0\u00a0\u00a0\u00a0\u00a0\u00a0\u00a0Spr\u00e1vu o\u00a0\u010dinnosti Denn\u00e9ho centra obce Horn\u00e1 Mi\u010din\u00e1 za rok 2019<\/p>\n<p style=\"font-weight: 400;\">&#8211;\u00a0\u00a0\u00a0\u00a0\u00a0\u00a0\u00a0\u00a0\u00a0\u00a0ukon\u010denie poskytnutia ubytovania dotknut\u00fdm osob\u00e1m v\u00a0budove obecn\u00e9ho \u00faradu\u00a0<strong>k\u00a031.03.2020<\/strong><\/p>\n<p style=\"font-weight: 400;\"><strong><em>\u00a0<\/em><\/strong><\/p>\n<p style=\"font-weight: 400;\"><strong><em>doporu\u010duje starostovi obce<\/em><\/strong><\/p>\n<p style=\"font-weight: 400;\">&#8211;\u00a0\u00a0\u00a0\u00a0\u00a0\u00a0\u00a0\u00a0\u00a0\u00a0zvol\u00e1va\u0165 mesa\u010dn\u00e9 porady oh\u013eadom aktu\u00e1lneho stavu hospod\u00e1renia obce (<strong>term\u00edn: mesa\u010dne<\/strong>)<\/p>\n<p style=\"font-weight: 400;\">&#8211;\u00a0\u00a0\u00a0\u00a0\u00a0\u00a0\u00a0\u00a0\u00a0\u00a0ukon\u010di\u0165 proces odstr\u00e1nenia zmrzlinov\u00e9ho st\u00e1nku z\u00a0obecn\u00e9ho pozemku<\/p>\n<p style=\"font-weight: 400;\">\n<p style=\"font-weight: 400;\">Pr\u00edtomn\u00ed poslanci:\u00a0\u00a0\u00a0\u00a0\u00a0\u00a0\u00a0\u00a0\u00a0\u00a0 Jana Baranov\u00e1, Michal Karkal\u00edk, Jaroslav Pa\u013ea<\/p>\n<p style=\"font-weight: 400;\"><strong>\u00a0<\/strong><\/p>\n<p style=\"font-weight: 400;\"><strong>\u00a0<\/strong><\/p>\n<p style=\"font-weight: 400;\"><strong>\u00a0<\/strong><\/p>\n<p style=\"font-weight: 400;\"><strong>Uznesenie \u010d. 10 \/ zo d\u0148a 24.02.2020<\/strong><\/p>\n<p style=\"font-weight: 400;\"><u>K\u00a0bodu 11. Diskusia<\/u><\/p>\n<p style=\"font-weight: 400;\"><strong><em>Diskusia prebehla v\u00a0r\u00e1mci rokovania zastupite\u013estva k\u00a0jednotliv\u00fdm bodom a\u00a0inform\u00e1ci\u00e1m\u00a0\u00a0\u00a0\u00a0\u00a0\u00a0\u00a0\u00a0\u00a0\u00a0\u00a0\u00a0\u00a0\u00a0\u00a0<\/em><\/strong><\/p>\n<p style=\"font-weight: 400;\"><u>\u00a0<\/u><\/p>\n<p style=\"font-weight: 400;\"><u>K\u00a0bodu 12. N\u00e1vrh uznesen\u00ed<\/u><\/p>\n<p style=\"font-weight: 400;\">Uznesenia OZ boli schv\u00e1len\u00e9.<\/p>\n<p style=\"font-weight: 400;\"><u>\u00a0<\/u><\/p>\n<p style=\"font-weight: 400;\"><u>K\u00a0bodu 13. Z\u00e1ver<\/u><\/p>\n<p style=\"font-weight: 400;\">Starosta ukon\u010dil zasadnutie obecn\u00e9ho zastupite\u013estva.<\/p>\n<p style=\"font-weight: 400;\">\n<p style=\"font-weight: 400;\">Zapisovate\u013e: \u00a0\u00a0\u00a0\u00a0\u00a0 Michal Karkal\u00edk<\/p>\n<p style=\"font-weight: 400;\">Overovatelia: \u00a0\u00a0 Jana Baranov\u00e1 a\u00a0Bohu\u0161 Martinec<\/p>\n<p style=\"font-weight: 400;\">Starosta: \u00a0\u00a0\u00a0\u00a0\u00a0\u00a0\u00a0\u00a0\u00a0\u00a0\u00a0 Ivan Len\u00e1r<\/p>\n<p style=\"font-weight: 400;\"><strong>UZNESENIA<\/strong><\/p>\n<p style=\"font-weight: 400;\">zo zasadnutia obecn\u00e9ho zastupite\u013estva (\u010falej len OZ) obce Horn\u00e1 Mi\u010din\u00e1 konan\u00e9ho d\u0148a 24.02.2020<\/p>\n<p style=\"font-weight: 400;\">\n<p style=\"font-weight: 400;\"><strong>Uznesenie \u010d. 1 \/ zo d\u0148a 24.02.2020<\/strong><\/p>\n<p style=\"font-weight: 400;\"><u>K\u00a0bodu 2. Program obecn\u00e9ho zastupite\u013estva<\/u><\/p>\n<p style=\"font-weight: 400;\">OZ obce Horn\u00e1 Mi\u010din\u00e1<\/p>\n<p style=\"font-weight: 400;\"><strong><em>schva\u013euje<\/em><\/strong><\/p>\n<p style=\"font-weight: 400;\">&#8211;\u00a0\u00a0\u00a0\u00a0\u00a0\u00a0\u00a0\u00a0\u00a0\u00a0Program obecn\u00e9ho zastupite\u013estva<\/p>\n<p style=\"font-weight: 400;\">\n<p style=\"font-weight: 400;\">Pr\u00edtomn\u00ed poslanci: \u00a0\u00a0\u00a0\u00a0\u00a0\u00a0\u00a0\u00a0\u00a0 Jana Baranov\u00e1, Michal Karkal\u00edk, Richard Kaz\u00edk, Bohu\u0161 Martinec, Jaroslav Pa\u013ea<\/p>\n<p style=\"font-weight: 400;\">Hlasovali\u00a0\u00a0\u00a0\u00a0\u00a0\u00a0\u00a0\u00a0\u00a0\u00a0\u00a0\u00a0\u00a0 za: (5) \u00a0 Jana Baranov\u00e1, Michal Karkal\u00edk, Richard Kaz\u00edk, Bohu\u0161 Martinec, Jaroslav Pa\u013ea<\/p>\n<p style=\"font-weight: 400;\">proti: (0)<\/p>\n<p style=\"font-weight: 400;\">zdr\u017eali sa: (0)<\/p>\n<p style=\"font-weight: 400;\"><strong><em>\u00a0<\/em><\/strong><\/p>\n<p style=\"font-weight: 400;\"><strong>Uznesenie \u010d. 2 \/ zo d\u0148a 24.02.2020<\/strong><\/p>\n<p style=\"font-weight: 400;\"><u>K\u00a0bodu 3. Vo\u013eba n\u00e1vrhovej komisie, overovate\u013eov z\u00e1pisnice a\u00a0zapisovate\u013ea<\/u><\/p>\n<p style=\"font-weight: 400;\">OZ obce Horn\u00e1 Mi\u010din\u00e1<\/p>\n<p style=\"font-weight: 400;\"><strong><em>ur\u010duje<\/em><\/strong><\/p>\n<p style=\"font-weight: 400;\">&#8211;\u00a0\u00a0\u00a0\u00a0\u00a0\u00a0\u00a0\u00a0\u00a0\u00a0Richarda Kaz\u00edka a Jaroslava Pa\u013eu za \u010dlenov n\u00e1vrhovej komisie<\/p>\n<p style=\"font-weight: 400;\">&#8211;\u00a0\u00a0\u00a0\u00a0\u00a0\u00a0\u00a0\u00a0\u00a0\u00a0Janu Baranov\u00fa a\u00a0Bohu\u0161a Martinca za overovate\u013eov z\u00e1pisnice<\/p>\n<p style=\"font-weight: 400;\">&#8211;\u00a0\u00a0\u00a0\u00a0\u00a0\u00a0\u00a0\u00a0\u00a0\u00a0Michala Karkal\u00edka za zapisovate\u013ea z\u00e1pisnice<\/p>\n<p style=\"font-weight: 400;\">\n<p style=\"font-weight: 400;\">Pr\u00edtomn\u00ed poslanci: \u00a0\u00a0\u00a0\u00a0\u00a0\u00a0\u00a0\u00a0\u00a0 Jana Baranov\u00e1, Michal Karkal\u00edk, Richard Kaz\u00edk, Bohu\u0161 Martinec, Jaroslav Pa\u013ea<\/p>\n<p style=\"font-weight: 400;\">Hlasovali\u00a0\u00a0\u00a0\u00a0\u00a0\u00a0\u00a0\u00a0\u00a0\u00a0\u00a0\u00a0\u00a0 za: (5)\u00a0\u00a0 Jana Baranov\u00e1, Michal Karkal\u00edk, Richard Kaz\u00edk, Bohu\u0161 Martinec, Jaroslav Pa\u013ea<\/p>\n<p style=\"font-weight: 400;\">\u00a0\u00a0\u00a0\u00a0\u00a0\u00a0\u00a0\u00a0\u00a0\u00a0\u00a0\u00a0\u00a0\u00a0\u00a0\u00a0\u00a0\u00a0\u00a0\u00a0\u00a0\u00a0\u00a0\u00a0\u00a0\u00a0\u00a0\u00a0\u00a0\u00a0 proti: (0)<\/p>\n<p style=\"font-weight: 400;\">\u00a0\u00a0\u00a0\u00a0\u00a0\u00a0\u00a0\u00a0\u00a0\u00a0\u00a0\u00a0\u00a0\u00a0\u00a0\u00a0\u00a0\u00a0\u00a0\u00a0\u00a0\u00a0\u00a0\u00a0\u00a0\u00a0\u00a0\u00a0\u00a0\u00a0 zdr\u017eali sa: (0)<\/p>\n<p style=\"font-weight: 400;\">\n<p style=\"font-weight: 400;\"><strong>Uznesenie \u010d. 3\/ zo d\u0148a 24.2.2020<\/strong><\/p>\n<p style=\"font-weight: 400;\"><u>K\u00a0bodu 4. Schv\u00e1lenie procesu obstar\u00e1vania a\u00a0schva\u013eovania \u00fazemnopl\u00e1novacej dokument\u00e1cie obce potrv\u00e1 najviac 3 roky od uzatvorenia zmluvy o\u00a0poskytnut\u00ed dot\u00e1cie.<\/u><\/p>\n<p style=\"font-weight: 400;\">OZ obce Horn\u00e1 Mi\u010din\u00e1<\/p>\n<p style=\"font-weight: 400;\"><strong>Schva\u013euje<\/strong><\/p>\n<p style=\"font-weight: 400;\">&#8211;\u00a0\u00a0\u00a0\u00a0\u00a0\u00a0\u00a0\u00a0\u00a0\u00a0Proces obstar\u00e1vania a\u00a0schva\u013eovania \u00fazemnopl\u00e1novacej dokument\u00e1cie obce potrv\u00e1 najviac 3 roky od uzatvorenia zmluvy o\u00a0poskytnut\u00ed dot\u00e1cie.<\/p>\n<p style=\"font-weight: 400;\">\n<p style=\"font-weight: 400;\">Pr\u00edtomn\u00ed poslanci: \u00a0\u00a0\u00a0\u00a0\u00a0\u00a0\u00a0\u00a0\u00a0 Jana Baranov\u00e1, Michal Karkal\u00edk, Richard Kaz\u00edk, Bohu\u0161 Martinec, Jaroslav Pa\u013ea<\/p>\n<p style=\"font-weight: 400;\">Hlasovali\u00a0\u00a0\u00a0\u00a0\u00a0\u00a0\u00a0\u00a0\u00a0\u00a0\u00a0\u00a0\u00a0 za: (5)\u00a0\u00a0 Jana Baranov\u00e1, Michal Karkal\u00edk, Richard Kaz\u00edk, Bohu\u0161 Martinec, Jaroslav Pa\u013ea<\/p>\n<p style=\"font-weight: 400;\">\u00a0\u00a0\u00a0\u00a0\u00a0\u00a0\u00a0\u00a0\u00a0\u00a0\u00a0\u00a0\u00a0\u00a0\u00a0\u00a0\u00a0\u00a0\u00a0\u00a0\u00a0\u00a0\u00a0\u00a0\u00a0\u00a0\u00a0\u00a0\u00a0\u00a0 proti: (0)<\/p>\n<p style=\"font-weight: 400;\">\u00a0\u00a0\u00a0\u00a0\u00a0\u00a0\u00a0\u00a0\u00a0\u00a0\u00a0\u00a0\u00a0\u00a0\u00a0\u00a0\u00a0\u00a0\u00a0\u00a0\u00a0\u00a0\u00a0\u00a0\u00a0\u00a0\u00a0\u00a0\u00a0\u00a0 zdr\u017eali sa: (0<\/p>\n<p style=\"font-weight: 400;\"><strong>\u00a0<\/strong><\/p>\n<p style=\"font-weight: 400;\"><strong>Uznesenie \u010d. 4 \/ zo d\u0148a 24.02.2020<\/strong><\/p>\n<p style=\"font-weight: 400;\"><u>K\u00a0bodu 5. Schv\u00e1lenie zmluvy o\u00a0zriaden\u00ed vecn\u00e9ho bremena v\u00a0pr\u00e1ve ulo\u017eenia a\u00a0vedenia in\u017einierskych siet\u00ed a\u00a0pr\u00e1vo prejazdu z\u00a0pozemku E-KN 225\/7 o\u00a0v\u00fdmere 3\u00a0275 m<sup>2<\/sup>\u00a0(LV \u010d. 417) vo vlastn\u00edctve obce v\u00a0prospech vlastn\u00edka pozemku C-KN 68\/4 o\u00a0v\u00fdmere 957 m<sup>2<\/sup>\u00a0(LV \u010d. 1133)<\/u><\/p>\n<p style=\"font-weight: 400;\">OZ obce Horn\u00e1 Mi\u010din\u00e1<\/p>\n<p style=\"font-weight: 400;\"><strong><em>schva\u013euje<\/em><\/strong><\/p>\n<p style=\"font-weight: 400;\">&#8211;\u00a0\u00a0\u00a0\u00a0\u00a0\u00a0\u00a0\u00a0\u00a0\u00a0Zmluvu o\u00a0zriaden\u00ed vecn\u00e9ho bremena v\u00a0pr\u00e1ve ulo\u017eenia a\u00a0vedenia in\u017einierskych siet\u00ed a\u00a0pr\u00e1vo prejazdu z\u00a0pozemku vo vlastn\u00edctve obce<\/p>\n<p style=\"font-weight: 400;\">\n<p style=\"font-weight: 400;\">Pr\u00edtomn\u00ed poslanci:\u00a0\u00a0\u00a0\u00a0\u00a0\u00a0\u00a0\u00a0\u00a0\u00a0 Jana Baranov\u00e1, Michal Karkal\u00edk, Richard Kaz\u00edk, Bohu\u0161 Martinec, Jaroslav Pa\u013ea<\/p>\n<p style=\"font-weight: 400;\">Hlasovali\u00a0\u00a0\u00a0\u00a0\u00a0\u00a0\u00a0\u00a0\u00a0\u00a0\u00a0\u00a0\u00a0 za: (5)\u00a0\u00a0 Jana Baranov\u00e1, Michal Karkal\u00edk, Richard Kaz\u00edk, Bohu\u0161 Martinec, Jaroslav Pa\u013ea<\/p>\n<p style=\"font-weight: 400;\">\u00a0\u00a0\u00a0\u00a0\u00a0\u00a0\u00a0\u00a0\u00a0\u00a0\u00a0\u00a0\u00a0\u00a0\u00a0\u00a0\u00a0\u00a0\u00a0\u00a0\u00a0\u00a0\u00a0\u00a0\u00a0\u00a0\u00a0\u00a0\u00a0\u00a0 proti: (0)<\/p>\n<p style=\"font-weight: 400;\">\u00a0\u00a0\u00a0\u00a0\u00a0\u00a0\u00a0\u00a0\u00a0\u00a0\u00a0\u00a0\u00a0\u00a0\u00a0\u00a0\u00a0\u00a0\u00a0\u00a0\u00a0\u00a0\u00a0\u00a0\u00a0\u00a0\u00a0\u00a0\u00a0\u00a0 zdr\u017eali sa: (0)<\/p>\n<p style=\"font-weight: 400;\"><strong>\u00a0<\/strong><\/p>\n<p style=\"font-weight: 400;\"><strong>Uznesenie \u010d. 5 \/ zo d\u0148a 24.02.2020<\/strong><\/p>\n<p style=\"font-weight: 400;\"><u>K\u00a0bodu 6. Schv\u00e1lenie Dodatku \u010d. 4 k\u00a0Zmluve \u010d. 661\/2012\/OVZ o\u00a0zriaden\u00ed Spolo\u010dn\u00e9ho obecn\u00e9ho stavebn\u00e9ho \u00faradu<\/u><\/p>\n<p style=\"font-weight: 400;\">OZ obce Horn\u00e1 Mi\u010din\u00e1<\/p>\n<p style=\"font-weight: 400;\"><strong><em>schva\u013euje<\/em><\/strong><\/p>\n<p style=\"font-weight: 400;\">&#8211;\u00a0\u00a0\u00a0\u00a0\u00a0\u00a0\u00a0\u00a0\u00a0\u00a0Dodatok \u010d. 4 k\u00a0Zmluve \u010d. 661\/2012\/OVZ o\u00a0zriaden\u00ed Spolo\u010dn\u00e9ho obecn\u00e9ho stavebn\u00e9ho \u00faradu<\/p>\n<p style=\"font-weight: 400;\">\n<p style=\"font-weight: 400;\">Pr\u00edtomn\u00ed poslanci:\u00a0\u00a0\u00a0\u00a0\u00a0\u00a0\u00a0\u00a0\u00a0\u00a0 Jana Baranov\u00e1, Michal Karkal\u00edk, Richard Kaz\u00edk, Bohu\u0161 Martinec, Jaroslav Pa\u013ea<\/p>\n<p style=\"font-weight: 400;\">Hlasovali\u00a0\u00a0\u00a0\u00a0\u00a0\u00a0\u00a0\u00a0\u00a0\u00a0\u00a0\u00a0\u00a0 za: (5)\u00a0\u00a0 Jana Baranov\u00e1, Michal Karkal\u00edk, Richard Kaz\u00edk, Bohu\u0161 Martinec, Jaroslav Pa\u013ea<\/p>\n<p style=\"font-weight: 400;\">\u00a0\u00a0\u00a0\u00a0\u00a0\u00a0\u00a0\u00a0\u00a0\u00a0\u00a0\u00a0\u00a0\u00a0\u00a0\u00a0\u00a0\u00a0\u00a0\u00a0\u00a0\u00a0\u00a0\u00a0\u00a0\u00a0\u00a0\u00a0\u00a0\u00a0 proti: (0)<\/p>\n<p style=\"font-weight: 400;\">\u00a0\u00a0\u00a0\u00a0\u00a0\u00a0\u00a0\u00a0\u00a0\u00a0\u00a0\u00a0\u00a0\u00a0\u00a0\u00a0\u00a0\u00a0\u00a0\u00a0\u00a0\u00a0\u00a0\u00a0\u00a0\u00a0\u00a0\u00a0\u00a0\u00a0 zdr\u017eali sa: (0)<\/p>\n<p style=\"font-weight: 400;\"><strong><em>\u00a0<\/em><\/strong><\/p>\n<p style=\"font-weight: 400;\"><strong>Uznesenie \u010d. 6 \/ zo d\u0148a 24.02.2020<\/strong><\/p>\n<p style=\"font-weight: 400;\"><u>K\u00a0bodu 7. Spr\u00e1va o\u00a0v\u00fdsledku kontrolnej \u010dinnosti hlavnej kontrol\u00f3rky obce za rok 2019<\/u><\/p>\n<p style=\"font-weight: 400;\">OZ obce Horn\u00e1 Mi\u010din\u00e1<\/p>\n<p style=\"font-weight: 400;\"><strong><em>berie na vedomie<\/em><\/strong><\/p>\n<p style=\"font-weight: 400;\">&#8211;\u00a0\u00a0\u00a0\u00a0\u00a0\u00a0\u00a0\u00a0\u00a0\u00a0Spr\u00e1vu o\u00a0v\u00fdsledku kontrolnej \u010dinnosti hlavnej kontrol\u00f3rky obce za rok 2019<\/p>\n<p style=\"font-weight: 400;\">\n<p style=\"font-weight: 400;\">Pr\u00edtomn\u00ed poslanci:\u00a0\u00a0\u00a0\u00a0\u00a0\u00a0\u00a0\u00a0\u00a0\u00a0 Jana Baranov\u00e1, Michal Karkal\u00edk, Richard Kaz\u00edk, Bohu\u0161 Martinec, Jaroslav Pa\u013ea<\/p>\n<p style=\"font-weight: 400;\"><strong>Uznesenie \u010d. 7 \/ zo d\u0148a 24.02.2020<\/strong><\/p>\n<p style=\"font-weight: 400;\"><u>K\u00a0bodu 8. Spr\u00e1va o\u00a0v\u00fdsledkoch kontrolnej \u010dinnosti hlavnej kontrol\u00f3rky obce za december 2019 a\u00a0janu\u00e1r 2020<\/u><\/p>\n<p style=\"font-weight: 400;\">OZ obce Horn\u00e1 Mi\u010din\u00e1<\/p>\n<p style=\"font-weight: 400;\"><strong><em>berie na vedomie<\/em><\/strong><\/p>\n<p style=\"font-weight: 400;\">&#8211;\u00a0\u00a0\u00a0\u00a0\u00a0\u00a0\u00a0\u00a0\u00a0\u00a0Spr\u00e1vu o\u00a0v\u00fdsledkoch kontrolnej \u010dinnosti hlavnej kontrol\u00f3rky obce za december 2019 a\u00a0janu\u00e1r 2020<\/p>\n<p style=\"font-weight: 400;\">\n<p style=\"font-weight: 400;\">Pr\u00edtomn\u00ed poslanci:\u00a0\u00a0\u00a0\u00a0\u00a0\u00a0\u00a0\u00a0\u00a0\u00a0 Jana Baranov\u00e1, Michal Karkal\u00edk, Richard Kaz\u00edk, Bohu\u0161 Martinec, Jaroslav Pa\u013ea<\/p>\n<p style=\"font-weight: 400;\">\n<p style=\"font-weight: 400;\"><strong>Uznesenie \u010d. 8 \/ zo d\u0148a 24.02.2020<\/strong><\/p>\n<p style=\"font-weight: 400;\"><u>K\u00a0bodu 9. Schv\u00e1lenie \u017eiadosti na delimit\u00e1ciu pozemkov vo vlastn\u00edctve SR E-KN 225\/14, 313, 225\/9, 1109\/2, 1148\/1, 1150 a\u00a0C-KN 680\/1, ktor\u00e9 bud\u00fa pre verejnoprospe\u0161n\u00e9 stavby<\/u><\/p>\n<p style=\"font-weight: 400;\">OZ obce Horn\u00e1 Mi\u010din\u00e1<\/p>\n<p style=\"font-weight: 400;\"><strong><em>schva\u013euje<\/em><\/strong><\/p>\n<p style=\"font-weight: 400;\">&#8211;\u00a0\u00a0\u00a0\u00a0\u00a0\u00a0\u00a0\u00a0\u00a0\u00a0\u017diados\u0165 na delimit\u00e1ciu pozemkov vo vlastn\u00edctve SR, ktor\u00e9 bud\u00fa pre verejnoprospe\u0161n\u00e9 stavby<\/p>\n<p style=\"font-weight: 400;\">\n<p style=\"font-weight: 400;\">Pr\u00edtomn\u00ed poslanci:\u00a0\u00a0\u00a0\u00a0\u00a0\u00a0\u00a0\u00a0\u00a0\u00a0 Jana Baranov\u00e1, Michal Karkal\u00edk, Richard Kaz\u00edk, Bohu\u0161 Martinec, Jaroslav Pa\u013ea<\/p>\n<p style=\"font-weight: 400;\">Hlasovali\u00a0\u00a0\u00a0\u00a0\u00a0\u00a0\u00a0\u00a0\u00a0\u00a0\u00a0\u00a0\u00a0 za: (5)\u00a0\u00a0 Jana Baranov\u00e1, Michal Karkal\u00edk, Richard Kaz\u00edk, Bohu\u0161 Martinec, Jaroslav Pa\u013ea<\/p>\n<p style=\"font-weight: 400;\">\u00a0\u00a0\u00a0\u00a0\u00a0\u00a0\u00a0\u00a0\u00a0\u00a0\u00a0\u00a0\u00a0\u00a0\u00a0\u00a0\u00a0\u00a0\u00a0\u00a0\u00a0\u00a0\u00a0\u00a0\u00a0\u00a0\u00a0\u00a0\u00a0\u00a0 proti: (0)<\/p>\n<p style=\"font-weight: 400;\">\u00a0\u00a0\u00a0\u00a0\u00a0\u00a0\u00a0\u00a0\u00a0\u00a0\u00a0\u00a0\u00a0\u00a0\u00a0\u00a0\u00a0\u00a0\u00a0\u00a0\u00a0\u00a0\u00a0\u00a0\u00a0\u00a0\u00a0\u00a0\u00a0\u00a0 zdr\u017eali sa: (0)<\/p>\n<p style=\"font-weight: 400;\"><strong>\u00a0<\/strong><\/p>\n<p style=\"font-weight: 400;\"><strong>Uznesenie \u010d. 9 \/ zo d\u0148a 24.02.2020<\/strong><\/p>\n<p style=\"font-weight: 400;\"><u>K\u00a0bodu 10. R\u00f4zne<\/u><\/p>\n<p style=\"font-weight: 400;\">OZ obce Horn\u00e1 Mi\u010din\u00e1<\/p>\n<p style=\"font-weight: 400;\"><strong><em>berie na vedomie<\/em><\/strong><\/p>\n<p style=\"font-weight: 400;\">&#8211;\u00a0\u00a0\u00a0\u00a0\u00a0\u00a0\u00a0\u00a0\u00a0\u00a0inform\u00e1ciu o\u00a0pl\u00e1novan\u00fdch rekon\u0161trukci\u00e1ch v\u00a0obci<\/p>\n<p style=\"font-weight: 400;\">&#8211;\u00a0\u00a0\u00a0\u00a0\u00a0\u00a0\u00a0\u00a0\u00a0\u00a0Spr\u00e1vu o\u00a0\u010dinnosti Denn\u00e9ho centra obce Horn\u00e1 Mi\u010din\u00e1 za rok 2019<\/p>\n<p style=\"font-weight: 400;\">&#8211;\u00a0\u00a0\u00a0\u00a0\u00a0\u00a0\u00a0\u00a0\u00a0\u00a0ukon\u010denie poskytnutia ubytovania dotknut\u00fdm osob\u00e1m v\u00a0budove obecn\u00e9ho \u00faradu\u00a0<strong>k\u00a031.03.2020<\/strong><\/p>\n<p style=\"font-weight: 400;\"><strong><em>\u00a0<\/em><\/strong><\/p>\n<p style=\"font-weight: 400;\"><strong><em>doporu\u010duje starostovi obce<\/em><\/strong><\/p>\n<p style=\"font-weight: 400;\">&#8211;\u00a0\u00a0\u00a0\u00a0\u00a0\u00a0\u00a0\u00a0\u00a0\u00a0zvol\u00e1va\u0165 mesa\u010dn\u00e9 porady oh\u013eadom aktu\u00e1lneho stavu hospod\u00e1renia obce (<strong>term\u00edn: mesa\u010dne<\/strong>)<\/p>\n<p style=\"font-weight: 400;\">&#8211;\u00a0\u00a0\u00a0\u00a0\u00a0\u00a0\u00a0\u00a0\u00a0\u00a0ukon\u010di\u0165 proces odstr\u00e1nenia zmrzlinov\u00e9ho st\u00e1nku z\u00a0obecn\u00e9ho pozemku<\/p>\n<p style=\"font-weight: 400;\">\n<p style=\"font-weight: 400;\">Pr\u00edtomn\u00ed poslanci:\u00a0\u00a0\u00a0\u00a0\u00a0\u00a0\u00a0\u00a0\u00a0\u00a0 Jana Baranov\u00e1, Michal Karkal\u00edk, Jaroslav Pa\u013ea<\/p>\n<p style=\"font-weight: 400;\"><strong>\u00a0<\/strong><\/p>\n<p style=\"font-weight: 400;\"><strong>\u00a0<\/strong><\/p>\n<p style=\"font-weight: 400;\"><strong>\u00a0<\/strong><\/p>\n<p style=\"font-weight: 400;\"><strong>Uznesenie \u010d. 10 \/ zo d\u0148a 24.02.2020<\/strong><\/p>\n<p style=\"font-weight: 400;\"><u>K\u00a0bodu 11. Diskusia<\/u><\/p>\n<p style=\"font-weight: 400;\"><strong><em>Diskusia prebehla v\u00a0r\u00e1mci rokovania zastupite\u013estva k\u00a0jednotliv\u00fdm bodom a\u00a0inform\u00e1ci\u00e1m\u00a0\u00a0\u00a0\u00a0\u00a0\u00a0\u00a0\u00a0\u00a0\u00a0\u00a0\u00a0\u00a0\u00a0\u00a0<\/em><\/strong><\/p>\n<p style=\"font-weight: 400;\"><u>\u00a0<\/u><\/p>\n<p style=\"font-weight: 400;\"><u>K\u00a0bodu 12. N\u00e1vrh uznesen\u00ed<\/u><\/p>\n<p style=\"font-weight: 400;\">Uznesenia OZ boli schv\u00e1len\u00e9.<\/p>\n<p style=\"font-weight: 400;\"><u>\u00a0<\/u><\/p>\n<p style=\"font-weight: 400;\"><u>K\u00a0bodu 13. Z\u00e1ver<\/u><\/p>\n<p style=\"font-weight: 400;\">Starosta ukon\u010dil zasadnutie obecn\u00e9ho zastupite\u013estva.<\/p>\n<p style=\"font-weight: 400;\">\n<p style=\"font-weight: 400;\">Zapisovate\u013e: \u00a0\u00a0\u00a0\u00a0\u00a0 Michal Karkal\u00edk<\/p>\n<p style=\"font-weight: 400;\">Overovatelia: \u00a0\u00a0 Jana Baranov\u00e1 a\u00a0Bohu\u0161 Martinec<\/p>\n<p style=\"font-weight: 400;\">Starosta: \u00a0\u00a0\u00a0\u00a0\u00a0\u00a0\u00a0\u00a0\u00a0\u00a0\u00a0 Ivan Len\u00e1r<\/p>\n<p style=\"font-weight: 400;\"><strong>UZNESENIA<\/strong><\/p>\n<p style=\"font-weight: 400;\">zo zasadnutia obecn\u00e9ho zastupite\u013estva (\u010falej len OZ) obce Horn\u00e1 Mi\u010din\u00e1 konan\u00e9ho d\u0148a 24.02.2020<\/p>\n<p style=\"font-weight: 400;\">\n<p style=\"font-weight: 400;\"><strong>Uznesenie \u010d. 1 \/ zo d\u0148a 24.02.2020<\/strong><\/p>\n<p style=\"font-weight: 400;\"><u>K\u00a0bodu 2. Program obecn\u00e9ho zastupite\u013estva<\/u><\/p>\n<p style=\"font-weight: 400;\">OZ obce Horn\u00e1 Mi\u010din\u00e1<\/p>\n<p style=\"font-weight: 400;\"><strong><em>schva\u013euje<\/em><\/strong><\/p>\n<p style=\"font-weight: 400;\">&#8211;\u00a0\u00a0\u00a0\u00a0\u00a0\u00a0\u00a0\u00a0\u00a0\u00a0Program obecn\u00e9ho zastupite\u013estva<\/p>\n<p style=\"font-weight: 400;\">\n<p style=\"font-weight: 400;\">Pr\u00edtomn\u00ed poslanci: \u00a0\u00a0\u00a0\u00a0\u00a0\u00a0\u00a0\u00a0\u00a0 Jana Baranov\u00e1, Michal Karkal\u00edk, Richard Kaz\u00edk, Bohu\u0161 Martinec, Jaroslav Pa\u013ea<\/p>\n<p style=\"font-weight: 400;\">Hlasovali\u00a0\u00a0\u00a0\u00a0\u00a0\u00a0\u00a0\u00a0\u00a0\u00a0\u00a0\u00a0\u00a0 za: (5) \u00a0 Jana Baranov\u00e1, Michal Karkal\u00edk, Richard Kaz\u00edk, Bohu\u0161 Martinec, Jaroslav Pa\u013ea<\/p>\n<p style=\"font-weight: 400;\">proti: (0)<\/p>\n<p style=\"font-weight: 400;\">zdr\u017eali sa: (0)<\/p>\n<p style=\"font-weight: 400;\"><strong><em>\u00a0<\/em><\/strong><\/p>\n<p style=\"font-weight: 400;\"><strong>Uznesenie \u010d. 2 \/ zo d\u0148a 24.02.2020<\/strong><\/p>\n<p style=\"font-weight: 400;\"><u>K\u00a0bodu 3. Vo\u013eba n\u00e1vrhovej komisie, overovate\u013eov z\u00e1pisnice a\u00a0zapisovate\u013ea<\/u><\/p>\n<p style=\"font-weight: 400;\">OZ obce Horn\u00e1 Mi\u010din\u00e1<\/p>\n<p style=\"font-weight: 400;\"><strong><em>ur\u010duje<\/em><\/strong><\/p>\n<p style=\"font-weight: 400;\">&#8211;\u00a0\u00a0\u00a0\u00a0\u00a0\u00a0\u00a0\u00a0\u00a0\u00a0Richarda Kaz\u00edka a Jaroslava Pa\u013eu za \u010dlenov n\u00e1vrhovej komisie<\/p>\n<p style=\"font-weight: 400;\">&#8211;\u00a0\u00a0\u00a0\u00a0\u00a0\u00a0\u00a0\u00a0\u00a0\u00a0Janu Baranov\u00fa a\u00a0Bohu\u0161a Martinca za overovate\u013eov z\u00e1pisnice<\/p>\n<p style=\"font-weight: 400;\">&#8211;\u00a0\u00a0\u00a0\u00a0\u00a0\u00a0\u00a0\u00a0\u00a0\u00a0Michala Karkal\u00edka za zapisovate\u013ea z\u00e1pisnice<\/p>\n<p style=\"font-weight: 400;\">\n<p style=\"font-weight: 400;\">Pr\u00edtomn\u00ed poslanci: \u00a0\u00a0\u00a0\u00a0\u00a0\u00a0\u00a0\u00a0\u00a0 Jana Baranov\u00e1, Michal Karkal\u00edk, Richard Kaz\u00edk, Bohu\u0161 Martinec, Jaroslav Pa\u013ea<\/p>\n<p style=\"font-weight: 400;\">Hlasovali\u00a0\u00a0\u00a0\u00a0\u00a0\u00a0\u00a0\u00a0\u00a0\u00a0\u00a0\u00a0\u00a0 za: (5)\u00a0\u00a0 Jana Baranov\u00e1, Michal Karkal\u00edk, Richard Kaz\u00edk, Bohu\u0161 Martinec, Jaroslav Pa\u013ea<\/p>\n<p style=\"font-weight: 400;\">\u00a0\u00a0\u00a0\u00a0\u00a0\u00a0\u00a0\u00a0\u00a0\u00a0\u00a0\u00a0\u00a0\u00a0\u00a0\u00a0\u00a0\u00a0\u00a0\u00a0\u00a0\u00a0\u00a0\u00a0\u00a0\u00a0\u00a0\u00a0\u00a0\u00a0 proti: (0)<\/p>\n<p style=\"font-weight: 400;\">\u00a0\u00a0\u00a0\u00a0\u00a0\u00a0\u00a0\u00a0\u00a0\u00a0\u00a0\u00a0\u00a0\u00a0\u00a0\u00a0\u00a0\u00a0\u00a0\u00a0\u00a0\u00a0\u00a0\u00a0\u00a0\u00a0\u00a0\u00a0\u00a0\u00a0 zdr\u017eali sa: (0)<\/p>\n<p style=\"font-weight: 400;\">\n<p style=\"font-weight: 400;\"><strong>Uznesenie \u010d. 3\/ zo d\u0148a 24.2.2020<\/strong><\/p>\n<p style=\"font-weight: 400;\"><u>K\u00a0bodu 4. Schv\u00e1lenie procesu obstar\u00e1vania a\u00a0schva\u013eovania \u00fazemnopl\u00e1novacej dokument\u00e1cie obce potrv\u00e1 najviac 3 roky od uzatvorenia zmluvy o\u00a0poskytnut\u00ed dot\u00e1cie.<\/u><\/p>\n<p style=\"font-weight: 400;\">OZ obce Horn\u00e1 Mi\u010din\u00e1<\/p>\n<p style=\"font-weight: 400;\"><strong>Schva\u013euje<\/strong><\/p>\n<p style=\"font-weight: 400;\">&#8211;\u00a0\u00a0\u00a0\u00a0\u00a0\u00a0\u00a0\u00a0\u00a0\u00a0Proces obstar\u00e1vania a\u00a0schva\u013eovania \u00fazemnopl\u00e1novacej dokument\u00e1cie obce potrv\u00e1 najviac 3 roky od uzatvorenia zmluvy o\u00a0poskytnut\u00ed dot\u00e1cie.<\/p>\n<p style=\"font-weight: 400;\">\n<p style=\"font-weight: 400;\">Pr\u00edtomn\u00ed poslanci: \u00a0\u00a0\u00a0\u00a0\u00a0\u00a0\u00a0\u00a0\u00a0 Jana Baranov\u00e1, Michal Karkal\u00edk, Richard Kaz\u00edk, Bohu\u0161 Martinec, Jaroslav Pa\u013ea<\/p>\n<p style=\"font-weight: 400;\">Hlasovali\u00a0\u00a0\u00a0\u00a0\u00a0\u00a0\u00a0\u00a0\u00a0\u00a0\u00a0\u00a0\u00a0 za: (5)\u00a0\u00a0 Jana Baranov\u00e1, Michal Karkal\u00edk, Richard Kaz\u00edk, Bohu\u0161 Martinec, Jaroslav Pa\u013ea<\/p>\n<p style=\"font-weight: 400;\">\u00a0\u00a0\u00a0\u00a0\u00a0\u00a0\u00a0\u00a0\u00a0\u00a0\u00a0\u00a0\u00a0\u00a0\u00a0\u00a0\u00a0\u00a0\u00a0\u00a0\u00a0\u00a0\u00a0\u00a0\u00a0\u00a0\u00a0\u00a0\u00a0\u00a0 proti: (0)<\/p>\n<p style=\"font-weight: 400;\">\u00a0\u00a0\u00a0\u00a0\u00a0\u00a0\u00a0\u00a0\u00a0\u00a0\u00a0\u00a0\u00a0\u00a0\u00a0\u00a0\u00a0\u00a0\u00a0\u00a0\u00a0\u00a0\u00a0\u00a0\u00a0\u00a0\u00a0\u00a0\u00a0\u00a0 zdr\u017eali sa: (0<\/p>\n<p style=\"font-weight: 400;\"><strong>\u00a0<\/strong><\/p>\n<p style=\"font-weight: 400;\"><strong>Uznesenie \u010d. 4 \/ zo d\u0148a 24.02.2020<\/strong><\/p>\n<p style=\"font-weight: 400;\"><u>K\u00a0bodu 5. Schv\u00e1lenie zmluvy o\u00a0zriaden\u00ed vecn\u00e9ho bremena v\u00a0pr\u00e1ve ulo\u017eenia a\u00a0vedenia in\u017einierskych siet\u00ed a\u00a0pr\u00e1vo prejazdu z\u00a0pozemku E-KN 225\/7 o\u00a0v\u00fdmere 3\u00a0275 m<sup>2<\/sup>\u00a0(LV \u010d. 417) vo vlastn\u00edctve obce v\u00a0prospech vlastn\u00edka pozemku C-KN 68\/4 o\u00a0v\u00fdmere 957 m<sup>2<\/sup>\u00a0(LV \u010d. 1133)<\/u><\/p>\n<p style=\"font-weight: 400;\">OZ obce Horn\u00e1 Mi\u010din\u00e1<\/p>\n<p style=\"font-weight: 400;\"><strong><em>schva\u013euje<\/em><\/strong><\/p>\n<p style=\"font-weight: 400;\">&#8211;\u00a0\u00a0\u00a0\u00a0\u00a0\u00a0\u00a0\u00a0\u00a0\u00a0Zmluvu o\u00a0zriaden\u00ed vecn\u00e9ho bremena v\u00a0pr\u00e1ve ulo\u017eenia a\u00a0vedenia in\u017einierskych siet\u00ed a\u00a0pr\u00e1vo prejazdu z\u00a0pozemku vo vlastn\u00edctve obce<\/p>\n<p style=\"font-weight: 400;\">\n<p style=\"font-weight: 400;\">Pr\u00edtomn\u00ed poslanci:\u00a0\u00a0\u00a0\u00a0\u00a0\u00a0\u00a0\u00a0\u00a0\u00a0 Jana Baranov\u00e1, Michal Karkal\u00edk, Richard Kaz\u00edk, Bohu\u0161 Martinec, Jaroslav Pa\u013ea<\/p>\n<p style=\"font-weight: 400;\">Hlasovali\u00a0\u00a0\u00a0\u00a0\u00a0\u00a0\u00a0\u00a0\u00a0\u00a0\u00a0\u00a0\u00a0 za: (5)\u00a0\u00a0 Jana Baranov\u00e1, Michal Karkal\u00edk, Richard Kaz\u00edk, Bohu\u0161 Martinec, Jaroslav Pa\u013ea<\/p>\n<p style=\"font-weight: 400;\">\u00a0\u00a0\u00a0\u00a0\u00a0\u00a0\u00a0\u00a0\u00a0\u00a0\u00a0\u00a0\u00a0\u00a0\u00a0\u00a0\u00a0\u00a0\u00a0\u00a0\u00a0\u00a0\u00a0\u00a0\u00a0\u00a0\u00a0\u00a0\u00a0\u00a0 proti: (0)<\/p>\n<p style=\"font-weight: 400;\">\u00a0\u00a0\u00a0\u00a0\u00a0\u00a0\u00a0\u00a0\u00a0\u00a0\u00a0\u00a0\u00a0\u00a0\u00a0\u00a0\u00a0\u00a0\u00a0\u00a0\u00a0\u00a0\u00a0\u00a0\u00a0\u00a0\u00a0\u00a0\u00a0\u00a0 zdr\u017eali sa: (0)<\/p>\n<p style=\"font-weight: 400;\"><strong>\u00a0<\/strong><\/p>\n<p style=\"font-weight: 400;\"><strong>Uznesenie \u010d. 5 \/ zo d\u0148a 24.02.2020<\/strong><\/p>\n<p style=\"font-weight: 400;\"><u>K\u00a0bodu 6. Schv\u00e1lenie Dodatku \u010d. 4 k\u00a0Zmluve \u010d. 661\/2012\/OVZ o\u00a0zriaden\u00ed Spolo\u010dn\u00e9ho obecn\u00e9ho stavebn\u00e9ho \u00faradu<\/u><\/p>\n<p style=\"font-weight: 400;\">OZ obce Horn\u00e1 Mi\u010din\u00e1<\/p>\n<p style=\"font-weight: 400;\"><strong><em>schva\u013euje<\/em><\/strong><\/p>\n<p style=\"font-weight: 400;\">&#8211;\u00a0\u00a0\u00a0\u00a0\u00a0\u00a0\u00a0\u00a0\u00a0\u00a0Dodatok \u010d. 4 k\u00a0Zmluve \u010d. 661\/2012\/OVZ o\u00a0zriaden\u00ed Spolo\u010dn\u00e9ho obecn\u00e9ho stavebn\u00e9ho \u00faradu<\/p>\n<p style=\"font-weight: 400;\">\n<p style=\"font-weight: 400;\">Pr\u00edtomn\u00ed poslanci:\u00a0\u00a0\u00a0\u00a0\u00a0\u00a0\u00a0\u00a0\u00a0\u00a0 Jana Baranov\u00e1, Michal Karkal\u00edk, Richard Kaz\u00edk, Bohu\u0161 Martinec, Jaroslav Pa\u013ea<\/p>\n<p style=\"font-weight: 400;\">Hlasovali\u00a0\u00a0\u00a0\u00a0\u00a0\u00a0\u00a0\u00a0\u00a0\u00a0\u00a0\u00a0\u00a0 za: (5)\u00a0\u00a0 Jana Baranov\u00e1, Michal Karkal\u00edk, Richard Kaz\u00edk, Bohu\u0161 Martinec, Jaroslav Pa\u013ea<\/p>\n<p style=\"font-weight: 400;\">\u00a0\u00a0\u00a0\u00a0\u00a0\u00a0\u00a0\u00a0\u00a0\u00a0\u00a0\u00a0\u00a0\u00a0\u00a0\u00a0\u00a0\u00a0\u00a0\u00a0\u00a0\u00a0\u00a0\u00a0\u00a0\u00a0\u00a0\u00a0\u00a0\u00a0 proti: (0)<\/p>\n<p style=\"font-weight: 400;\">\u00a0\u00a0\u00a0\u00a0\u00a0\u00a0\u00a0\u00a0\u00a0\u00a0\u00a0\u00a0\u00a0\u00a0\u00a0\u00a0\u00a0\u00a0\u00a0\u00a0\u00a0\u00a0\u00a0\u00a0\u00a0\u00a0\u00a0\u00a0\u00a0\u00a0 zdr\u017eali sa: (0)<\/p>\n<p style=\"font-weight: 400;\"><strong><em>\u00a0<\/em><\/strong><\/p>\n<p style=\"font-weight: 400;\"><strong>Uznesenie \u010d. 6 \/ zo d\u0148a 24.02.2020<\/strong><\/p>\n<p style=\"font-weight: 400;\"><u>K\u00a0bodu 7. Spr\u00e1va o\u00a0v\u00fdsledku kontrolnej \u010dinnosti hlavnej kontrol\u00f3rky obce za rok 2019<\/u><\/p>\n<p style=\"font-weight: 400;\">OZ obce Horn\u00e1 Mi\u010din\u00e1<\/p>\n<p style=\"font-weight: 400;\"><strong><em>berie na vedomie<\/em><\/strong><\/p>\n<p style=\"font-weight: 400;\">&#8211;\u00a0\u00a0\u00a0\u00a0\u00a0\u00a0\u00a0\u00a0\u00a0\u00a0Spr\u00e1vu o\u00a0v\u00fdsledku kontrolnej \u010dinnosti hlavnej kontrol\u00f3rky obce za rok 2019<\/p>\n<p style=\"font-weight: 400;\">\n<p style=\"font-weight: 400;\">Pr\u00edtomn\u00ed poslanci:\u00a0\u00a0\u00a0\u00a0\u00a0\u00a0\u00a0\u00a0\u00a0\u00a0 Jana Baranov\u00e1, Michal Karkal\u00edk, Richard Kaz\u00edk, Bohu\u0161 Martinec, Jaroslav Pa\u013ea<\/p>\n<p style=\"font-weight: 400;\"><strong>Uznesenie \u010d. 7 \/ zo d\u0148a 24.02.2020<\/strong><\/p>\n<p style=\"font-weight: 400;\"><u>K\u00a0bodu 8. Spr\u00e1va o\u00a0v\u00fdsledkoch kontrolnej \u010dinnosti hlavnej kontrol\u00f3rky obce za december 2019 a\u00a0janu\u00e1r 2020<\/u><\/p>\n<p style=\"font-weight: 400;\">OZ obce Horn\u00e1 Mi\u010din\u00e1<\/p>\n<p style=\"font-weight: 400;\"><strong><em>berie na vedomie<\/em><\/strong><\/p>\n<p style=\"font-weight: 400;\">&#8211;\u00a0\u00a0\u00a0\u00a0\u00a0\u00a0\u00a0\u00a0\u00a0\u00a0Spr\u00e1vu o\u00a0v\u00fdsledkoch kontrolnej \u010dinnosti hlavnej kontrol\u00f3rky obce za december 2019 a\u00a0janu\u00e1r 2020<\/p>\n<p style=\"font-weight: 400;\">\n<p style=\"font-weight: 400;\">Pr\u00edtomn\u00ed poslanci:\u00a0\u00a0\u00a0\u00a0\u00a0\u00a0\u00a0\u00a0\u00a0\u00a0 Jana Baranov\u00e1, Michal Karkal\u00edk, Richard Kaz\u00edk, Bohu\u0161 Martinec, Jaroslav Pa\u013ea<\/p>\n<p style=\"font-weight: 400;\">\n<p style=\"font-weight: 400;\"><strong>Uznesenie \u010d. 8 \/ zo d\u0148a 24.02.2020<\/strong><\/p>\n<p style=\"font-weight: 400;\"><u>K\u00a0bodu 9. Schv\u00e1lenie \u017eiadosti na delimit\u00e1ciu pozemkov vo vlastn\u00edctve SR E-KN 225\/14, 313, 225\/9, 1109\/2, 1148\/1, 1150 a\u00a0C-KN 680\/1, ktor\u00e9 bud\u00fa pre verejnoprospe\u0161n\u00e9 stavby<\/u><\/p>\n<p style=\"font-weight: 400;\">OZ obce Horn\u00e1 Mi\u010din\u00e1<\/p>\n<p style=\"font-weight: 400;\"><strong><em>schva\u013euje<\/em><\/strong><\/p>\n<p style=\"font-weight: 400;\">&#8211;\u00a0\u00a0\u00a0\u00a0\u00a0\u00a0\u00a0\u00a0\u00a0\u00a0\u017diados\u0165 na delimit\u00e1ciu pozemkov vo vlastn\u00edctve SR, ktor\u00e9 bud\u00fa pre verejnoprospe\u0161n\u00e9 stavby<\/p>\n<p style=\"font-weight: 400;\">\n<p style=\"font-weight: 400;\">Pr\u00edtomn\u00ed poslanci:\u00a0\u00a0\u00a0\u00a0\u00a0\u00a0\u00a0\u00a0\u00a0\u00a0 Jana Baranov\u00e1, Michal Karkal\u00edk, Richard Kaz\u00edk, Bohu\u0161 Martinec, Jaroslav Pa\u013ea<\/p>\n<p style=\"font-weight: 400;\">Hlasovali\u00a0\u00a0\u00a0\u00a0\u00a0\u00a0\u00a0\u00a0\u00a0\u00a0\u00a0\u00a0\u00a0 za: (5)\u00a0\u00a0 Jana Baranov\u00e1, Michal Karkal\u00edk, Richard Kaz\u00edk, Bohu\u0161 Martinec, Jaroslav Pa\u013ea<\/p>\n<p style=\"font-weight: 400;\">\u00a0\u00a0\u00a0\u00a0\u00a0\u00a0\u00a0\u00a0\u00a0\u00a0\u00a0\u00a0\u00a0\u00a0\u00a0\u00a0\u00a0\u00a0\u00a0\u00a0\u00a0\u00a0\u00a0\u00a0\u00a0\u00a0\u00a0\u00a0\u00a0\u00a0 proti: (0)<\/p>\n<p style=\"font-weight: 400;\">\u00a0\u00a0\u00a0\u00a0\u00a0\u00a0\u00a0\u00a0\u00a0\u00a0\u00a0\u00a0\u00a0\u00a0\u00a0\u00a0\u00a0\u00a0\u00a0\u00a0\u00a0\u00a0\u00a0\u00a0\u00a0\u00a0\u00a0\u00a0\u00a0\u00a0 zdr\u017eali sa: (0)<\/p>\n<p style=\"font-weight: 400;\"><strong>\u00a0<\/strong><\/p>\n<p style=\"font-weight: 400;\"><strong>Uznesenie \u010d. 9 \/ zo d\u0148a 24.02.2020<\/strong><\/p>\n<p style=\"font-weight: 400;\"><u>K\u00a0bodu 10. R\u00f4zne<\/u><\/p>\n<p style=\"font-weight: 400;\">OZ obce Horn\u00e1 Mi\u010din\u00e1<\/p>\n<p style=\"font-weight: 400;\"><strong><em>berie na vedomie<\/em><\/strong><\/p>\n<p style=\"font-weight: 400;\">&#8211;\u00a0\u00a0\u00a0\u00a0\u00a0\u00a0\u00a0\u00a0\u00a0\u00a0inform\u00e1ciu o\u00a0pl\u00e1novan\u00fdch rekon\u0161trukci\u00e1ch v\u00a0obci<\/p>\n<p style=\"font-weight: 400;\">&#8211;\u00a0\u00a0\u00a0\u00a0\u00a0\u00a0\u00a0\u00a0\u00a0\u00a0Spr\u00e1vu o\u00a0\u010dinnosti Denn\u00e9ho centra obce Horn\u00e1 Mi\u010din\u00e1 za rok 2019<\/p>\n<p style=\"font-weight: 400;\">&#8211;\u00a0\u00a0\u00a0\u00a0\u00a0\u00a0\u00a0\u00a0\u00a0\u00a0ukon\u010denie poskytnutia ubytovania dotknut\u00fdm osob\u00e1m v\u00a0budove obecn\u00e9ho \u00faradu\u00a0<strong>k\u00a031.03.2020<\/strong><\/p>\n<p style=\"font-weight: 400;\"><strong><em>\u00a0<\/em><\/strong><\/p>\n<p style=\"font-weight: 400;\"><strong><em>doporu\u010duje starostovi obce<\/em><\/strong><\/p>\n<p style=\"font-weight: 400;\">&#8211;\u00a0\u00a0\u00a0\u00a0\u00a0\u00a0\u00a0\u00a0\u00a0\u00a0zvol\u00e1va\u0165 mesa\u010dn\u00e9 porady oh\u013eadom aktu\u00e1lneho stavu hospod\u00e1renia obce (<strong>term\u00edn: mesa\u010dne<\/strong>)<\/p>\n<p style=\"font-weight: 400;\">&#8211;\u00a0\u00a0\u00a0\u00a0\u00a0\u00a0\u00a0\u00a0\u00a0\u00a0ukon\u010di\u0165 proces odstr\u00e1nenia zmrzlinov\u00e9ho st\u00e1nku z\u00a0obecn\u00e9ho pozemku<\/p>\n<p style=\"font-weight: 400;\">\n<p style=\"font-weight: 400;\">Pr\u00edtomn\u00ed poslanci:\u00a0\u00a0\u00a0\u00a0\u00a0\u00a0\u00a0\u00a0\u00a0\u00a0 Jana Baranov\u00e1, Michal Karkal\u00edk, Jaroslav Pa\u013ea<\/p>\n<p style=\"font-weight: 400;\"><strong>\u00a0<\/strong><\/p>\n<p style=\"font-weight: 400;\"><strong>\u00a0<\/strong><\/p>\n<p style=\"font-weight: 400;\"><strong>\u00a0<\/strong><\/p>\n<p style=\"font-weight: 400;\"><strong>Uznesenie \u010d. 10 \/ zo d\u0148a 24.02.2020<\/strong><\/p>\n<p style=\"font-weight: 400;\"><u>K\u00a0bodu 11. Diskusia<\/u><\/p>\n<p style=\"font-weight: 400;\"><strong><em>Diskusia prebehla v\u00a0r\u00e1mci rokovania zastupite\u013estva k\u00a0jednotliv\u00fdm bodom a\u00a0inform\u00e1ci\u00e1m\u00a0\u00a0\u00a0\u00a0\u00a0\u00a0\u00a0\u00a0\u00a0\u00a0\u00a0\u00a0\u00a0\u00a0\u00a0<\/em><\/strong><\/p>\n<p style=\"font-weight: 400;\"><u>\u00a0<\/u><\/p>\n<p style=\"font-weight: 400;\"><u>K\u00a0bodu 12. N\u00e1vrh uznesen\u00ed<\/u><\/p>\n<p style=\"font-weight: 400;\">Uznesenia OZ boli schv\u00e1len\u00e9.<\/p>\n<p style=\"font-weight: 400;\"><u>\u00a0<\/u><\/p>\n<p style=\"font-weight: 400;\"><u>K\u00a0bodu 13. Z\u00e1ver<\/u><\/p>\n<p style=\"font-weight: 400;\">Starosta ukon\u010dil zasadnutie obecn\u00e9ho zastupite\u013estva.<\/p>\n<p style=\"font-weight: 400;\">\n<p style=\"font-weight: 400;\">Zapisovate\u013e: \u00a0\u00a0\u00a0\u00a0\u00a0 Michal Karkal\u00edk<\/p>\n<p style=\"font-weight: 400;\">Overovatelia: \u00a0\u00a0 Jana Baranov\u00e1 a\u00a0Bohu\u0161 Martinec<\/p>\n<p style=\"font-weight: 400;\">Starosta: \u00a0\u00a0\u00a0\u00a0\u00a0\u00a0\u00a0\u00a0\u00a0\u00a0\u00a0 Ivan Len\u00e1r<\/p>\n","protected":false},"excerpt":{"rendered":"UZNESENIA zo zasadnutia obecn\u00e9ho zastupite\u013estva (\u010falej len OZ) obce Horn\u00e1 Mi\u010din\u00e1 konan\u00e9ho d\u0148a [&hellip;]","protected":false},"author":1,"featured_media":390,"comment_status":"closed","ping_status":"open","sticky":false,"template":"","format":"aside","meta":{"advanced_seo_description":"","jetpack_seo_html_title":"","jetpack_seo_noindex":false,"_jetpack_memberships_contains_paid_content":false,"footnotes":""},"categories":[391],"tags":[],"class_list":["post-1780","post","type-post","status-publish","format-aside","has-post-thumbnail","hentry","category-uznesenia","post_format-post-format-aside"],"jetpack_featured_media_url":"https:\/\/i0.wp.com\/www.hornamicina.eu\/web\/wp-content\/uploads\/2017\/07\/uznesenia.jpg?fit=530%2C530&ssl=1","jetpack_sharing_enabled":true,"jetpack_shortlink":"https:\/\/wp.me\/p8RsFw-sI","jetpack-related-posts":[{"id":1992,"url":"https:\/\/www.hornamicina.eu\/web\/uznesenia-z-2020-05-20\/","url_meta":{"origin":1780,"position":0},"title":"Uznesenia zo d\u0148a 20.5.2020","author":"admin","date":"26. m\u00e1ja 2020","format":"aside","excerpt":"UZNESENIA zo zasadnutia obecn\u00e9ho zastupite\u013estva (\u010falej len OZ) obce Horn\u00e1 Mi\u010din\u00e1 konan\u00e9ho d\u0148a 20.05.2020 Uznesenie \u010d. 1 \/ zo d\u0148a 20.05.2020 K bodu 2. Program obecn\u00e9ho zastupite\u013estva OZ obce Horn\u00e1 Mi\u010din\u00e1 schva\u013euje: - Program obecn\u00e9ho zastupite\u013estva Pr\u00edtomn\u00ed poslanci: Jana Baranov\u00e1, Michal Karkal\u00edk, Richard Kaz\u00edk, Bohu\u0161 Martinec, Jaroslav Pa\u013ea Hlasovali za:\u2026","rel":"","context":"V &quot;Uznesenia&quot;","block_context":{"text":"Uznesenia","link":"https:\/\/www.hornamicina.eu\/web\/category\/uznesenia\/"},"img":{"alt_text":"Logo obce a dokumenty","src":"https:\/\/i0.wp.com\/www.hornamicina.eu\/web\/wp-content\/uploads\/2017\/07\/uznesenia.jpg?fit=530%2C530&ssl=1&resize=350%2C200","width":350,"height":200,"srcset":"https:\/\/i0.wp.com\/www.hornamicina.eu\/web\/wp-content\/uploads\/2017\/07\/uznesenia.jpg?fit=530%2C530&ssl=1&resize=350%2C200 1x, https:\/\/i0.wp.com\/www.hornamicina.eu\/web\/wp-content\/uploads\/2017\/07\/uznesenia.jpg?fit=530%2C530&ssl=1&resize=525%2C300 1.5x"},"classes":[]},{"id":1620,"url":"https:\/\/www.hornamicina.eu\/web\/uznesenia-z-2019-10-21\/","url_meta":{"origin":1780,"position":1},"title":"Uznesenia z 21.10.2019","author":"admin","date":"28. okt\u00f3bra 2019","format":"aside","excerpt":"UZNESENIA zo zasadnutia obecn\u00e9ho zastupite\u013estva (\u010falej len OZ) obce Horn\u00e1 Mi\u010din\u00e1 konan\u00e9ho d\u0148a 21.10.2019 Uznesenie \u010d. 1 \/ zo d\u0148a 21.10.2019 K\u00a0bodu 2. Program obecn\u00e9ho zastupite\u013estva OZ obce Horn\u00e1 Mi\u010din\u00e1 schva\u013euje -\u00a0\u00a0\u00a0\u00a0\u00a0\u00a0\u00a0\u00a0\u00a0\u00a0Program obecn\u00e9ho zastupite\u013estva Pr\u00edtomn\u00ed poslanci: \u00a0\u00a0\u00a0\u00a0\u00a0\u00a0\u00a0\u00a0\u00a0 Jana Baranov\u00e1, Michal Karkal\u00edk, Richard Kaz\u00edk, Bohu\u0161 Martinec, Jaroslav Pa\u013ea Hlasovali\u00a0\u00a0\u00a0\u00a0\u00a0\u00a0\u00a0\u00a0\u00a0\u00a0\u00a0\u00a0\u00a0 za: (5)\u2026","rel":"","context":"V &quot;Uznesenia&quot;","block_context":{"text":"Uznesenia","link":"https:\/\/www.hornamicina.eu\/web\/category\/uznesenia\/"},"img":{"alt_text":"Logo obce a dokumenty","src":"https:\/\/i0.wp.com\/www.hornamicina.eu\/web\/wp-content\/uploads\/2017\/07\/uznesenia.jpg?fit=530%2C530&ssl=1&resize=350%2C200","width":350,"height":200,"srcset":"https:\/\/i0.wp.com\/www.hornamicina.eu\/web\/wp-content\/uploads\/2017\/07\/uznesenia.jpg?fit=530%2C530&ssl=1&resize=350%2C200 1x, https:\/\/i0.wp.com\/www.hornamicina.eu\/web\/wp-content\/uploads\/2017\/07\/uznesenia.jpg?fit=530%2C530&ssl=1&resize=525%2C300 1.5x"},"classes":[]},{"id":1545,"url":"https:\/\/www.hornamicina.eu\/web\/uznesenie-z-2019-07-22\/","url_meta":{"origin":1780,"position":2},"title":"Uznesenie z 22.7.2019","author":"admin","date":"2. augusta 2019","format":"aside","excerpt":"UZNESENIA zo zasadnutia obecn\u00e9ho zastupite\u013estva (\u010falej len OZ) obce Horn\u00e1 Mi\u010din\u00e1 konan\u00e9ho d\u0148a 22.07.2019 Uznesenie \u010d. 1 \/ zo d\u0148a 22.07.2019 K\u00a0bodu 2. Program obecn\u00e9ho zastupite\u013estva OZ obce Horn\u00e1 Mi\u010din\u00e1 schva\u013euje -\u00a0\u00a0\u00a0\u00a0\u00a0\u00a0\u00a0\u00a0\u00a0\u00a0Program obecn\u00e9ho zastupite\u013estva Pr\u00edtomn\u00ed poslanci: \u00a0\u00a0\u00a0\u00a0\u00a0\u00a0\u00a0\u00a0\u00a0 Jana Baranov\u00e1, Michal Karkal\u00edk, Richard Kaz\u00edk, Bohu\u0161 Martinec, Jaroslav Pa\u013ea Hlasovali\u00a0\u00a0\u00a0\u00a0\u00a0\u00a0\u00a0\u00a0\u00a0\u00a0\u00a0\u00a0\u00a0 za: (5)\u2026","rel":"","context":"V &quot;Uznesenia&quot;","block_context":{"text":"Uznesenia","link":"https:\/\/www.hornamicina.eu\/web\/category\/uznesenia\/"},"img":{"alt_text":"Logo obce a dokumenty","src":"https:\/\/i0.wp.com\/www.hornamicina.eu\/web\/wp-content\/uploads\/2017\/07\/uznesenia.jpg?fit=530%2C530&ssl=1&resize=350%2C200","width":350,"height":200,"srcset":"https:\/\/i0.wp.com\/www.hornamicina.eu\/web\/wp-content\/uploads\/2017\/07\/uznesenia.jpg?fit=530%2C530&ssl=1&resize=350%2C200 1x, https:\/\/i0.wp.com\/www.hornamicina.eu\/web\/wp-content\/uploads\/2017\/07\/uznesenia.jpg?fit=530%2C530&ssl=1&resize=525%2C300 1.5x"},"classes":[]},{"id":2064,"url":"https:\/\/www.hornamicina.eu\/web\/uznesenia-z-2020-08-13\/","url_meta":{"origin":1780,"position":3},"title":"Uznesenia zo d\u0148a 13.8.2020","author":"admin","date":"7. septembra 2020","format":"aside","excerpt":"UZNESENIA zo zasadnutia obecn\u00e9ho zastupite\u013estva (\u010falej len OZ) obce Horn\u00e1 Mi\u010din\u00e1 konan\u00e9ho d\u0148a 13.8.2020 Uznesenie \u010d. 1 \/ zo d\u0148a 13.08.2020 K bodu 2. Program obecn\u00e9ho zastupite\u013estva - OZ obce Horn\u00e1 Mi\u010din\u00e1 schva\u013euje: - Program obecn\u00e9ho zastupite\u013estva doplnen\u00fd o bod 11. Pr\u00edtomn\u00ed poslanci: Jana Baranov\u00e1, Michal Karkal\u00edk, Richard Kaz\u00edk, Bohu\u0161\u2026","rel":"","context":"V &quot;Uznesenia&quot;","block_context":{"text":"Uznesenia","link":"https:\/\/www.hornamicina.eu\/web\/category\/uznesenia\/"},"img":{"alt_text":"Logo obce a dokumenty","src":"https:\/\/i0.wp.com\/www.hornamicina.eu\/web\/wp-content\/uploads\/2017\/07\/uznesenia.jpg?fit=530%2C530&ssl=1&resize=350%2C200","width":350,"height":200,"srcset":"https:\/\/i0.wp.com\/www.hornamicina.eu\/web\/wp-content\/uploads\/2017\/07\/uznesenia.jpg?fit=530%2C530&ssl=1&resize=350%2C200 1x, https:\/\/i0.wp.com\/www.hornamicina.eu\/web\/wp-content\/uploads\/2017\/07\/uznesenia.jpg?fit=530%2C530&ssl=1&resize=525%2C300 1.5x"},"classes":[]},{"id":2261,"url":"https:\/\/www.hornamicina.eu\/web\/uznesenia-z-2020-12-14\/","url_meta":{"origin":1780,"position":4},"title":"Uznesenia zo d\u0148a 14.12.2020","author":"admin","date":"16. decembra 2020","format":"aside","excerpt":"UZNESENIA zo zasadnutia obecn\u00e9ho zastupite\u013estva (\u010falej len OZ) obce Horn\u00e1 Mi\u010din\u00e1 konan\u00e9ho d\u0148a 14.12.2020 Pr\u00edtomn\u00ed poslanci: Jana Baranov\u00e1, Michal karkal\u00edk, Richard Kaz\u00edk, Bohu\u0161 Martinec Nepr\u00edtomn\u00ed poslanci: Jaroslav Pa\u013ea Zapisovate\u013e: Michal Karkal\u00edk \u010clenovia n\u00e1vrhovej komisie: Jana Baranov\u00e1 a Bohu\u0161 Martinec Overovate\u013e: Richard Kaz\u00edk Starosta: Ivan Len\u00e1r Uznesenia s\u00fa v prilo\u017eenom s\u00fabore:\u2026","rel":"","context":"V &quot;Uznesenia&quot;","block_context":{"text":"Uznesenia","link":"https:\/\/www.hornamicina.eu\/web\/category\/uznesenia\/"},"img":{"alt_text":"Logo obce a dokumenty","src":"https:\/\/i0.wp.com\/www.hornamicina.eu\/web\/wp-content\/uploads\/2017\/07\/uznesenia.jpg?fit=530%2C530&ssl=1&resize=350%2C200","width":350,"height":200,"srcset":"https:\/\/i0.wp.com\/www.hornamicina.eu\/web\/wp-content\/uploads\/2017\/07\/uznesenia.jpg?fit=530%2C530&ssl=1&resize=350%2C200 1x, https:\/\/i0.wp.com\/www.hornamicina.eu\/web\/wp-content\/uploads\/2017\/07\/uznesenia.jpg?fit=530%2C530&ssl=1&resize=525%2C300 1.5x"},"classes":[]},{"id":3017,"url":"https:\/\/www.hornamicina.eu\/web\/uznesenia-z-2022-03-30\/","url_meta":{"origin":1780,"position":5},"title":"Uznesenia zo d\u0148a 30.3.2022","author":"admin","date":"7. apr\u00edla 2022","format":"aside","excerpt":"Obecn\u00fd \u00farad Horn\u00e1 Mi\u010din\u00e1 Obecn\u00e9 zastupite\u013estvo UZNESENIA zo zasadnutia obecn\u00e9ho zastupite\u013estva (\u010falej len OZ) obce Horn\u00e1 Mi\u010din\u00e1 konan\u00e9ho d\u0148a 30.03.2022 v budove obecn\u00e9ho \u00faradu Horn\u00e1 Mi\u010din\u00e1 o 18:00 hod. PR\u00cdTOMN\u00cd: Starosta obce: Ivan Len\u00e1r Poslanci OZ: Jana Baranov\u00e1, Michal Karkal\u00edk, Richard Kaz\u00edk, Bohu\u0161 Martinec NEPR\u00cdTOMN\u00cd: Poslanci OZ: Jaroslav Pa\u013ea Uznesenie\u2026","rel":"","context":"V &quot;Uznesenia&quot;","block_context":{"text":"Uznesenia","link":"https:\/\/www.hornamicina.eu\/web\/category\/uznesenia\/"},"img":{"alt_text":"Logo obce a dokumenty","src":"https:\/\/i0.wp.com\/www.hornamicina.eu\/web\/wp-content\/uploads\/2017\/07\/uznesenia.jpg?fit=530%2C530&ssl=1&resize=350%2C200","width":350,"height":200,"srcset":"https:\/\/i0.wp.com\/www.hornamicina.eu\/web\/wp-content\/uploads\/2017\/07\/uznesenia.jpg?fit=530%2C530&ssl=1&resize=350%2C200 1x, https:\/\/i0.wp.com\/www.hornamicina.eu\/web\/wp-content\/uploads\/2017\/07\/uznesenia.jpg?fit=530%2C530&ssl=1&resize=525%2C300 1.5x"},"classes":[]}],"jetpack_likes_enabled":true,"_links":{"self":[{"href":"https:\/\/www.hornamicina.eu\/web\/wp-json\/wp\/v2\/posts\/1780","targetHints":{"allow":["GET"]}}],"collection":[{"href":"https:\/\/www.hornamicina.eu\/web\/wp-json\/wp\/v2\/posts"}],"about":[{"href":"https:\/\/www.hornamicina.eu\/web\/wp-json\/wp\/v2\/types\/post"}],"author":[{"embeddable":true,"href":"https:\/\/www.hornamicina.eu\/web\/wp-json\/wp\/v2\/users\/1"}],"replies":[{"embeddable":true,"href":"https:\/\/www.hornamicina.eu\/web\/wp-json\/wp\/v2\/comments?post=1780"}],"version-history":[{"count":0,"href":"https:\/\/www.hornamicina.eu\/web\/wp-json\/wp\/v2\/posts\/1780\/revisions"}],"wp:featuredmedia":[{"embeddable":true,"href":"https:\/\/www.hornamicina.eu\/web\/wp-json\/wp\/v2\/media\/390"}],"wp:attachment":[{"href":"https:\/\/www.hornamicina.eu\/web\/wp-json\/wp\/v2\/media?parent=1780"}],"wp:term":[{"taxonomy":"category","embeddable":true,"href":"https:\/\/www.hornamicina.eu\/web\/wp-json\/wp\/v2\/categories?post=1780"},{"taxonomy":"post_tag","embeddable":true,"href":"https:\/\/www.hornamicina.eu\/web\/wp-json\/wp\/v2\/tags?post=1780"}],"curies":[{"name":"wp","href":"https:\/\/api.w.org\/{rel}","templated":true}]}}