{"id":1707,"date":"2019-12-02T11:38:56","date_gmt":"2019-12-02T10:38:56","guid":{"rendered":"https:\/\/www.hornamicina.eu\/web\/?p=1707"},"modified":"2019-12-09T14:51:11","modified_gmt":"2019-12-09T13:51:11","slug":"adventny-koncert-spevackeho-suboru-hron","status":"publish","type":"post","link":"https:\/\/www.hornamicina.eu\/web\/adventny-koncert-spevackeho-suboru-hron\/","title":{"rendered":"Adventn\u00fd koncert spev\u00e1ckeho s\u00faboru Hron"},"content":{"rendered":"<p>Spev\u00e1cky s\u00fabor Hron a obec Horn\u00e1 Mi\u010din\u00e1 V\u00e1s poz\u00fdvaj\u00fa na<\/p>\n<p><span style=\"font-size: 24pt;\"><strong>Adventn\u00fd koncert<\/strong><\/span><\/p>\n<p>pod taktovkou Petra Bibza, <strong>7.12.2019 o 16:00<\/strong> v Evanjelickom kostole na Hornej Mi\u010dinej.<\/p>\n<p><a href=\"https:\/\/i0.wp.com\/www.hornamicina.eu\/web\/wp-content\/uploads\/2019\/12\/hron.png?ssl=1\" target=\"_blank\" rel=\"noopener\"><img data-recalc-dims=\"1\" loading=\"lazy\" decoding=\"async\" data-attachment-id=\"1708\" data-permalink=\"https:\/\/www.hornamicina.eu\/web\/adventny-koncert-spevackeho-suboru-hron\/hron\/\" data-orig-file=\"https:\/\/i0.wp.com\/www.hornamicina.eu\/web\/wp-content\/uploads\/2019\/12\/hron.png?fit=1068%2C1503&amp;ssl=1\" data-orig-size=\"1068,1503\" data-comments-opened=\"0\" data-image-meta=\"{&quot;aperture&quot;:&quot;0&quot;,&quot;credit&quot;:&quot;&quot;,&quot;camera&quot;:&quot;&quot;,&quot;caption&quot;:&quot;&quot;,&quot;created_timestamp&quot;:&quot;0&quot;,&quot;copyright&quot;:&quot;&quot;,&quot;focal_length&quot;:&quot;0&quot;,&quot;iso&quot;:&quot;0&quot;,&quot;shutter_speed&quot;:&quot;0&quot;,&quot;title&quot;:&quot;&quot;,&quot;orientation&quot;:&quot;0&quot;}\" data-image-title=\"hron\" data-image-description=\"\" data-image-caption=\"\" data-large-file=\"https:\/\/i0.wp.com\/www.hornamicina.eu\/web\/wp-content\/uploads\/2019\/12\/hron.png?fit=728%2C1024&amp;ssl=1\" class=\"alignnone wp-image-1708 size-large\" src=\"https:\/\/i0.wp.com\/www.hornamicina.eu\/web\/wp-content\/uploads\/2019\/12\/hron.png?resize=728%2C1024&#038;ssl=1\" alt=\"\" width=\"728\" height=\"1024\" srcset=\"https:\/\/i0.wp.com\/www.hornamicina.eu\/web\/wp-content\/uploads\/2019\/12\/hron.png?resize=728%2C1024&amp;ssl=1 728w, https:\/\/i0.wp.com\/www.hornamicina.eu\/web\/wp-content\/uploads\/2019\/12\/hron.png?resize=213%2C300&amp;ssl=1 213w, https:\/\/i0.wp.com\/www.hornamicina.eu\/web\/wp-content\/uploads\/2019\/12\/hron.png?resize=768%2C1081&amp;ssl=1 768w, https:\/\/i0.wp.com\/www.hornamicina.eu\/web\/wp-content\/uploads\/2019\/12\/hron.png?resize=720%2C1013&amp;ssl=1 720w, https:\/\/i0.wp.com\/www.hornamicina.eu\/web\/wp-content\/uploads\/2019\/12\/hron.png?w=1068&amp;ssl=1 1068w\" sizes=\"auto, (max-width: 728px) 100vw, 728px\" \/><\/a><\/p>\n<p>Fotky z vyst\u00fapenia:<\/p>\n<p><a href=\"https:\/\/i0.wp.com\/www.hornamicina.eu\/web\/wp-content\/uploads\/2019\/12\/20191207_180046-min.jpg?ssl=1\"><img data-recalc-dims=\"1\" loading=\"lazy\" decoding=\"async\" data-attachment-id=\"1724\" data-permalink=\"https:\/\/www.hornamicina.eu\/web\/adventny-koncert-spevackeho-suboru-hron\/20191207_180046-min\/\" data-orig-file=\"https:\/\/i0.wp.com\/www.hornamicina.eu\/web\/wp-content\/uploads\/2019\/12\/20191207_180046-min.jpg?fit=3476%2C2107&amp;ssl=1\" data-orig-size=\"3476,2107\" data-comments-opened=\"0\" data-image-meta=\"{&quot;aperture&quot;:&quot;0&quot;,&quot;credit&quot;:&quot;&quot;,&quot;camera&quot;:&quot;&quot;,&quot;caption&quot;:&quot;&quot;,&quot;created_timestamp&quot;:&quot;0&quot;,&quot;copyright&quot;:&quot;&quot;,&quot;focal_length&quot;:&quot;0&quot;,&quot;iso&quot;:&quot;0&quot;,&quot;shutter_speed&quot;:&quot;0&quot;,&quot;title&quot;:&quot;&quot;,&quot;orientation&quot;:&quot;0&quot;}\" data-image-title=\"20191207_180046-min\" data-image-description=\"\" data-image-caption=\"\" data-large-file=\"https:\/\/i0.wp.com\/www.hornamicina.eu\/web\/wp-content\/uploads\/2019\/12\/20191207_180046-min.jpg?fit=770%2C467&amp;ssl=1\" class=\"alignnone size-medium wp-image-1724\" src=\"https:\/\/i0.wp.com\/www.hornamicina.eu\/web\/wp-content\/uploads\/2019\/12\/20191207_180046-min.jpg?resize=300%2C182&#038;ssl=1\" alt=\"\" width=\"300\" height=\"182\" srcset=\"https:\/\/i0.wp.com\/www.hornamicina.eu\/web\/wp-content\/uploads\/2019\/12\/20191207_180046-min.jpg?resize=300%2C182&amp;ssl=1 300w, https:\/\/i0.wp.com\/www.hornamicina.eu\/web\/wp-content\/uploads\/2019\/12\/20191207_180046-min.jpg?resize=768%2C466&amp;ssl=1 768w, https:\/\/i0.wp.com\/www.hornamicina.eu\/web\/wp-content\/uploads\/2019\/12\/20191207_180046-min.jpg?resize=1024%2C621&amp;ssl=1 1024w, https:\/\/i0.wp.com\/www.hornamicina.eu\/web\/wp-content\/uploads\/2019\/12\/20191207_180046-min.jpg?resize=720%2C436&amp;ssl=1 720w, https:\/\/i0.wp.com\/www.hornamicina.eu\/web\/wp-content\/uploads\/2019\/12\/20191207_180046-min.jpg?resize=1320%2C800&amp;ssl=1 1320w, https:\/\/i0.wp.com\/www.hornamicina.eu\/web\/wp-content\/uploads\/2019\/12\/20191207_180046-min.jpg?w=1540&amp;ssl=1 1540w, https:\/\/i0.wp.com\/www.hornamicina.eu\/web\/wp-content\/uploads\/2019\/12\/20191207_180046-min.jpg?w=2310&amp;ssl=1 2310w\" sizes=\"auto, (max-width: 300px) 100vw, 300px\" \/><\/a> <a href=\"https:\/\/i0.wp.com\/www.hornamicina.eu\/web\/wp-content\/uploads\/2019\/12\/20191207_162424-min.jpg?ssl=1\"><img data-recalc-dims=\"1\" loading=\"lazy\" decoding=\"async\" data-attachment-id=\"1725\" data-permalink=\"https:\/\/www.hornamicina.eu\/web\/adventny-koncert-spevackeho-suboru-hron\/20191207_162424-min\/\" data-orig-file=\"https:\/\/i0.wp.com\/www.hornamicina.eu\/web\/wp-content\/uploads\/2019\/12\/20191207_162424-min.jpg?fit=4128%2C3096&amp;ssl=1\" data-orig-size=\"4128,3096\" data-comments-opened=\"0\" data-image-meta=\"{&quot;aperture&quot;:&quot;0&quot;,&quot;credit&quot;:&quot;&quot;,&quot;camera&quot;:&quot;&quot;,&quot;caption&quot;:&quot;&quot;,&quot;created_timestamp&quot;:&quot;0&quot;,&quot;copyright&quot;:&quot;&quot;,&quot;focal_length&quot;:&quot;0&quot;,&quot;iso&quot;:&quot;0&quot;,&quot;shutter_speed&quot;:&quot;0&quot;,&quot;title&quot;:&quot;&quot;,&quot;orientation&quot;:&quot;0&quot;}\" data-image-title=\"20191207_162424-min\" data-image-description=\"\" data-image-caption=\"\" data-large-file=\"https:\/\/i0.wp.com\/www.hornamicina.eu\/web\/wp-content\/uploads\/2019\/12\/20191207_162424-min.jpg?fit=770%2C578&amp;ssl=1\" class=\"alignnone size-medium wp-image-1725\" src=\"https:\/\/i0.wp.com\/www.hornamicina.eu\/web\/wp-content\/uploads\/2019\/12\/20191207_162424-min.jpg?resize=300%2C225&#038;ssl=1\" alt=\"\" width=\"300\" height=\"225\" srcset=\"https:\/\/i0.wp.com\/www.hornamicina.eu\/web\/wp-content\/uploads\/2019\/12\/20191207_162424-min.jpg?resize=300%2C225&amp;ssl=1 300w, https:\/\/i0.wp.com\/www.hornamicina.eu\/web\/wp-content\/uploads\/2019\/12\/20191207_162424-min.jpg?resize=768%2C576&amp;ssl=1 768w, https:\/\/i0.wp.com\/www.hornamicina.eu\/web\/wp-content\/uploads\/2019\/12\/20191207_162424-min.jpg?resize=1024%2C768&amp;ssl=1 1024w, https:\/\/i0.wp.com\/www.hornamicina.eu\/web\/wp-content\/uploads\/2019\/12\/20191207_162424-min.jpg?resize=720%2C540&amp;ssl=1 720w, https:\/\/i0.wp.com\/www.hornamicina.eu\/web\/wp-content\/uploads\/2019\/12\/20191207_162424-min.jpg?resize=1320%2C990&amp;ssl=1 1320w, https:\/\/i0.wp.com\/www.hornamicina.eu\/web\/wp-content\/uploads\/2019\/12\/20191207_162424-min.jpg?w=1540&amp;ssl=1 1540w, https:\/\/i0.wp.com\/www.hornamicina.eu\/web\/wp-content\/uploads\/2019\/12\/20191207_162424-min.jpg?w=2310&amp;ssl=1 2310w\" sizes=\"auto, (max-width: 300px) 100vw, 300px\" \/><\/a> <a href=\"https:\/\/i0.wp.com\/www.hornamicina.eu\/web\/wp-content\/uploads\/2019\/12\/20191207_162531-min.jpg?ssl=1\"><img data-recalc-dims=\"1\" loading=\"lazy\" decoding=\"async\" data-attachment-id=\"1726\" data-permalink=\"https:\/\/www.hornamicina.eu\/web\/adventny-koncert-spevackeho-suboru-hron\/20191207_162531-min\/\" data-orig-file=\"https:\/\/i0.wp.com\/www.hornamicina.eu\/web\/wp-content\/uploads\/2019\/12\/20191207_162531-min.jpg?fit=4128%2C3096&amp;ssl=1\" data-orig-size=\"4128,3096\" data-comments-opened=\"0\" data-image-meta=\"{&quot;aperture&quot;:&quot;0&quot;,&quot;credit&quot;:&quot;&quot;,&quot;camera&quot;:&quot;&quot;,&quot;caption&quot;:&quot;&quot;,&quot;created_timestamp&quot;:&quot;0&quot;,&quot;copyright&quot;:&quot;&quot;,&quot;focal_length&quot;:&quot;0&quot;,&quot;iso&quot;:&quot;0&quot;,&quot;shutter_speed&quot;:&quot;0&quot;,&quot;title&quot;:&quot;&quot;,&quot;orientation&quot;:&quot;0&quot;}\" data-image-title=\"20191207_162531-min\" data-image-description=\"\" data-image-caption=\"\" data-large-file=\"https:\/\/i0.wp.com\/www.hornamicina.eu\/web\/wp-content\/uploads\/2019\/12\/20191207_162531-min.jpg?fit=770%2C578&amp;ssl=1\" class=\"alignnone size-medium wp-image-1726\" src=\"https:\/\/i0.wp.com\/www.hornamicina.eu\/web\/wp-content\/uploads\/2019\/12\/20191207_162531-min.jpg?resize=300%2C225&#038;ssl=1\" alt=\"\" width=\"300\" height=\"225\" srcset=\"https:\/\/i0.wp.com\/www.hornamicina.eu\/web\/wp-content\/uploads\/2019\/12\/20191207_162531-min.jpg?resize=300%2C225&amp;ssl=1 300w, https:\/\/i0.wp.com\/www.hornamicina.eu\/web\/wp-content\/uploads\/2019\/12\/20191207_162531-min.jpg?resize=768%2C576&amp;ssl=1 768w, https:\/\/i0.wp.com\/www.hornamicina.eu\/web\/wp-content\/uploads\/2019\/12\/20191207_162531-min.jpg?resize=1024%2C768&amp;ssl=1 1024w, https:\/\/i0.wp.com\/www.hornamicina.eu\/web\/wp-content\/uploads\/2019\/12\/20191207_162531-min.jpg?resize=720%2C540&amp;ssl=1 720w, https:\/\/i0.wp.com\/www.hornamicina.eu\/web\/wp-content\/uploads\/2019\/12\/20191207_162531-min.jpg?resize=1320%2C990&amp;ssl=1 1320w, https:\/\/i0.wp.com\/www.hornamicina.eu\/web\/wp-content\/uploads\/2019\/12\/20191207_162531-min.jpg?w=1540&amp;ssl=1 1540w, https:\/\/i0.wp.com\/www.hornamicina.eu\/web\/wp-content\/uploads\/2019\/12\/20191207_162531-min.jpg?w=2310&amp;ssl=1 2310w\" sizes=\"auto, (max-width: 300px) 100vw, 300px\" \/><\/a> <a href=\"https:\/\/i0.wp.com\/www.hornamicina.eu\/web\/wp-content\/uploads\/2019\/12\/20191207_175638-min.jpg?ssl=1\"><img data-recalc-dims=\"1\" loading=\"lazy\" decoding=\"async\" data-attachment-id=\"1727\" data-permalink=\"https:\/\/www.hornamicina.eu\/web\/adventny-koncert-spevackeho-suboru-hron\/20191207_175638-min\/\" data-orig-file=\"https:\/\/i0.wp.com\/www.hornamicina.eu\/web\/wp-content\/uploads\/2019\/12\/20191207_175638-min.jpg?fit=4096%2C2570&amp;ssl=1\" data-orig-size=\"4096,2570\" data-comments-opened=\"0\" data-image-meta=\"{&quot;aperture&quot;:&quot;0&quot;,&quot;credit&quot;:&quot;&quot;,&quot;camera&quot;:&quot;&quot;,&quot;caption&quot;:&quot;&quot;,&quot;created_timestamp&quot;:&quot;0&quot;,&quot;copyright&quot;:&quot;&quot;,&quot;focal_length&quot;:&quot;0&quot;,&quot;iso&quot;:&quot;0&quot;,&quot;shutter_speed&quot;:&quot;0&quot;,&quot;title&quot;:&quot;&quot;,&quot;orientation&quot;:&quot;0&quot;}\" data-image-title=\"20191207_175638-min\" data-image-description=\"\" data-image-caption=\"\" data-large-file=\"https:\/\/i0.wp.com\/www.hornamicina.eu\/web\/wp-content\/uploads\/2019\/12\/20191207_175638-min.jpg?fit=770%2C484&amp;ssl=1\" class=\"alignnone size-medium wp-image-1727\" src=\"https:\/\/i0.wp.com\/www.hornamicina.eu\/web\/wp-content\/uploads\/2019\/12\/20191207_175638-min.jpg?resize=300%2C188&#038;ssl=1\" alt=\"\" width=\"300\" height=\"188\" srcset=\"https:\/\/i0.wp.com\/www.hornamicina.eu\/web\/wp-content\/uploads\/2019\/12\/20191207_175638-min.jpg?resize=300%2C188&amp;ssl=1 300w, https:\/\/i0.wp.com\/www.hornamicina.eu\/web\/wp-content\/uploads\/2019\/12\/20191207_175638-min.jpg?resize=768%2C482&amp;ssl=1 768w, https:\/\/i0.wp.com\/www.hornamicina.eu\/web\/wp-content\/uploads\/2019\/12\/20191207_175638-min.jpg?resize=1024%2C643&amp;ssl=1 1024w, https:\/\/i0.wp.com\/www.hornamicina.eu\/web\/wp-content\/uploads\/2019\/12\/20191207_175638-min.jpg?resize=720%2C452&amp;ssl=1 720w, https:\/\/i0.wp.com\/www.hornamicina.eu\/web\/wp-content\/uploads\/2019\/12\/20191207_175638-min.jpg?resize=1320%2C828&amp;ssl=1 1320w, https:\/\/i0.wp.com\/www.hornamicina.eu\/web\/wp-content\/uploads\/2019\/12\/20191207_175638-min.jpg?w=1540&amp;ssl=1 1540w, https:\/\/i0.wp.com\/www.hornamicina.eu\/web\/wp-content\/uploads\/2019\/12\/20191207_175638-min.jpg?w=2310&amp;ssl=1 2310w\" sizes=\"auto, (max-width: 300px) 100vw, 300px\" \/><\/a><\/p>\n","protected":false},"excerpt":{"rendered":"Spev\u00e1cky s\u00fabor Hron a obec Horn\u00e1 Mi\u010din\u00e1 V\u00e1s poz\u00fdvaj\u00fa na Adventn\u00fd koncert pod [&hellip;]","protected":false},"author":1,"featured_media":1709,"comment_status":"closed","ping_status":"open","sticky":false,"template":"","format":"standard","meta":{"advanced_seo_description":"","jetpack_seo_html_title":"","jetpack_seo_noindex":false,"_jetpack_memberships_contains_paid_content":false,"footnotes":""},"categories":[7,8],"tags":[],"class_list":["post-1707","post","type-post","status-publish","format-standard","has-post-thumbnail","hentry","category-kultura","category-oznamy"],"jetpack_featured_media_url":"https:\/\/i0.wp.com\/www.hornamicina.eu\/web\/wp-content\/uploads\/2019\/12\/hronT.png?fit=1056%2C722&ssl=1","jetpack_sharing_enabled":true,"jetpack_shortlink":"https:\/\/wp.me\/p8RsFw-rx","jetpack-related-posts":[{"id":3319,"url":"https:\/\/www.hornamicina.eu\/web\/august-horislav-krcmery\/","url_meta":{"origin":1707,"position":0},"title":"August Horislav Kr\u010dm\u00e9ry &#8211; 200. v\u00fdro\u010die","author":"admin","date":"14. okt\u00f3bra 2022","format":false,"excerpt":"Obec Horn\u00e1 Mi\u010din\u00e1 v spolupr\u00e1ci s ev. a. v. cirkevn\u00fdm zborom, Matica slovensk\u00e1 a Odbo\u010dka Spolku slovensk\u00fdch spisovate\u013eov v Banskej Bystrici V\u00e1s poz\u00fdvaj\u00fa na spomienkov\u00fa sl\u00e1vnos\u0165 pri pr\u00edle\u017eitosti 200. narodenia rod\u00e1ka. 19. okt\u00f3bra 2022 (streda) Program: 16:00 Odhalenie pam\u00e4tnej tabule A. H. Kr\u010dm\u00e9rymu na ev. a. v. fare 16:30 Spomienkov\u00e1\u2026","rel":"","context":"V &quot;D\u00f4le\u017eit\u00e9&quot;","block_context":{"text":"D\u00f4le\u017eit\u00e9","link":"https:\/\/www.hornamicina.eu\/web\/category\/dolezite\/"},"img":{"alt_text":"","src":"https:\/\/i0.wp.com\/www.hornamicina.eu\/web\/wp-content\/uploads\/2022\/10\/Krcmery-titulka.jpg?fit=1200%2C785&ssl=1&resize=350%2C200","width":350,"height":200,"srcset":"https:\/\/i0.wp.com\/www.hornamicina.eu\/web\/wp-content\/uploads\/2022\/10\/Krcmery-titulka.jpg?fit=1200%2C785&ssl=1&resize=350%2C200 1x, https:\/\/i0.wp.com\/www.hornamicina.eu\/web\/wp-content\/uploads\/2022\/10\/Krcmery-titulka.jpg?fit=1200%2C785&ssl=1&resize=525%2C300 1.5x, https:\/\/i0.wp.com\/www.hornamicina.eu\/web\/wp-content\/uploads\/2022\/10\/Krcmery-titulka.jpg?fit=1200%2C785&ssl=1&resize=700%2C400 2x, https:\/\/i0.wp.com\/www.hornamicina.eu\/web\/wp-content\/uploads\/2022\/10\/Krcmery-titulka.jpg?fit=1200%2C785&ssl=1&resize=1050%2C600 3x"},"classes":[]},{"id":4062,"url":"https:\/\/www.hornamicina.eu\/web\/trojkralovy-koncert-spevokolu-hosana-6-1-2024\/","url_meta":{"origin":1707,"position":1},"title":"Trojkr\u00e1\u013eov\u00fd koncert spevokolu HOSANA &#8211; 6.1.2024","author":"admin","date":"4. janu\u00e1ra 2024","format":false,"excerpt":"Cirkevn\u00fd zbor ECAV Horn\u00e1 Mi\u010din\u00e1 V\u00e1s srde\u010dne poz\u00fdva na Trojkr\u00e1\u013eov\u00fd koncert spevokolu HOSANA d\u0148a 06.01.2024 o 15:00 v evanjelickom kostole v Hornej Mi\u010dinej","rel":"","context":"V &quot;Kult\u00fara&quot;","block_context":{"text":"Kult\u00fara","link":"https:\/\/www.hornamicina.eu\/web\/category\/kultura\/"},"img":{"alt_text":"","src":"https:\/\/i0.wp.com\/www.hornamicina.eu\/web\/wp-content\/uploads\/2023\/08\/HM-ev.-kostol-so-zvonicou-min-scaled.jpg?fit=1200%2C880&ssl=1&resize=350%2C200","width":350,"height":200,"srcset":"https:\/\/i0.wp.com\/www.hornamicina.eu\/web\/wp-content\/uploads\/2023\/08\/HM-ev.-kostol-so-zvonicou-min-scaled.jpg?fit=1200%2C880&ssl=1&resize=350%2C200 1x, https:\/\/i0.wp.com\/www.hornamicina.eu\/web\/wp-content\/uploads\/2023\/08\/HM-ev.-kostol-so-zvonicou-min-scaled.jpg?fit=1200%2C880&ssl=1&resize=525%2C300 1.5x, https:\/\/i0.wp.com\/www.hornamicina.eu\/web\/wp-content\/uploads\/2023\/08\/HM-ev.-kostol-so-zvonicou-min-scaled.jpg?fit=1200%2C880&ssl=1&resize=700%2C400 2x, https:\/\/i0.wp.com\/www.hornamicina.eu\/web\/wp-content\/uploads\/2023\/08\/HM-ev.-kostol-so-zvonicou-min-scaled.jpg?fit=1200%2C880&ssl=1&resize=1050%2C600 3x"},"classes":[]},{"id":5375,"url":"https:\/\/www.hornamicina.eu\/web\/den-obce-micinsko-2025\/","url_meta":{"origin":1707,"position":2},"title":"De\u0148 obce &#8211; Mi\u010dinsk\u00f4 2025","author":"admin","date":"29. j\u00fala 2025","format":false,"excerpt":"Vedenie obce Horn\u00e1 Mi\u010din\u00e1 v\u00e1s srde\u010dne poz\u00fdva osl\u00e1vi\u0165 De\u0148 obce - Mi\u010dinsk\u00f4, ktor\u00e1 sa uskuto\u010dn\u00ed 9. augusta 2025 od 15:00 hod. v \u0161portovom are\u00e1li pri Obecnom \u00farade. Hudobn\u00fd program 15:00 \u2013 Otvorenie d\u0148a obce (s rozhlasovou redaktorkou Katar\u00ednou Kov\u00e1\u010dechovou) 15:30 \u2013 \u013dudov\u00fd amat\u00e9rsky vok\u00e1lny s\u00fabor \u201eMalvy\u201c 16:00 \u2013 FS Partiz\u00e1n\u2026","rel":"","context":"V &quot;D\u00f4le\u017eit\u00e9&quot;","block_context":{"text":"D\u00f4le\u017eit\u00e9","link":"https:\/\/www.hornamicina.eu\/web\/category\/dolezite\/"},"img":{"alt_text":"","src":"https:\/\/i0.wp.com\/www.hornamicina.eu\/web\/wp-content\/uploads\/2025\/07\/DenObce2025-titl.png?fit=1070%2C484&ssl=1&resize=350%2C200","width":350,"height":200,"srcset":"https:\/\/i0.wp.com\/www.hornamicina.eu\/web\/wp-content\/uploads\/2025\/07\/DenObce2025-titl.png?fit=1070%2C484&ssl=1&resize=350%2C200 1x, https:\/\/i0.wp.com\/www.hornamicina.eu\/web\/wp-content\/uploads\/2025\/07\/DenObce2025-titl.png?fit=1070%2C484&ssl=1&resize=525%2C300 1.5x, https:\/\/i0.wp.com\/www.hornamicina.eu\/web\/wp-content\/uploads\/2025\/07\/DenObce2025-titl.png?fit=1070%2C484&ssl=1&resize=700%2C400 2x, https:\/\/i0.wp.com\/www.hornamicina.eu\/web\/wp-content\/uploads\/2025\/07\/DenObce2025-titl.png?fit=1070%2C484&ssl=1&resize=1050%2C600 3x"},"classes":[]},{"id":1404,"url":"https:\/\/www.hornamicina.eu\/web\/micinsky-pitvor-2019\/","url_meta":{"origin":1707,"position":3},"title":"Mi\u010dinsk\u00fd pitvor 2019","author":"admin","date":"7. m\u00e1ja 2019","format":"aside","excerpt":"Na \u0161tvrtom ro\u010dn\u00edku n\u00e1\u0161ho festivalu, ktor\u00fd sa uskuto\u010dn\u00ed 14.-16.6.2019 v na\u0161ej dedine, V\u00e1m predstav\u00edme fenom\u00e9n \u201cNov\u00e9ho cirkusu\u201d. Ne\u010dakajte v \u0148om v\u0161ak drez\u00faru smutn\u00fdch zvierat, ale nezabudnute\u013en\u00e9 umenie vesel\u00fdch klaunov, akrobatov, hercov a hudobn\u00edkov. Prinesieme V\u00e1m mno\u017estvo predstaven\u00ed, koncertov, dielni\u010diek i aktiv\u00edt pre v\u0161etk\u00fdch umeniachtiv\u00fdch, bez rozdielu veku a schopnost\u00ed. Otvorte\u2026","rel":"","context":"V &quot;Kult\u00fara&quot;","block_context":{"text":"Kult\u00fara","link":"https:\/\/www.hornamicina.eu\/web\/category\/kultura\/"},"img":{"alt_text":"","src":"https:\/\/i0.wp.com\/www.hornamicina.eu\/web\/wp-content\/uploads\/2019\/05\/micinskypitvor19.jpg?fit=530%2C530&ssl=1&resize=350%2C200","width":350,"height":200,"srcset":"https:\/\/i0.wp.com\/www.hornamicina.eu\/web\/wp-content\/uploads\/2019\/05\/micinskypitvor19.jpg?fit=530%2C530&ssl=1&resize=350%2C200 1x, https:\/\/i0.wp.com\/www.hornamicina.eu\/web\/wp-content\/uploads\/2019\/05\/micinskypitvor19.jpg?fit=530%2C530&ssl=1&resize=525%2C300 1.5x"},"classes":[]},{"id":396,"url":"https:\/\/www.hornamicina.eu\/web\/den-obce-micinsko\/","url_meta":{"origin":1707,"position":4},"title":"De\u0148 obce ,,MI\u010cINSK\u00d4&#8220;","author":"admin","date":"7. j\u00fala 2017","format":false,"excerpt":"D\u0148a 12.augusta 2017 sa uskuto\u010dn\u00ed de\u0148 obce ,,Mi\u010dinsk\u00f4\" \u00a0 KDE:\u00a0 \u00a0 \u00a0 \u00a0 \u00a0 \u00a0 \u00a0 \u00a0 \u00a0are\u00e1l obecn\u00e9ho \u00faradu a star\u00e9ho futbalov\u00e9ho ihriska PROGRAM: 14:00 hod. \u00a0 \u00a0- \u00a0 uv\u00edtanie jubilantov a det\u00ed 15:00 hod. \u00a0 \u00a0- \u00a0 \u00a0vyst\u00fapenie \u00a0DFS Rados\u0165 z Banskej Bystrice 16:00 hod. \u00a0 - \u00a0\u2026","rel":"","context":"V &quot;Kult\u00fara&quot;","block_context":{"text":"Kult\u00fara","link":"https:\/\/www.hornamicina.eu\/web\/category\/kultura\/"},"img":{"alt_text":"horna micina logo erb","src":"https:\/\/i0.wp.com\/www.hornamicina.eu\/web\/wp-content\/uploads\/2017\/06\/cropped-logo-1.png?resize=350%2C200","width":350,"height":200},"classes":[]},{"id":5322,"url":"https:\/\/www.hornamicina.eu\/web\/janska-vatra-hrochot-2025\/","url_meta":{"origin":1707,"position":5},"title":"J\u00c1NSKA VATRA HROCHO\u0164 2025","author":"admin","date":"20. j\u00fana 2025","format":false,"excerpt":"Srde\u010dne v\u00e1s poz\u00fdvame na jubilejn\u00fd 10. ro\u010dn\u00edk podujatia J\u00c1NSKA VATRA HROCHO\u0164 2025, ktor\u00e9 sa uskuto\u010dn\u00ed v sobotu 28. j\u00fana na Hlinky v obci Hrocho\u0165. \ud83d\udd50 Za\u010d\u00edname od 13:00 hod. \ud83d\udccd Miesto: Na Hlinky, Hrocho\u0165 Vstupn\u00e9: \u00a015 \u20ac (online \/ na mieste) Program pln\u00fd hudby, trad\u00edci\u00ed a z\u00e1bavy 13:00 \u2013 Otvorenie\u2026","rel":"","context":"V &quot;Kult\u00fara&quot;","block_context":{"text":"Kult\u00fara","link":"https:\/\/www.hornamicina.eu\/web\/category\/kultura\/"},"img":{"alt_text":"","src":"https:\/\/i0.wp.com\/www.hornamicina.eu\/web\/wp-content\/uploads\/2025\/06\/JanskaVatraTitl.jpg?fit=1200%2C656&ssl=1&resize=350%2C200","width":350,"height":200,"srcset":"https:\/\/i0.wp.com\/www.hornamicina.eu\/web\/wp-content\/uploads\/2025\/06\/JanskaVatraTitl.jpg?fit=1200%2C656&ssl=1&resize=350%2C200 1x, https:\/\/i0.wp.com\/www.hornamicina.eu\/web\/wp-content\/uploads\/2025\/06\/JanskaVatraTitl.jpg?fit=1200%2C656&ssl=1&resize=525%2C300 1.5x, https:\/\/i0.wp.com\/www.hornamicina.eu\/web\/wp-content\/uploads\/2025\/06\/JanskaVatraTitl.jpg?fit=1200%2C656&ssl=1&resize=700%2C400 2x, https:\/\/i0.wp.com\/www.hornamicina.eu\/web\/wp-content\/uploads\/2025\/06\/JanskaVatraTitl.jpg?fit=1200%2C656&ssl=1&resize=1050%2C600 3x"},"classes":[]}],"jetpack_likes_enabled":true,"_links":{"self":[{"href":"https:\/\/www.hornamicina.eu\/web\/wp-json\/wp\/v2\/posts\/1707","targetHints":{"allow":["GET"]}}],"collection":[{"href":"https:\/\/www.hornamicina.eu\/web\/wp-json\/wp\/v2\/posts"}],"about":[{"href":"https:\/\/www.hornamicina.eu\/web\/wp-json\/wp\/v2\/types\/post"}],"author":[{"embeddable":true,"href":"https:\/\/www.hornamicina.eu\/web\/wp-json\/wp\/v2\/users\/1"}],"replies":[{"embeddable":true,"href":"https:\/\/www.hornamicina.eu\/web\/wp-json\/wp\/v2\/comments?post=1707"}],"version-history":[{"count":0,"href":"https:\/\/www.hornamicina.eu\/web\/wp-json\/wp\/v2\/posts\/1707\/revisions"}],"wp:featuredmedia":[{"embeddable":true,"href":"https:\/\/www.hornamicina.eu\/web\/wp-json\/wp\/v2\/media\/1709"}],"wp:attachment":[{"href":"https:\/\/www.hornamicina.eu\/web\/wp-json\/wp\/v2\/media?parent=1707"}],"wp:term":[{"taxonomy":"category","embeddable":true,"href":"https:\/\/www.hornamicina.eu\/web\/wp-json\/wp\/v2\/categories?post=1707"},{"taxonomy":"post_tag","embeddable":true,"href":"https:\/\/www.hornamicina.eu\/web\/wp-json\/wp\/v2\/tags?post=1707"}],"curies":[{"name":"wp","href":"https:\/\/api.w.org\/{rel}","templated":true}]}}