{"id":1643,"date":"2019-11-19T09:31:12","date_gmt":"2019-11-19T08:31:12","guid":{"rendered":"https:\/\/www.hornamicina.eu\/web\/?p=1643"},"modified":"2020-06-26T21:11:34","modified_gmt":"2020-06-26T19:11:34","slug":"zajazd-kezmarok2","status":"publish","type":"post","link":"https:\/\/www.hornamicina.eu\/web\/zajazd-kezmarok2\/","title":{"rendered":"Po stop\u00e1ch svojho rod\u00e1ka &#8211; z\u00e1jazd Ke\u017emarok"},"content":{"rendered":"<p>N\u00e1dhern\u00fa farebn\u00fa scen\u00e9riu tohtoro\u010dnej jesene vyu\u017eili \u010dlenovia Centra seniorov v\u00a0Hornej Mi\u010dinej v\u00a0stredu 16. okt\u00f3bra 2019 na putovanie po stop\u00e1ch svojho rod\u00e1ka \u2013 J\u00e1na Chalupku (1791 &#8211; 1871). Tento vzdelan\u00fd mu\u017e, Slovensk\u00fd Eur\u00f3pan od Hrona, bol nielen ev. k\u0148azom, ale aj spisovate\u013eom a\u00a0dramatikom. Dodnes sa pri v\u0161etk\u00fdch mo\u017en\u00fdch a\u00a0hlavne nemo\u017en\u00fdch situ\u00e1ci\u00e1ch spom\u00edna jeho Koc\u00farkovo.<\/p>\n<p>V\u00a0rokoch 1818 \u2013 24 bol profesorom a\u00a0rektorom na sl\u00e1vnom ke\u017emarskom l\u00fdceu (dokonca tam vyu\u010doval aj svojho o\u00a021 rokov mlad\u0161ieho brata Sama). A\u00a0pr\u00e1ve Ke\u017emarok bol cie\u013eov\u00fdm mestom seniorov z\u00a0Hornej Mi\u010dinej. Najsk\u00f4r nav\u0161t\u00edvili historick\u00fa budovu spom\u00ednan\u00e9ho l\u00fdcea, ktor\u00e9 je v\u00a0s\u00fa\u010dasnosti v\u00a0spr\u00e1ve ev. cirkvi. Obozn\u00e1mili sa s\u00a0bohat\u00fdm kni\u017en\u00fdm fondom, ktor\u00fd je s\u00a0150 tis\u00edcami zv\u00e4zkov najv\u00e4\u010d\u0161ou \u0161kolskou kni\u017enicou prinajmen\u0161om v\u00a0strednej Eur\u00f3pe, prezreli si priestory \u0161koly a\u00a0expoz\u00edciu s\u00a0osobnos\u0165ami slovenskej n\u00e1rodnej hist\u00f3rie, ktor\u00ed tam \u0161tudovali. V\u00a0tesnej bl\u00edzkosti l\u00fdcea stoj\u00ed n\u00e1dhern\u00fd artikul\u00e1rny kostol, kde ich \u010dakala spisovate\u013eka Nora Bar\u00e1thov\u00e1, histori\u010dka, m\u00fazejn\u00ed\u010dka a\u00a0spisovate\u013eka, autorka mnoh\u00fdch odborn\u00fdch i\u00a0beletrizovan\u00fdch diel o\u00a0Ke\u017emarku. Jedno z\u00a0nich venovala nenaplnenej l\u00e1ske J\u00e1na Chalupku a\u00a0Babetty von Wieland pod n\u00e1zvom Ne\u013eutujem, \u017ee som milovala. A\u00a0o\u00a0tom v\u0161etkom im p\u00fatavo porozpr\u00e1vala.<\/p>\n<p>Nasledovala prehliadka nov\u00e9ho ev. kostola \u2013 naz\u00fdvan\u00e9ho \u010derven\u00fd pod\u013ea fas\u00e1dy &#8211; s\u00a0nev\u0161ednou architekt\u00farou, v ktorom sa nach\u00e1dza aj mauz\u00f3leum ke\u017emarsk\u00e9ho<br \/>\nrod\u00e1ka Imricha T\u0151k\u0151lyho, zn\u00e1meho uhorsk\u00e9ho bojovn\u00edka a\u00a0rebela proti cis\u00e1rovi. Popoludn\u00ed si \u00fa\u010dastn\u00edci pozn\u00e1vacieho putovania so z\u00e1ujmom prezreli mestsk\u00fd hrad a\u00a0na z\u00e1ver pri spiato\u010dnej ceste sa zastavili aj v\u00a0mestskej pamiatkovej rezerv\u00e1cii Spi\u0161sk\u00e1 Sobota, s\u00fa\u010dasti<br \/>\nmesta Poprad.<\/p>\n<p>Pln\u00ed z\u00e1\u017eitkov a\u00a0inform\u00e1ci\u00ed sa Hornomi\u010din\u010dania spokojn\u00ed vracali domov. S\u00a0po\u010fakovan\u00edm bud\u00fa spom\u00edna\u0165 na kr\u00e1sne str\u00e1ven\u00fd okt\u00f3brov\u00fd de\u0148 aj z\u00e1sluhou finan\u010dn\u00e9ho zabezpe\u010denia z\u00a0obecn\u00fdch prostriedkov. Napokon, mesiac okt\u00f3ber je mesiacom \u00facty k\u00a0star\u0161\u00edm, v\u00a0Hornej Mi\u010dinej si to zodpovedn\u00ed uvedomuj\u00fa a\u00a0vytv\u00e1raj\u00fa pre seniorov vhodn\u00e9 podmienky na aktivity po cel\u00fd rok.<\/p>\n<p>&nbsp;<\/p>\n<p>Jana Borgu\u013eov\u00e1<\/p>\n","protected":false},"excerpt":{"rendered":"N\u00e1dhern\u00fa farebn\u00fa scen\u00e9riu tohtoro\u010dnej jesene vyu\u017eili \u010dlenovia Centra seniorov v\u00a0Hornej Mi\u010dinej v\u00a0stredu 16. [&hellip;]","protected":false},"author":1,"featured_media":1644,"comment_status":"closed","ping_status":"open","sticky":false,"template":"","format":"standard","meta":{"advanced_seo_description":"","jetpack_seo_html_title":"","jetpack_seo_noindex":false,"_jetpack_memberships_contains_paid_content":false,"footnotes":""},"categories":[206,7,8],"tags":[],"class_list":["post-1643","post","type-post","status-publish","format-standard","has-post-thumbnail","hentry","category-denne-centrum-obce","category-kultura","category-oznamy"],"jetpack_featured_media_url":"https:\/\/i0.wp.com\/www.hornamicina.eu\/web\/wp-content\/uploads\/2019\/11\/20191016_115052.jpg?fit=2560%2C1920&ssl=1","jetpack_sharing_enabled":true,"jetpack_shortlink":"https:\/\/wp.me\/p8RsFw-qv","jetpack-related-posts":[{"id":1637,"url":"https:\/\/www.hornamicina.eu\/web\/spomienka-pri-hrobe-terezie-vansovej\/","url_meta":{"origin":1643,"position":0},"title":"Spomienka pri hrobe Ter\u00e9zie Vansovej","author":"admin","date":"15. novembra 2019","format":false,"excerpt":"\u010clenky Centra seniorov v\u00a0Hornej Mi\u010dinej si do svojho programu v\u00a0stredu 13. novembra 2019 napl\u00e1novali n\u00e1v\u0161tevu banskobystrick\u00e9ho ev. cintor\u00edna v\u00a0Lazovnej ulici. D\u00f4vod bol nielen pozn\u00e1vac\u00ed - dozvedie\u0165 sa o\u00a0v\u00fdznamn\u00fdch osobnostiach n\u00e1\u0161ho n\u00e1roda, ktor\u00ed s\u00fa tam pochovan\u00ed (J\u00e1n Botto, Martin R\u00e1zus, Viliam Figu\u0161 Bystr\u00fd, ev. senior J\u00e1n Bakoss, arch. Ladislav Hudec a\u00a0i.),\u2026","rel":"","context":"V &quot;Denn\u00e9 centrum obce&quot;","block_context":{"text":"Denn\u00e9 centrum obce","link":"https:\/\/www.hornamicina.eu\/web\/category\/denne-centrum-obce\/"},"img":{"alt_text":"","src":"https:\/\/i0.wp.com\/www.hornamicina.eu\/web\/wp-content\/uploads\/2019\/11\/20191113_183125-min.jpg?fit=1200%2C601&ssl=1&resize=350%2C200","width":350,"height":200,"srcset":"https:\/\/i0.wp.com\/www.hornamicina.eu\/web\/wp-content\/uploads\/2019\/11\/20191113_183125-min.jpg?fit=1200%2C601&ssl=1&resize=350%2C200 1x, https:\/\/i0.wp.com\/www.hornamicina.eu\/web\/wp-content\/uploads\/2019\/11\/20191113_183125-min.jpg?fit=1200%2C601&ssl=1&resize=525%2C300 1.5x, https:\/\/i0.wp.com\/www.hornamicina.eu\/web\/wp-content\/uploads\/2019\/11\/20191113_183125-min.jpg?fit=1200%2C601&ssl=1&resize=700%2C400 2x, https:\/\/i0.wp.com\/www.hornamicina.eu\/web\/wp-content\/uploads\/2019\/11\/20191113_183125-min.jpg?fit=1200%2C601&ssl=1&resize=1050%2C600 3x"},"classes":[]},{"id":3357,"url":"https:\/\/www.hornamicina.eu\/web\/slavnost-prevzatia-zboroveho-erbu\/","url_meta":{"origin":1643,"position":1},"title":"Sl\u00e1vnos\u0165 prevzatia zborov\u00e9ho erbu","author":"admin","date":"29. novembra 2022","format":false,"excerpt":"V\u00a0r\u00e1mci pripomienky 200. v\u00fdro\u010dia nar. \u0161t\u00farovsk\u00e9ho dejate\u013ea \u00a0a\u00a0ev. a. v. k\u0148aza Augusta Horislav Kr\u010dm\u00e9ryho, rod\u00e1ka z\u00a0Hornej Mi\u010dinej, ktor\u00e1 sa uskuto\u010dnila 19. okt\u00f3bra 2022, mal by\u0165 aj osobitn\u00fd bod programu, ktor\u00fd sa pre chorobu jeho akt\u00e9ra neuskuto\u010dnil. Uvedenie erbu ev. a. v. zboru v\u00a0Hornej Mi\u010dinej sa teda konalo a\u017e 25. novembra\u2026","rel":"","context":"V &quot;Denn\u00e9 centrum obce&quot;","block_context":{"text":"Denn\u00e9 centrum obce","link":"https:\/\/www.hornamicina.eu\/web\/category\/denne-centrum-obce\/"},"img":{"alt_text":"","src":"https:\/\/i0.wp.com\/www.hornamicina.eu\/web\/wp-content\/uploads\/2022\/11\/Zborovy-erb-HM-min.jpg?fit=239%2C480&ssl=1&resize=350%2C200","width":350,"height":200},"classes":[]},{"id":3327,"url":"https:\/\/www.hornamicina.eu\/web\/tabula-rodaka-odhalena-august-h-krcmery\/","url_meta":{"origin":1643,"position":2},"title":"Pam\u00e4tn\u00e1 tabu\u013ea rod\u00e1ka odhalen\u00e1 &#8211; August H. Kr\u010dm\u00e9ry","author":"admin","date":"29. okt\u00f3bra 2022","format":false,"excerpt":"Rok 1822 je pre slovensk\u00fd n\u00e1rodn\u00fd \u017eivot siln\u00fd z h\u013eadiska narodenia viacer\u00fdch v\u00fdznamn\u00fdch \u0161t\u00farovsk\u00fdch dejate\u013eov ako Janko Kr\u00e1\u013e, J\u00e1n Francisci Rimavsk\u00fd, J\u00e1n Kalin\u010diak, \u0160tefan Marko Daxner a\u00a0mnoh\u00ed \u010fal\u0161\u00ed. Matica slovensk\u00e1 pr\u00e1vom vyhl\u00e1sila tento rok za Rok odkazu \u0161t\u00farovcov. K\u00a0nim mo\u017eno bezosporu prir\u00e1ta\u0165 aj rod\u00e1ka z\u00a0Hornej Mi\u010dinej \u2013 Augusta Horislava Kr\u010dm\u00e9ryho.\u2026","rel":"","context":"V &quot;Denn\u00e9 centrum obce&quot;","block_context":{"text":"Denn\u00e9 centrum obce","link":"https:\/\/www.hornamicina.eu\/web\/category\/denne-centrum-obce\/"},"img":{"alt_text":"","src":"https:\/\/i0.wp.com\/www.hornamicina.eu\/web\/wp-content\/uploads\/2022\/10\/Krcmery-titulka.jpg?fit=1200%2C785&ssl=1&resize=350%2C200","width":350,"height":200,"srcset":"https:\/\/i0.wp.com\/www.hornamicina.eu\/web\/wp-content\/uploads\/2022\/10\/Krcmery-titulka.jpg?fit=1200%2C785&ssl=1&resize=350%2C200 1x, https:\/\/i0.wp.com\/www.hornamicina.eu\/web\/wp-content\/uploads\/2022\/10\/Krcmery-titulka.jpg?fit=1200%2C785&ssl=1&resize=525%2C300 1.5x, https:\/\/i0.wp.com\/www.hornamicina.eu\/web\/wp-content\/uploads\/2022\/10\/Krcmery-titulka.jpg?fit=1200%2C785&ssl=1&resize=700%2C400 2x, https:\/\/i0.wp.com\/www.hornamicina.eu\/web\/wp-content\/uploads\/2022\/10\/Krcmery-titulka.jpg?fit=1200%2C785&ssl=1&resize=1050%2C600 3x"},"classes":[]},{"id":3757,"url":"https:\/\/www.hornamicina.eu\/web\/oltar-z-kostola-je-spat-na-svojom-mieste\/","url_meta":{"origin":1643,"position":3},"title":"Olt\u00e1r z kostola je sp\u00e4\u0165 na svojom mieste","author":"admin","date":"22. j\u00fana 2023","format":false,"excerpt":"Olt\u00e1r z kostola sv. Michala archanjela v Hornej Mi\u010dinej sa po re\u0161taurovan\u00ed vr\u00e1til na svoje miesto Pr\u00edjemn\u00e1 slne\u010dn\u00e1 nede\u013ea 18. j\u00fana 2023 patrila v obci Horn\u00e1 Mi\u010din\u00e1 sl\u00e1vnostnej posviacke novo zre\u0161taurovan\u00e9ho hlavn\u00e9ho olt\u00e1ra v kostole sv. Michala archanjela. Obec a cirkev sa tak do\u010dkali po siedmich rokoch re\u0161taur\u00e1torsk\u00fdch pr\u00e1c n\u00e1vratu\u2026","rel":"","context":"V &quot;Kult\u00fara&quot;","block_context":{"text":"Kult\u00fara","link":"https:\/\/www.hornamicina.eu\/web\/category\/kultura\/"},"img":{"alt_text":"","src":"https:\/\/i0.wp.com\/www.hornamicina.eu\/web\/wp-content\/uploads\/2023\/06\/barokovy-oltar.png?fit=1152%2C709&ssl=1&resize=350%2C200","width":350,"height":200,"srcset":"https:\/\/i0.wp.com\/www.hornamicina.eu\/web\/wp-content\/uploads\/2023\/06\/barokovy-oltar.png?fit=1152%2C709&ssl=1&resize=350%2C200 1x, https:\/\/i0.wp.com\/www.hornamicina.eu\/web\/wp-content\/uploads\/2023\/06\/barokovy-oltar.png?fit=1152%2C709&ssl=1&resize=525%2C300 1.5x, https:\/\/i0.wp.com\/www.hornamicina.eu\/web\/wp-content\/uploads\/2023\/06\/barokovy-oltar.png?fit=1152%2C709&ssl=1&resize=700%2C400 2x, https:\/\/i0.wp.com\/www.hornamicina.eu\/web\/wp-content\/uploads\/2023\/06\/barokovy-oltar.png?fit=1152%2C709&ssl=1&resize=1050%2C600 3x"},"classes":[]},{"id":5529,"url":"https:\/\/www.hornamicina.eu\/web\/po-stopach-ludovita-stura\/","url_meta":{"origin":1643,"position":4},"title":"Po stop\u00e1ch \u013dudov\u00edta \u0160t\u00fara","author":"admin","date":"28. okt\u00f3bra 2025","format":false,"excerpt":"Rok 2025 je na Slovensku venovan\u00fd 210. v\u00fdro\u010diu narodenia a\u00a070. v\u00fdro\u010diu \u00famrtia v\u00fdznamnej osobnosti slovensk\u00e9ho n\u00e1rodn\u00e9ho hnutia \u013dudov\u00edtovi \u0160t\u00farovi (*28. 10. 1815 Uhrovec \u2013 +12. 1. 1856 Modra). Aj\u00a0 obyvatelia Hornej Mi\u010dinej si ho v\u00a0r\u00f4znej podobe pripom\u00ednaj\u00fa, ve\u010f u\u017e v\u00a0lete sa konal v\u00fdlet do jeho rodiska Uhrovec, ktor\u00fd organizovala ev.\u2026","rel":"","context":"V &quot;Foto&quot;","block_context":{"text":"Foto","link":"https:\/\/www.hornamicina.eu\/web\/category\/foto\/"},"img":{"alt_text":"","src":"https:\/\/i0.wp.com\/www.hornamicina.eu\/web\/wp-content\/uploads\/2025\/10\/1-IMG_20251022_173215.webp?fit=387%2C480&ssl=1&resize=350%2C200","width":350,"height":200},"classes":[]},{"id":3796,"url":"https:\/\/www.hornamicina.eu\/web\/v-kraji-milana-r-stefanika\/","url_meta":{"origin":1643,"position":5},"title":"V kraji Milana R. \u0160tef\u00e1nika","author":"admin","date":"26. j\u00fala 2023","format":false,"excerpt":"Tohtoro\u010dn\u00fd pozn\u00e1vac\u00ed v\u00fdlet \u010dlenov hornomi\u010dinsk\u00e9ho centra seniorov v\u00a0spolupr\u00e1ci so ZO SZPB patril v\u00fdznamnej osobnosti slovenskej \u0161t\u00e1tnosti \u2013 Milanovi Rastislavovi \u0160tef\u00e1nikovi. V\u00a0stredu 19. j\u00fala 2023 pln\u00fd autobus z\u00e1ujemcov vyrazil na z\u00e1pad Slovenska. Prvou zast\u00e1vkou bol \u0160tef\u00e1nikov rodn\u00fd dom v\u00a0Ko\u0161arisk\u00e1ch, kde sa 21. j\u00fala 1880 narodil na\u00a0ev. fare ako \u0161iesty z\u00a0jeden\u00e1stich det\u00ed.\u2026","rel":"","context":"V &quot;Kult\u00fara&quot;","block_context":{"text":"Kult\u00fara","link":"https:\/\/www.hornamicina.eu\/web\/category\/kultura\/"},"img":{"alt_text":"","src":"https:\/\/i0.wp.com\/www.hornamicina.eu\/web\/wp-content\/uploads\/2023\/08\/IMG_5471-min-scaled.jpg?fit=1200%2C800&ssl=1&resize=350%2C200","width":350,"height":200,"srcset":"https:\/\/i0.wp.com\/www.hornamicina.eu\/web\/wp-content\/uploads\/2023\/08\/IMG_5471-min-scaled.jpg?fit=1200%2C800&ssl=1&resize=350%2C200 1x, https:\/\/i0.wp.com\/www.hornamicina.eu\/web\/wp-content\/uploads\/2023\/08\/IMG_5471-min-scaled.jpg?fit=1200%2C800&ssl=1&resize=525%2C300 1.5x, https:\/\/i0.wp.com\/www.hornamicina.eu\/web\/wp-content\/uploads\/2023\/08\/IMG_5471-min-scaled.jpg?fit=1200%2C800&ssl=1&resize=700%2C400 2x, https:\/\/i0.wp.com\/www.hornamicina.eu\/web\/wp-content\/uploads\/2023\/08\/IMG_5471-min-scaled.jpg?fit=1200%2C800&ssl=1&resize=1050%2C600 3x"},"classes":[]}],"jetpack_likes_enabled":true,"_links":{"self":[{"href":"https:\/\/www.hornamicina.eu\/web\/wp-json\/wp\/v2\/posts\/1643","targetHints":{"allow":["GET"]}}],"collection":[{"href":"https:\/\/www.hornamicina.eu\/web\/wp-json\/wp\/v2\/posts"}],"about":[{"href":"https:\/\/www.hornamicina.eu\/web\/wp-json\/wp\/v2\/types\/post"}],"author":[{"embeddable":true,"href":"https:\/\/www.hornamicina.eu\/web\/wp-json\/wp\/v2\/users\/1"}],"replies":[{"embeddable":true,"href":"https:\/\/www.hornamicina.eu\/web\/wp-json\/wp\/v2\/comments?post=1643"}],"version-history":[{"count":0,"href":"https:\/\/www.hornamicina.eu\/web\/wp-json\/wp\/v2\/posts\/1643\/revisions"}],"wp:featuredmedia":[{"embeddable":true,"href":"https:\/\/www.hornamicina.eu\/web\/wp-json\/wp\/v2\/media\/1644"}],"wp:attachment":[{"href":"https:\/\/www.hornamicina.eu\/web\/wp-json\/wp\/v2\/media?parent=1643"}],"wp:term":[{"taxonomy":"category","embeddable":true,"href":"https:\/\/www.hornamicina.eu\/web\/wp-json\/wp\/v2\/categories?post=1643"},{"taxonomy":"post_tag","embeddable":true,"href":"https:\/\/www.hornamicina.eu\/web\/wp-json\/wp\/v2\/tags?post=1643"}],"curies":[{"name":"wp","href":"https:\/\/api.w.org\/{rel}","templated":true}]}}