{"id":1620,"date":"2019-10-28T21:32:24","date_gmt":"2019-10-28T20:32:24","guid":{"rendered":"https:\/\/www.hornamicina.eu\/web\/?p=1620"},"modified":"2024-09-26T08:41:07","modified_gmt":"2024-09-26T06:41:07","slug":"uznesenia-z-2019-10-21","status":"publish","type":"post","link":"https:\/\/www.hornamicina.eu\/web\/uznesenia-z-2019-10-21\/","title":{"rendered":"Uznesenia z 21.10.2019"},"content":{"rendered":"<p style=\"font-weight: 400;\"><strong>UZNESENIA<\/strong><\/p>\n<p style=\"font-weight: 400;\">zo zasadnutia obecn\u00e9ho zastupite\u013estva (\u010falej len OZ) obce Horn\u00e1 Mi\u010din\u00e1 konan\u00e9ho d\u0148a 21.10.2019<\/p>\n<p style=\"font-weight: 400;\"><strong>Uznesenie \u010d. 1 \/ zo d\u0148a 21.10.2019<\/strong><\/p>\n<p style=\"font-weight: 400;\"><u>K\u00a0bodu 2. Program obecn\u00e9ho zastupite\u013estva<\/u><\/p>\n<p style=\"font-weight: 400;\">OZ obce Horn\u00e1 Mi\u010din\u00e1<\/p>\n<p style=\"font-weight: 400;\"><strong><em>schva\u013euje<\/em><\/strong><\/p>\n<p style=\"font-weight: 400;\">&#8211;\u00a0\u00a0\u00a0\u00a0\u00a0\u00a0\u00a0\u00a0\u00a0\u00a0Program obecn\u00e9ho zastupite\u013estva<\/p>\n<p style=\"font-weight: 400;\">Pr\u00edtomn\u00ed poslanci: \u00a0\u00a0\u00a0\u00a0\u00a0\u00a0\u00a0\u00a0\u00a0 Jana Baranov\u00e1, Michal Karkal\u00edk, Richard Kaz\u00edk, Bohu\u0161 Martinec, Jaroslav Pa\u013ea<\/p>\n<p style=\"font-weight: 400;\">Hlasovali\u00a0\u00a0\u00a0\u00a0\u00a0\u00a0\u00a0\u00a0\u00a0\u00a0\u00a0\u00a0\u00a0 za: (5) \u00a0 Jana Baranov\u00e1, Michal Karkal\u00edk, Richard Kaz\u00edk, Bohu\u0161 Martinec, Jaroslav Pa\u013ea<\/p>\n<p style=\"font-weight: 400;\">proti: (0)<\/p>\n<p style=\"font-weight: 400;\">zdr\u017eali sa: (0)<\/p>\n<p style=\"font-weight: 400;\"><strong><em>\u00a0<\/em><\/strong><\/p>\n<p style=\"font-weight: 400;\"><strong>Uznesenie \u010d. 2 \/ zo d\u0148a 21.10.2019<\/strong><\/p>\n<p style=\"font-weight: 400;\"><u>K\u00a0bodu 3. Vo\u013eba n\u00e1vrhovej komisie, overovate\u013eov z\u00e1pisnice a\u00a0zapisovate\u013ea<\/u><\/p>\n<p style=\"font-weight: 400;\">OZ obce Horn\u00e1 Mi\u010din\u00e1<\/p>\n<p style=\"font-weight: 400;\"><strong><em>ur\u010duje<\/em><\/strong><\/p>\n<p style=\"font-weight: 400;\">&#8211;\u00a0\u00a0\u00a0\u00a0\u00a0\u00a0\u00a0\u00a0\u00a0\u00a0Richarda Kaz\u00edka a\u00a0Jaroslava Pa\u013eu za \u010dlenov n\u00e1vrhovej komisie<\/p>\n<p style=\"font-weight: 400;\">&#8211;\u00a0\u00a0\u00a0\u00a0\u00a0\u00a0\u00a0\u00a0\u00a0\u00a0Janu Baranov\u00fa a\u00a0Bohu\u0161a Martinca za overovate\u013eov z\u00e1pisnice<\/p>\n<p style=\"font-weight: 400;\">&#8211;\u00a0\u00a0\u00a0\u00a0\u00a0\u00a0\u00a0\u00a0\u00a0\u00a0Michala Karkal\u00edka za zapisovate\u013ea z\u00e1pisnice<\/p>\n<p style=\"font-weight: 400;\">Pr\u00edtomn\u00ed poslanci: \u00a0\u00a0\u00a0\u00a0\u00a0\u00a0\u00a0\u00a0\u00a0 Jana Baranov\u00e1, Michal Karkal\u00edk, Richard Kaz\u00edk, Bohu\u0161 Martinec, Jaroslav Pa\u013ea<\/p>\n<p style=\"font-weight: 400;\">Hlasovali\u00a0\u00a0\u00a0\u00a0\u00a0\u00a0\u00a0\u00a0\u00a0\u00a0\u00a0\u00a0\u00a0 za: (5)\u00a0\u00a0 Jana Baranov\u00e1, Michal Karkal\u00edk, Richard Kaz\u00edk, Bohu\u0161 Martinec, Jaroslav Pa\u013ea<\/p>\n<p style=\"font-weight: 400;\">\u00a0\u00a0\u00a0\u00a0\u00a0\u00a0\u00a0\u00a0\u00a0\u00a0\u00a0\u00a0\u00a0\u00a0\u00a0\u00a0\u00a0\u00a0\u00a0\u00a0\u00a0\u00a0\u00a0\u00a0\u00a0\u00a0\u00a0\u00a0\u00a0\u00a0 proti: (0)<\/p>\n<p style=\"font-weight: 400;\">\u00a0\u00a0\u00a0\u00a0\u00a0\u00a0\u00a0\u00a0\u00a0\u00a0\u00a0\u00a0\u00a0\u00a0\u00a0\u00a0\u00a0\u00a0\u00a0\u00a0\u00a0\u00a0\u00a0\u00a0\u00a0\u00a0\u00a0\u00a0\u00a0\u00a0 zdr\u017eali sa: (0)<\/p>\n<p style=\"font-weight: 400;\"><strong>Uznesenie \u010d. 3 \/ zo d\u0148a 21.10.2019<\/strong><\/p>\n<p style=\"font-weight: 400;\"><u>K\u00a0bodu 4. Schv\u00e1lenie cenovej ponuky na zimn\u00fa \u00fadr\u017ebu obce<\/u><\/p>\n<p style=\"font-weight: 400;\">OZ obce Horn\u00e1 Mi\u010din\u00e1<\/p>\n<p style=\"font-weight: 400;\"><strong><em>schva\u013euje<\/em><\/strong><\/p>\n<p style=\"font-weight: 400;\">&#8211;\u00a0\u00a0\u00a0\u00a0\u00a0\u00a0\u00a0\u00a0\u00a0\u00a0cenov\u00fa ponuku spolo\u010dnosti EUROPEAN EXTERNAL SERVICES, s.r.o.<\/p>\n<p style=\"font-weight: 400;\">Pr\u00edtomn\u00ed poslanci: \u00a0\u00a0\u00a0\u00a0\u00a0\u00a0\u00a0\u00a0\u00a0 Jana Baranov\u00e1, Michal Karkal\u00edk, Richard Kaz\u00edk, Bohu\u0161 Martinec, Jaroslav Pa\u013ea<\/p>\n<p style=\"font-weight: 400;\">Hlasovali\u00a0\u00a0\u00a0\u00a0\u00a0\u00a0\u00a0\u00a0\u00a0\u00a0\u00a0\u00a0\u00a0 za: (5)\u00a0\u00a0 Jana Baranov\u00e1, Michal Karkal\u00edk, Richard Kaz\u00edk, Bohu\u0161 Martinec, Jaroslav Pa\u013ea<\/p>\n<p style=\"font-weight: 400;\">\u00a0\u00a0\u00a0\u00a0\u00a0\u00a0\u00a0\u00a0\u00a0\u00a0\u00a0\u00a0\u00a0\u00a0\u00a0\u00a0\u00a0\u00a0\u00a0\u00a0\u00a0\u00a0\u00a0\u00a0\u00a0\u00a0\u00a0\u00a0\u00a0\u00a0 proti: (0)<\/p>\n<p style=\"font-weight: 400;\">\u00a0\u00a0\u00a0\u00a0\u00a0\u00a0\u00a0\u00a0\u00a0\u00a0\u00a0\u00a0\u00a0\u00a0\u00a0\u00a0\u00a0\u00a0\u00a0\u00a0\u00a0\u00a0\u00a0\u00a0\u00a0\u00a0\u00a0\u00a0\u00a0\u00a0 zdr\u017eali sa: (0)<\/p>\n<p style=\"font-weight: 400;\"><strong>Uznesenie \u010d. 4 \/ zo d\u0148a 21.10.2019<\/strong><\/p>\n<p style=\"font-weight: 400;\"><u>K\u00a0bodu 5. Schv\u00e1lenie \u017eiadost\u00ed o\u00a0dot\u00e1cie z\u00a0rozpo\u010dtu obce na rok 2020<\/u><\/p>\n<p style=\"font-weight: 400;\">OZ obce Horn\u00e1 Mi\u010din\u00e1<\/p>\n<p style=\"font-weight: 400;\"><strong><em>schva\u013euje<\/em><\/strong><\/p>\n<p style=\"font-weight: 400;\">&#8211;\u00a0\u00a0\u00a0\u00a0\u00a0\u00a0\u00a0\u00a0\u00a0\u00a0dot\u00e1ciu pre TJ Dru\u017estevn\u00edk Horn\u00e1 Mi\u010din\u00e1 vo v\u00fd\u0161ke 2\u00a0000,00 \u20ac (slovom: dvetis\u00edc Eur)<\/p>\n<p style=\"font-weight: 400;\">Pr\u00edtomn\u00ed poslanci:\u00a0\u00a0\u00a0\u00a0\u00a0\u00a0\u00a0\u00a0\u00a0\u00a0 Jana Baranov\u00e1, Michal Karkal\u00edk, Richard Kaz\u00edk, Bohu\u0161 Martinec, Jaroslav Pa\u013ea<\/p>\n<p style=\"font-weight: 400;\">Hlasovali\u00a0\u00a0\u00a0\u00a0\u00a0\u00a0\u00a0\u00a0\u00a0\u00a0\u00a0\u00a0\u00a0 za: (5)\u00a0\u00a0 Jana Baranov\u00e1, Michal Karkal\u00edk, Richard Kaz\u00edk, Bohu\u0161 Martinec, Jaroslav Pa\u013ea<\/p>\n<p style=\"font-weight: 400;\">\u00a0\u00a0\u00a0\u00a0\u00a0\u00a0\u00a0\u00a0\u00a0\u00a0\u00a0\u00a0\u00a0\u00a0\u00a0\u00a0\u00a0\u00a0\u00a0\u00a0\u00a0\u00a0\u00a0\u00a0\u00a0\u00a0\u00a0\u00a0\u00a0\u00a0 proti: (0)<\/p>\n<p style=\"font-weight: 400;\">\u00a0\u00a0\u00a0\u00a0\u00a0\u00a0\u00a0\u00a0\u00a0\u00a0\u00a0\u00a0\u00a0\u00a0\u00a0\u00a0\u00a0\u00a0\u00a0\u00a0\u00a0\u00a0\u00a0\u00a0\u00a0\u00a0\u00a0\u00a0\u00a0\u00a0 zdr\u017eali sa: (0)<\/p>\n<p style=\"font-weight: 400;\">&#8211;\u00a0\u00a0\u00a0\u00a0\u00a0\u00a0\u00a0\u00a0\u00a0\u00a0dot\u00e1ciu pre Cirkevn\u00fd zbor ECAV v\u00a0Hornej Mi\u010dinej vo v\u00fd\u0161ke 1\u00a0700,00 \u20ac (slovom: jedentis\u00edcsedemsto Eur)<\/p>\n<p style=\"font-weight: 400;\">Pr\u00edtomn\u00ed poslanci:\u00a0\u00a0\u00a0\u00a0\u00a0\u00a0\u00a0\u00a0\u00a0\u00a0 Jana Baranov\u00e1, Michal Karkal\u00edk, Richard Kaz\u00edk, Bohu\u0161 Martinec, Jaroslav Pa\u013ea<\/p>\n<p style=\"font-weight: 400;\">Hlasovali\u00a0\u00a0\u00a0\u00a0\u00a0\u00a0\u00a0\u00a0\u00a0\u00a0\u00a0\u00a0\u00a0 za: (4)\u00a0\u00a0 Jana Baranov\u00e1, Michal Karkal\u00edk, Richard Kaz\u00edk, Bohu\u0161 Martinec<\/p>\n<p style=\"font-weight: 400;\">\u00a0\u00a0\u00a0\u00a0\u00a0\u00a0\u00a0\u00a0\u00a0\u00a0\u00a0\u00a0\u00a0\u00a0\u00a0\u00a0\u00a0\u00a0\u00a0\u00a0\u00a0\u00a0\u00a0\u00a0\u00a0\u00a0\u00a0\u00a0\u00a0\u00a0 proti: (0)<\/p>\n<p style=\"font-weight: 400;\">\u00a0\u00a0\u00a0\u00a0\u00a0\u00a0\u00a0\u00a0\u00a0\u00a0\u00a0\u00a0\u00a0\u00a0\u00a0\u00a0\u00a0\u00a0\u00a0\u00a0\u00a0\u00a0\u00a0\u00a0\u00a0\u00a0\u00a0\u00a0\u00a0\u00a0 zdr\u017eali sa: (1)\u00a0\u00a0\u00a0\u00a0 Jaroslav Pa\u013ea<\/p>\n<p style=\"font-weight: 400;\">&#8211;\u00a0\u00a0\u00a0\u00a0\u00a0\u00a0\u00a0\u00a0\u00a0\u00a0dot\u00e1ciu pre R\u00edmskokatol\u00edcku cirkev, farnos\u0165 \u010cer\u00edn vo v\u00fd\u0161ke 700,00 \u20ac (slovom: sedemsto Eur)<\/p>\n<p style=\"font-weight: 400;\">Pr\u00edtomn\u00ed poslanci: \u00a0\u00a0\u00a0\u00a0\u00a0\u00a0\u00a0\u00a0\u00a0 Jana Baranov\u00e1, Michal Karkal\u00edk, Richard Kaz\u00edk, Bohu\u0161 Martinec, Jaroslav Pa\u013ea<\/p>\n<p style=\"font-weight: 400;\">Hlasovali\u00a0\u00a0\u00a0\u00a0\u00a0\u00a0\u00a0\u00a0\u00a0\u00a0\u00a0\u00a0\u00a0 za: (4)\u00a0\u00a0 Jana Baranov\u00e1, Michal Karkal\u00edk, Richard Kaz\u00edk, Bohu\u0161 Martinec<\/p>\n<p style=\"font-weight: 400;\">\u00a0\u00a0\u00a0\u00a0\u00a0\u00a0\u00a0\u00a0\u00a0\u00a0\u00a0\u00a0\u00a0\u00a0\u00a0\u00a0\u00a0\u00a0\u00a0\u00a0\u00a0\u00a0\u00a0\u00a0\u00a0\u00a0\u00a0\u00a0\u00a0\u00a0 proti: (0)<\/p>\n<p style=\"font-weight: 400;\">\u00a0\u00a0\u00a0\u00a0\u00a0\u00a0\u00a0\u00a0\u00a0\u00a0\u00a0\u00a0\u00a0\u00a0\u00a0\u00a0\u00a0\u00a0\u00a0\u00a0\u00a0\u00a0\u00a0\u00a0\u00a0\u00a0\u00a0\u00a0\u00a0\u00a0 zdr\u017eali sa: (1)\u00a0\u00a0\u00a0\u00a0 Jaroslav Pa\u013ea<\/p>\n<p style=\"font-weight: 400;\"><strong><em>\u00a0<\/em><\/strong><\/p>\n<p style=\"font-weight: 400;\"><strong>Uznesenie \u010d. 5 \/ zo d\u0148a 21.10.2019<\/strong><\/p>\n<p style=\"font-weight: 400;\"><u>K\u00a0bodu 6. Smernica \u010d. 1\/2019 o\u00a0postupe pri oznamovan\u00ed a\u00a0preverovan\u00ed ozn\u00e1men\u00ed t\u00fdkaj\u00facich sa protispolo\u010denskej \u010dinnosti<\/u><\/p>\n<p style=\"font-weight: 400;\">OZ obce Horn\u00e1 Mi\u010din\u00e1<\/p>\n<p style=\"font-weight: 400;\"><strong><em>berie na vedomie<\/em><\/strong><\/p>\n<p style=\"font-weight: 400;\">&#8211;\u00a0\u00a0\u00a0\u00a0\u00a0\u00a0\u00a0\u00a0\u00a0\u00a0Smernicu \u010d. 1\/2019<\/p>\n<p style=\"font-weight: 400;\">Pr\u00edtomn\u00ed poslanci:\u00a0\u00a0\u00a0\u00a0\u00a0\u00a0\u00a0\u00a0\u00a0\u00a0 Jana Baranov\u00e1, Michal Karkal\u00edk, Richard Kaz\u00edk, Bohu\u0161 Martinec, Jaroslav Pa\u013ea<\/p>\n<p style=\"font-weight: 400;\"><strong>Uznesenie \u010d. 6 \/ zo d\u0148a 21.10.2019<\/strong><\/p>\n<p style=\"font-weight: 400;\"><u>K\u00a0bodu 7. Spr\u00e1va o\u00a0kontrolnej \u010dinnosti hlavnej kontrol\u00f3rky za obdobie j\u00fal a\u017e okt\u00f3ber 2019<\/u><\/p>\n<p style=\"font-weight: 400;\">OZ obce Horn\u00e1 Mi\u010din\u00e1<\/p>\n<p style=\"font-weight: 400;\"><strong><em>berie na vedomie<\/em><\/strong><\/p>\n<p style=\"font-weight: 400;\">&#8211;\u00a0\u00a0\u00a0\u00a0\u00a0\u00a0\u00a0\u00a0\u00a0\u00a0Spr\u00e1vu o\u00a0v\u00fdsledkoch kontrolnej \u010dinnosti hlavnej kontrol\u00f3rky obce za j\u00fal a\u017e okt\u00f3ber 2019<\/p>\n<p style=\"font-weight: 400;\">Pr\u00edtomn\u00ed poslanci:\u00a0\u00a0\u00a0\u00a0\u00a0\u00a0\u00a0\u00a0\u00a0\u00a0 Jana Baranov\u00e1, Michal Karkal\u00edk, Richard Kaz\u00edk, Bohu\u0161 Martinec, Jaroslav Pa\u013ea<\/p>\n<p style=\"font-weight: 400;\"><strong>Uznesenie \u010d. 7 \/ zo d\u0148a 21.10.2019<\/strong><\/p>\n<p style=\"font-weight: 400;\"><u>K\u00a0bodu 8. R\u00f4zne<\/u><\/p>\n<p style=\"font-weight: 400;\">OZ obce Horn\u00e1 Mi\u010din\u00e1<\/p>\n<p style=\"font-weight: 400;\"><strong><em>berie na vedomie<\/em><\/strong><\/p>\n<p style=\"font-weight: 400;\">&#8211;\u00a0\u00a0\u00a0\u00a0\u00a0\u00a0\u00a0\u00a0\u00a0\u00a0inform\u00e1ciu o\u00a0rekon\u0161trukcii kom\u00ednov obecnej budovy v\u00a0parku<\/p>\n<p style=\"font-weight: 400;\">&#8211;\u00a0\u00a0\u00a0\u00a0\u00a0\u00a0\u00a0\u00a0\u00a0\u00a0inform\u00e1ciu o\u00a0rekon\u0161trukcii plochy pri vstupe do obecn\u00e9ho parku<\/p>\n<p style=\"font-weight: 400;\">&#8211;\u00a0\u00a0\u00a0\u00a0\u00a0\u00a0\u00a0\u00a0\u00a0\u00a0inform\u00e1ciu o\u00a0v\u00fdmene \u010dasti okien na budove Obecn\u00e9ho \u00faradu<\/p>\n<p style=\"font-weight: 400;\">&#8211;\u00a0\u00a0\u00a0\u00a0\u00a0\u00a0\u00a0\u00a0\u00a0\u00a0stretnutie jubilantov d\u0148a\u00a0<strong>22.11.2019<\/strong>\u00a0(piatok)<\/p>\n<p style=\"font-weight: 400;\">&#8211;\u00a0\u00a0\u00a0\u00a0\u00a0\u00a0\u00a0\u00a0\u00a0\u00a0stretnutie s\u00a0Mikul\u00e1\u0161om d\u0148a\u00a0<strong>07.12.2019<\/strong>\u00a0(sobota)<\/p>\n<p style=\"font-weight: 400;\"><strong><em>\u00a0<\/em><\/strong><\/p>\n<p style=\"font-weight: 400;\"><strong><em>doporu\u010duje starostovi obce<\/em><\/strong><\/p>\n<p style=\"font-weight: 400;\">&#8211;\u00a0\u00a0\u00a0\u00a0\u00a0\u00a0\u00a0\u00a0\u00a0\u00a0zvol\u00e1va\u0165 mesa\u010dn\u00e9 porady oh\u013eadom aktu\u00e1lneho stavu hospod\u00e1renia obce (<strong>term\u00edn: mesa\u010dne<\/strong>)<\/p>\n<p style=\"font-weight: 400;\">Pr\u00edtomn\u00ed poslanci:\u00a0\u00a0\u00a0\u00a0\u00a0\u00a0\u00a0\u00a0\u00a0\u00a0 Jana Baranov\u00e1, Michal Karkal\u00edk, Richard Kaz\u00edk, Bohu\u0161 Martinec, Jaroslav Pa\u013ea<\/p>\n<p style=\"font-weight: 400;\"><strong>\u00a0<\/strong><\/p>\n<p style=\"font-weight: 400;\"><strong>\u00a0<\/strong><\/p>\n<p style=\"font-weight: 400;\"><strong>Uznesenie \u010d. 8 \/ zo d\u0148a 21.10.2019<\/strong><\/p>\n<p style=\"font-weight: 400;\"><u>K\u00a0bodu 9. Diskusia<\/u><\/p>\n<p style=\"font-weight: 400;\"><strong><em>Diskusia prebehla v\u00a0r\u00e1mci rokovania zastupite\u013estva k\u00a0jednotliv\u00fdm bodom a\u00a0inform\u00e1ci\u00e1m\u00a0\u00a0\u00a0\u00a0\u00a0\u00a0\u00a0\u00a0\u00a0\u00a0\u00a0\u00a0\u00a0\u00a0\u00a0<\/em><\/strong><\/p>\n<p style=\"font-weight: 400;\"><u>\u00a0<\/u><\/p>\n<p style=\"font-weight: 400;\"><u>\u00a0<\/u><\/p>\n<p style=\"font-weight: 400;\"><u>K\u00a0bodu 10. N\u00e1vrh uznesen\u00ed<\/u><\/p>\n<p style=\"font-weight: 400;\">Uznesenia OZ boli schv\u00e1len\u00e9.<\/p>\n<p style=\"font-weight: 400;\"><u>\u00a0<\/u><\/p>\n<p style=\"font-weight: 400;\"><u>K\u00a0bodu 11. Z\u00e1ver<\/u><\/p>\n<p style=\"font-weight: 400;\">Starosta ukon\u010dil zasadnutie obecn\u00e9ho zastupite\u013estva.<\/p>\n<p style=\"font-weight: 400;\">Zapisovate\u013e: \u00a0\u00a0\u00a0\u00a0\u00a0 Michal Karkal\u00edk<\/p>\n<p style=\"font-weight: 400;\">Overovatelia: \u00a0\u00a0 Jana Baranov\u00e1 a Bohu\u0161 Martinec<\/p>\n<p style=\"font-weight: 400;\"><span style=\"font-weight: 400;\">Starosta: \u00a0 \u00a0 \u00a0 \u00a0 \u00a0 \u00a0 Ivan Len\u00e1r<\/span><\/p>\n","protected":false},"excerpt":{"rendered":"UZNESENIA zo zasadnutia obecn\u00e9ho zastupite\u013estva (\u010falej len OZ) obce Horn\u00e1 Mi\u010din\u00e1 konan\u00e9ho d\u0148a [&hellip;]","protected":false},"author":1,"featured_media":390,"comment_status":"closed","ping_status":"open","sticky":false,"template":"","format":"aside","meta":{"advanced_seo_description":"","jetpack_seo_html_title":"","jetpack_seo_noindex":false,"_jetpack_memberships_contains_paid_content":false,"footnotes":""},"categories":[391],"tags":[],"class_list":["post-1620","post","type-post","status-publish","format-aside","has-post-thumbnail","hentry","category-uznesenia","post_format-post-format-aside"],"jetpack_featured_media_url":"https:\/\/i0.wp.com\/www.hornamicina.eu\/web\/wp-content\/uploads\/2017\/07\/uznesenia.jpg?fit=530%2C530&ssl=1","jetpack_sharing_enabled":true,"jetpack_shortlink":"https:\/\/wp.me\/p8RsFw-q8","jetpack-related-posts":[{"id":1992,"url":"https:\/\/www.hornamicina.eu\/web\/uznesenia-z-2020-05-20\/","url_meta":{"origin":1620,"position":0},"title":"Uznesenia zo d\u0148a 20.5.2020","author":"admin","date":"26. m\u00e1ja 2020","format":"aside","excerpt":"UZNESENIA zo zasadnutia obecn\u00e9ho zastupite\u013estva (\u010falej len OZ) obce Horn\u00e1 Mi\u010din\u00e1 konan\u00e9ho d\u0148a 20.05.2020 Uznesenie \u010d. 1 \/ zo d\u0148a 20.05.2020 K bodu 2. Program obecn\u00e9ho zastupite\u013estva OZ obce Horn\u00e1 Mi\u010din\u00e1 schva\u013euje: - Program obecn\u00e9ho zastupite\u013estva Pr\u00edtomn\u00ed poslanci: Jana Baranov\u00e1, Michal Karkal\u00edk, Richard Kaz\u00edk, Bohu\u0161 Martinec, Jaroslav Pa\u013ea Hlasovali za:\u2026","rel":"","context":"V &quot;Uznesenia&quot;","block_context":{"text":"Uznesenia","link":"https:\/\/www.hornamicina.eu\/web\/category\/uznesenia\/"},"img":{"alt_text":"Logo obce a dokumenty","src":"https:\/\/i0.wp.com\/www.hornamicina.eu\/web\/wp-content\/uploads\/2017\/07\/uznesenia.jpg?fit=530%2C530&ssl=1&resize=350%2C200","width":350,"height":200,"srcset":"https:\/\/i0.wp.com\/www.hornamicina.eu\/web\/wp-content\/uploads\/2017\/07\/uznesenia.jpg?fit=530%2C530&ssl=1&resize=350%2C200 1x, https:\/\/i0.wp.com\/www.hornamicina.eu\/web\/wp-content\/uploads\/2017\/07\/uznesenia.jpg?fit=530%2C530&ssl=1&resize=525%2C300 1.5x"},"classes":[]},{"id":1780,"url":"https:\/\/www.hornamicina.eu\/web\/uznesenia-z-2020-02-24\/","url_meta":{"origin":1620,"position":1},"title":"Uznesenia zo d\u0148a 24.2.2020","author":"admin","date":"3. marca 2020","format":"aside","excerpt":"UZNESENIA zo zasadnutia obecn\u00e9ho zastupite\u013estva (\u010falej len OZ) obce Horn\u00e1 Mi\u010din\u00e1 konan\u00e9ho d\u0148a 24.02.2020 Uznesenie \u010d. 1 \/ zo d\u0148a 24.02.2020 K\u00a0bodu 2. Program obecn\u00e9ho zastupite\u013estva OZ obce Horn\u00e1 Mi\u010din\u00e1 schva\u013euje -\u00a0\u00a0\u00a0\u00a0\u00a0\u00a0\u00a0\u00a0\u00a0\u00a0Program obecn\u00e9ho zastupite\u013estva Pr\u00edtomn\u00ed poslanci: \u00a0\u00a0\u00a0\u00a0\u00a0\u00a0\u00a0\u00a0\u00a0 Jana Baranov\u00e1, Michal Karkal\u00edk, Richard Kaz\u00edk, Bohu\u0161 Martinec, Jaroslav Pa\u013ea Hlasovali\u00a0\u00a0\u00a0\u00a0\u00a0\u00a0\u00a0\u00a0\u00a0\u00a0\u00a0\u00a0\u00a0 za: (5)\u2026","rel":"","context":"V &quot;Uznesenia&quot;","block_context":{"text":"Uznesenia","link":"https:\/\/www.hornamicina.eu\/web\/category\/uznesenia\/"},"img":{"alt_text":"Logo obce a dokumenty","src":"https:\/\/i0.wp.com\/www.hornamicina.eu\/web\/wp-content\/uploads\/2017\/07\/uznesenia.jpg?fit=530%2C530&ssl=1&resize=350%2C200","width":350,"height":200,"srcset":"https:\/\/i0.wp.com\/www.hornamicina.eu\/web\/wp-content\/uploads\/2017\/07\/uznesenia.jpg?fit=530%2C530&ssl=1&resize=350%2C200 1x, https:\/\/i0.wp.com\/www.hornamicina.eu\/web\/wp-content\/uploads\/2017\/07\/uznesenia.jpg?fit=530%2C530&ssl=1&resize=525%2C300 1.5x"},"classes":[]},{"id":1545,"url":"https:\/\/www.hornamicina.eu\/web\/uznesenie-z-2019-07-22\/","url_meta":{"origin":1620,"position":2},"title":"Uznesenie z 22.7.2019","author":"admin","date":"2. augusta 2019","format":"aside","excerpt":"UZNESENIA zo zasadnutia obecn\u00e9ho zastupite\u013estva (\u010falej len OZ) obce Horn\u00e1 Mi\u010din\u00e1 konan\u00e9ho d\u0148a 22.07.2019 Uznesenie \u010d. 1 \/ zo d\u0148a 22.07.2019 K\u00a0bodu 2. Program obecn\u00e9ho zastupite\u013estva OZ obce Horn\u00e1 Mi\u010din\u00e1 schva\u013euje -\u00a0\u00a0\u00a0\u00a0\u00a0\u00a0\u00a0\u00a0\u00a0\u00a0Program obecn\u00e9ho zastupite\u013estva Pr\u00edtomn\u00ed poslanci: \u00a0\u00a0\u00a0\u00a0\u00a0\u00a0\u00a0\u00a0\u00a0 Jana Baranov\u00e1, Michal Karkal\u00edk, Richard Kaz\u00edk, Bohu\u0161 Martinec, Jaroslav Pa\u013ea Hlasovali\u00a0\u00a0\u00a0\u00a0\u00a0\u00a0\u00a0\u00a0\u00a0\u00a0\u00a0\u00a0\u00a0 za: (5)\u2026","rel":"","context":"V &quot;Uznesenia&quot;","block_context":{"text":"Uznesenia","link":"https:\/\/www.hornamicina.eu\/web\/category\/uznesenia\/"},"img":{"alt_text":"Logo obce a dokumenty","src":"https:\/\/i0.wp.com\/www.hornamicina.eu\/web\/wp-content\/uploads\/2017\/07\/uznesenia.jpg?fit=530%2C530&ssl=1&resize=350%2C200","width":350,"height":200,"srcset":"https:\/\/i0.wp.com\/www.hornamicina.eu\/web\/wp-content\/uploads\/2017\/07\/uznesenia.jpg?fit=530%2C530&ssl=1&resize=350%2C200 1x, https:\/\/i0.wp.com\/www.hornamicina.eu\/web\/wp-content\/uploads\/2017\/07\/uznesenia.jpg?fit=530%2C530&ssl=1&resize=525%2C300 1.5x"},"classes":[]},{"id":2064,"url":"https:\/\/www.hornamicina.eu\/web\/uznesenia-z-2020-08-13\/","url_meta":{"origin":1620,"position":3},"title":"Uznesenia zo d\u0148a 13.8.2020","author":"admin","date":"7. septembra 2020","format":"aside","excerpt":"UZNESENIA zo zasadnutia obecn\u00e9ho zastupite\u013estva (\u010falej len OZ) obce Horn\u00e1 Mi\u010din\u00e1 konan\u00e9ho d\u0148a 13.8.2020 Uznesenie \u010d. 1 \/ zo d\u0148a 13.08.2020 K bodu 2. Program obecn\u00e9ho zastupite\u013estva - OZ obce Horn\u00e1 Mi\u010din\u00e1 schva\u013euje: - Program obecn\u00e9ho zastupite\u013estva doplnen\u00fd o bod 11. Pr\u00edtomn\u00ed poslanci: Jana Baranov\u00e1, Michal Karkal\u00edk, Richard Kaz\u00edk, Bohu\u0161\u2026","rel":"","context":"V &quot;Uznesenia&quot;","block_context":{"text":"Uznesenia","link":"https:\/\/www.hornamicina.eu\/web\/category\/uznesenia\/"},"img":{"alt_text":"Logo obce a dokumenty","src":"https:\/\/i0.wp.com\/www.hornamicina.eu\/web\/wp-content\/uploads\/2017\/07\/uznesenia.jpg?fit=530%2C530&ssl=1&resize=350%2C200","width":350,"height":200,"srcset":"https:\/\/i0.wp.com\/www.hornamicina.eu\/web\/wp-content\/uploads\/2017\/07\/uznesenia.jpg?fit=530%2C530&ssl=1&resize=350%2C200 1x, https:\/\/i0.wp.com\/www.hornamicina.eu\/web\/wp-content\/uploads\/2017\/07\/uznesenia.jpg?fit=530%2C530&ssl=1&resize=525%2C300 1.5x"},"classes":[]},{"id":3017,"url":"https:\/\/www.hornamicina.eu\/web\/uznesenia-z-2022-03-30\/","url_meta":{"origin":1620,"position":4},"title":"Uznesenia zo d\u0148a 30.3.2022","author":"admin","date":"7. apr\u00edla 2022","format":"aside","excerpt":"Obecn\u00fd \u00farad Horn\u00e1 Mi\u010din\u00e1 Obecn\u00e9 zastupite\u013estvo UZNESENIA zo zasadnutia obecn\u00e9ho zastupite\u013estva (\u010falej len OZ) obce Horn\u00e1 Mi\u010din\u00e1 konan\u00e9ho d\u0148a 30.03.2022 v budove obecn\u00e9ho \u00faradu Horn\u00e1 Mi\u010din\u00e1 o 18:00 hod. PR\u00cdTOMN\u00cd: Starosta obce: Ivan Len\u00e1r Poslanci OZ: Jana Baranov\u00e1, Michal Karkal\u00edk, Richard Kaz\u00edk, Bohu\u0161 Martinec NEPR\u00cdTOMN\u00cd: Poslanci OZ: Jaroslav Pa\u013ea Uznesenie\u2026","rel":"","context":"V &quot;Uznesenia&quot;","block_context":{"text":"Uznesenia","link":"https:\/\/www.hornamicina.eu\/web\/category\/uznesenia\/"},"img":{"alt_text":"Logo obce a dokumenty","src":"https:\/\/i0.wp.com\/www.hornamicina.eu\/web\/wp-content\/uploads\/2017\/07\/uznesenia.jpg?fit=530%2C530&ssl=1&resize=350%2C200","width":350,"height":200,"srcset":"https:\/\/i0.wp.com\/www.hornamicina.eu\/web\/wp-content\/uploads\/2017\/07\/uznesenia.jpg?fit=530%2C530&ssl=1&resize=350%2C200 1x, https:\/\/i0.wp.com\/www.hornamicina.eu\/web\/wp-content\/uploads\/2017\/07\/uznesenia.jpg?fit=530%2C530&ssl=1&resize=525%2C300 1.5x"},"classes":[]},{"id":3308,"url":"https:\/\/www.hornamicina.eu\/web\/uznesenia-obecneho-zastupitelstva-zo-dna-28-9-22\/","url_meta":{"origin":1620,"position":5},"title":"Uznesenia obecn\u00e9ho zastupite\u013estva zo d\u0148a 28.9.2022","author":"admin","date":"6. okt\u00f3bra 2022","format":false,"excerpt":"UZNESENIA zo zasadnutia obecn\u00e9ho zastupite\u013estva (\u010falej len OZ) obce Horn\u00e1 Mi\u010din\u00e1 konan\u00e9ho d\u0148a 29.9.2022 v budove obecn\u00e9ho \u00faradu Horn\u00e1 Mi\u010din\u00e1 o 19:00 hod. PR\u00cdTOMN\u00cd: Starosta obce: Ivan Len\u00e1r Poslanci OZ: Michal Karkal\u00edk, Richard Kaz\u00edk,\u00a0 Bohu\u0161 Martinec NEPR\u00cdTOMN\u00cd: Poslanci OZ: Jana Baranov\u00e1, Jaroslav Pa\u013ea Uznesenie \u010d. 1 \/ zo d\u0148a 28.09.2022\u2026","rel":"","context":"V &quot;Uznesenia&quot;","block_context":{"text":"Uznesenia","link":"https:\/\/www.hornamicina.eu\/web\/category\/uznesenia\/"},"img":{"alt_text":"Logo obce a dokumenty","src":"https:\/\/i0.wp.com\/www.hornamicina.eu\/web\/wp-content\/uploads\/2017\/07\/uznesenia.jpg?fit=530%2C530&ssl=1&resize=350%2C200","width":350,"height":200,"srcset":"https:\/\/i0.wp.com\/www.hornamicina.eu\/web\/wp-content\/uploads\/2017\/07\/uznesenia.jpg?fit=530%2C530&ssl=1&resize=350%2C200 1x, https:\/\/i0.wp.com\/www.hornamicina.eu\/web\/wp-content\/uploads\/2017\/07\/uznesenia.jpg?fit=530%2C530&ssl=1&resize=525%2C300 1.5x"},"classes":[]}],"jetpack_likes_enabled":true,"_links":{"self":[{"href":"https:\/\/www.hornamicina.eu\/web\/wp-json\/wp\/v2\/posts\/1620","targetHints":{"allow":["GET"]}}],"collection":[{"href":"https:\/\/www.hornamicina.eu\/web\/wp-json\/wp\/v2\/posts"}],"about":[{"href":"https:\/\/www.hornamicina.eu\/web\/wp-json\/wp\/v2\/types\/post"}],"author":[{"embeddable":true,"href":"https:\/\/www.hornamicina.eu\/web\/wp-json\/wp\/v2\/users\/1"}],"replies":[{"embeddable":true,"href":"https:\/\/www.hornamicina.eu\/web\/wp-json\/wp\/v2\/comments?post=1620"}],"version-history":[{"count":0,"href":"https:\/\/www.hornamicina.eu\/web\/wp-json\/wp\/v2\/posts\/1620\/revisions"}],"wp:featuredmedia":[{"embeddable":true,"href":"https:\/\/www.hornamicina.eu\/web\/wp-json\/wp\/v2\/media\/390"}],"wp:attachment":[{"href":"https:\/\/www.hornamicina.eu\/web\/wp-json\/wp\/v2\/media?parent=1620"}],"wp:term":[{"taxonomy":"category","embeddable":true,"href":"https:\/\/www.hornamicina.eu\/web\/wp-json\/wp\/v2\/categories?post=1620"},{"taxonomy":"post_tag","embeddable":true,"href":"https:\/\/www.hornamicina.eu\/web\/wp-json\/wp\/v2\/tags?post=1620"}],"curies":[{"name":"wp","href":"https:\/\/api.w.org\/{rel}","templated":true}]}}