{"id":1612,"date":"2019-10-23T23:47:32","date_gmt":"2019-10-23T21:47:32","guid":{"rendered":"https:\/\/www.hornamicina.eu\/web\/?p=1612"},"modified":"2020-06-26T21:11:11","modified_gmt":"2020-06-26T19:11:11","slug":"vianocna-praha","status":"publish","type":"post","link":"https:\/\/www.hornamicina.eu\/web\/vianocna-praha\/","title":{"rendered":"Z\u00e1jazd &#8211; viano\u010dn\u00e1 Praha"},"content":{"rendered":"<p>Obec Hrocho\u0165 V\u00e1s poz\u00fdva na autobusov\u00fd z\u00e1jazd do<\/p>\n<h2><strong>viano\u010dnej Prahy<\/strong><\/h2>\n<h2><strong>od 6.12.2019 do 8.12.2019 <\/strong><\/h2>\n<h2><strong>cena 149\u20ac\/osobu<\/strong><\/h2>\n<p>Nahl\u00e1si\u0165 sa m\u00f4\u017ete telefonicky na 048\/4190160 alebo emailom na hrochot@hrochot.<\/p>\n<p>Te\u0161\u00edme sa na V\u00e1s.<\/p>\n<p><a href=\"https:\/\/i0.wp.com\/www.hornamicina.eu\/web\/wp-content\/uploads\/2019\/10\/20C28CCB-C2BC-4DBC-899E-4B41A3055740.jpeg?ssl=1\"><img data-recalc-dims=\"1\" loading=\"lazy\" decoding=\"async\" data-attachment-id=\"1614\" data-permalink=\"https:\/\/www.hornamicina.eu\/web\/vianocna-praha\/20c28ccb-c2bc-4dbc-899e-4b41a3055740\/\" data-orig-file=\"https:\/\/i0.wp.com\/www.hornamicina.eu\/web\/wp-content\/uploads\/2019\/10\/20C28CCB-C2BC-4DBC-899E-4B41A3055740.jpeg?fit=721%2C1013&amp;ssl=1\" data-orig-size=\"721,1013\" data-comments-opened=\"0\" data-image-meta=\"{&quot;aperture&quot;:&quot;0&quot;,&quot;credit&quot;:&quot;&quot;,&quot;camera&quot;:&quot;&quot;,&quot;caption&quot;:&quot;&quot;,&quot;created_timestamp&quot;:&quot;0&quot;,&quot;copyright&quot;:&quot;&quot;,&quot;focal_length&quot;:&quot;0&quot;,&quot;iso&quot;:&quot;0&quot;,&quot;shutter_speed&quot;:&quot;0&quot;,&quot;title&quot;:&quot;&quot;,&quot;orientation&quot;:&quot;0&quot;}\" data-image-title=\"20C28CCB-C2BC-4DBC-899E-4B41A3055740\" data-image-description=\"\" data-image-caption=\"\" data-large-file=\"https:\/\/i0.wp.com\/www.hornamicina.eu\/web\/wp-content\/uploads\/2019\/10\/20C28CCB-C2BC-4DBC-899E-4B41A3055740.jpeg?fit=721%2C1013&amp;ssl=1\" class=\"alignnone size-full wp-image-1614\" src=\"https:\/\/i0.wp.com\/www.hornamicina.eu\/web\/wp-content\/uploads\/2019\/10\/20C28CCB-C2BC-4DBC-899E-4B41A3055740.jpeg?resize=721%2C1013&#038;ssl=1\" alt=\"\" width=\"721\" height=\"1013\" srcset=\"https:\/\/i0.wp.com\/www.hornamicina.eu\/web\/wp-content\/uploads\/2019\/10\/20C28CCB-C2BC-4DBC-899E-4B41A3055740.jpeg?w=721&amp;ssl=1 721w, https:\/\/i0.wp.com\/www.hornamicina.eu\/web\/wp-content\/uploads\/2019\/10\/20C28CCB-C2BC-4DBC-899E-4B41A3055740.jpeg?resize=214%2C300&amp;ssl=1 214w, https:\/\/i0.wp.com\/www.hornamicina.eu\/web\/wp-content\/uploads\/2019\/10\/20C28CCB-C2BC-4DBC-899E-4B41A3055740.jpeg?resize=720%2C1012&amp;ssl=1 720w\" sizes=\"auto, (max-width: 721px) 100vw, 721px\" \/><\/a><\/p>\n","protected":false},"excerpt":{"rendered":"Obec Hrocho\u0165 V\u00e1s poz\u00fdva na autobusov\u00fd z\u00e1jazd do viano\u010dnej Prahy od 6.12.2019 do [&hellip;]","protected":false},"author":1,"featured_media":1613,"comment_status":"closed","ping_status":"open","sticky":false,"template":"","format":"standard","meta":{"advanced_seo_description":"","jetpack_seo_html_title":"","jetpack_seo_noindex":false,"_jetpack_memberships_contains_paid_content":false,"footnotes":""},"categories":[206,5,7,8],"tags":[],"class_list":["post-1612","post","type-post","status-publish","format-standard","has-post-thumbnail","hentry","category-denne-centrum-obce","category-dolezite","category-kultura","category-oznamy"],"jetpack_featured_media_url":"https:\/\/i0.wp.com\/www.hornamicina.eu\/web\/wp-content\/uploads\/2019\/10\/33EDD453-8C1E-444A-9398-872E9CEA2B93.jpeg?fit=1242%2C661&ssl=1","jetpack_sharing_enabled":true,"jetpack_shortlink":"https:\/\/wp.me\/p8RsFw-q0","jetpack-related-posts":[{"id":1384,"url":"https:\/\/www.hornamicina.eu\/web\/zajazd-do-tulln-rakusko\/","url_meta":{"origin":1612,"position":0},"title":"Z\u00e1jazd do TULLN (Rak\u00fasko)","author":"admin","date":"11. apr\u00edla 2019","format":false,"excerpt":"Za\u017eite atmosf\u00e9ru svetozn\u00e1mych z\u00e1hrad\u00a0 Tulln, Rak\u00fasko. Odchod je 11.5.2019 (sobota) o 5:05 spred O\u00da Hrocho\u0165. Cena 29\u20ac\/osobu. \u00a0 Z\u00e1ujemcovia sa m\u00f4\u017eu hl\u00e1si\u0165 osobne na OU Hrocho\u0165, e-mailom na hrochot@hrochot.sk elbo telefonicky na 048\/4190160.","rel":"","context":"V &quot;Denn\u00e9 centrum obce&quot;","block_context":{"text":"Denn\u00e9 centrum obce","link":"https:\/\/www.hornamicina.eu\/web\/category\/denne-centrum-obce\/"},"img":{"alt_text":"","src":"https:\/\/i0.wp.com\/www.hornamicina.eu\/web\/wp-content\/uploads\/2019\/04\/tulln-au.jpg?fit=640%2C419&ssl=1&resize=350%2C200","width":350,"height":200,"srcset":"https:\/\/i0.wp.com\/www.hornamicina.eu\/web\/wp-content\/uploads\/2019\/04\/tulln-au.jpg?fit=640%2C419&ssl=1&resize=350%2C200 1x, https:\/\/i0.wp.com\/www.hornamicina.eu\/web\/wp-content\/uploads\/2019\/04\/tulln-au.jpg?fit=640%2C419&ssl=1&resize=525%2C300 1.5x"},"classes":[]},{"id":5322,"url":"https:\/\/www.hornamicina.eu\/web\/janska-vatra-hrochot-2025\/","url_meta":{"origin":1612,"position":1},"title":"J\u00c1NSKA VATRA HROCHO\u0164 2025","author":"admin","date":"20. j\u00fana 2025","format":false,"excerpt":"Srde\u010dne v\u00e1s poz\u00fdvame na jubilejn\u00fd 10. ro\u010dn\u00edk podujatia J\u00c1NSKA VATRA HROCHO\u0164 2025, ktor\u00e9 sa uskuto\u010dn\u00ed v sobotu 28. j\u00fana na Hlinky v obci Hrocho\u0165. \ud83d\udd50 Za\u010d\u00edname od 13:00 hod. \ud83d\udccd Miesto: Na Hlinky, Hrocho\u0165 Vstupn\u00e9: \u00a015 \u20ac (online \/ na mieste) Program pln\u00fd hudby, trad\u00edci\u00ed a z\u00e1bavy 13:00 \u2013 Otvorenie\u2026","rel":"","context":"V &quot;Kult\u00fara&quot;","block_context":{"text":"Kult\u00fara","link":"https:\/\/www.hornamicina.eu\/web\/category\/kultura\/"},"img":{"alt_text":"","src":"https:\/\/i0.wp.com\/www.hornamicina.eu\/web\/wp-content\/uploads\/2025\/06\/JanskaVatraTitl.jpg?fit=1200%2C656&ssl=1&resize=350%2C200","width":350,"height":200,"srcset":"https:\/\/i0.wp.com\/www.hornamicina.eu\/web\/wp-content\/uploads\/2025\/06\/JanskaVatraTitl.jpg?fit=1200%2C656&ssl=1&resize=350%2C200 1x, https:\/\/i0.wp.com\/www.hornamicina.eu\/web\/wp-content\/uploads\/2025\/06\/JanskaVatraTitl.jpg?fit=1200%2C656&ssl=1&resize=525%2C300 1.5x, https:\/\/i0.wp.com\/www.hornamicina.eu\/web\/wp-content\/uploads\/2025\/06\/JanskaVatraTitl.jpg?fit=1200%2C656&ssl=1&resize=700%2C400 2x, https:\/\/i0.wp.com\/www.hornamicina.eu\/web\/wp-content\/uploads\/2025\/06\/JanskaVatraTitl.jpg?fit=1200%2C656&ssl=1&resize=1050%2C600 3x"},"classes":[]},{"id":1601,"url":"https:\/\/www.hornamicina.eu\/web\/zajazd-kezmarok\/","url_meta":{"origin":1612,"position":2},"title":"Z\u00e1jazd Ke\u017emarok a Spi\u0161sk\u00e1 Sobota","author":"admin","date":"4. okt\u00f3bra 2019","format":false,"excerpt":"Centrum seniorov pri Obci Horn\u00e1 Mi\u010din\u00e1 poz\u00fdva \u010dlenov a ob\u010danov na pozn\u00e1vac\u00ed z\u00e1jazd \"Za hist\u00f3riou mesta Ke\u017emarok a Spi\u0161skej Soboty\", ktor\u00fd sa uskuto\u010dn\u00ed 16. okt\u00f3bra (streda) odchod autobusu o 7:00 z n\u00e1mestia obce \u00a0 Z\u00e1v\u00e4zne sa treba prihl\u00e1si\u0165 do piatku 11.10.2019 na obecnom \u00farade. \u00a0 Te\u0161\u00edme sa na V\u00e1s. \u00a0\u2026","rel":"","context":"V &quot;Denn\u00e9 centrum obce&quot;","block_context":{"text":"Denn\u00e9 centrum obce","link":"https:\/\/www.hornamicina.eu\/web\/category\/denne-centrum-obce\/"},"img":{"alt_text":"","src":"https:\/\/i0.wp.com\/www.hornamicina.eu\/web\/wp-content\/uploads\/2019\/10\/aut.jpg?fit=1000%2C750&ssl=1&resize=350%2C200","width":350,"height":200,"srcset":"https:\/\/i0.wp.com\/www.hornamicina.eu\/web\/wp-content\/uploads\/2019\/10\/aut.jpg?fit=1000%2C750&ssl=1&resize=350%2C200 1x, https:\/\/i0.wp.com\/www.hornamicina.eu\/web\/wp-content\/uploads\/2019\/10\/aut.jpg?fit=1000%2C750&ssl=1&resize=525%2C300 1.5x, https:\/\/i0.wp.com\/www.hornamicina.eu\/web\/wp-content\/uploads\/2019\/10\/aut.jpg?fit=1000%2C750&ssl=1&resize=700%2C400 2x"},"classes":[]},{"id":1555,"url":"https:\/\/www.hornamicina.eu\/web\/hore-tou-hrochotou-2019\/","url_meta":{"origin":1612,"position":3},"title":"Hore tou Hrocho\u0165ou 2019","author":"admin","date":"12. augusta 2019","format":false,"excerpt":"Obec Hrocho\u0165 V\u00e1s poz\u00fdva na kult\u00farnu akciu Hore tou Hrocho\u0165ou, ktor\u00e1 sa uskuto\u010dn\u00ed 17.8.2019 (sobota) od 15:30h","rel":"","context":"V &quot;D\u00f4le\u017eit\u00e9&quot;","block_context":{"text":"D\u00f4le\u017eit\u00e9","link":"https:\/\/www.hornamicina.eu\/web\/category\/dolezite\/"},"img":{"alt_text":"","src":"https:\/\/i0.wp.com\/www.hornamicina.eu\/web\/wp-content\/uploads\/2019\/08\/AE1097AF-9BE7-4CEB-9F41-2E1EE5226C55.jpeg?fit=395%2C399&ssl=1&resize=350%2C200","width":350,"height":200},"classes":[]},{"id":4056,"url":"https:\/\/www.hornamicina.eu\/web\/konanie-o-vydanie-suhlasu-na-vyrub-drevin\/","url_meta":{"origin":1612,"position":4},"title":"Konanie o\u00a0vydanie s\u00fahlasu na\u00a0v\u00fdrub drev\u00edn","author":"admin","date":"21. decembra 2023","format":false,"excerpt":"Predmet konania: \u017diados\u0165 o\u00a0vydanie s\u00fahlasu na\u00a0v\u00fdrub drev\u00edn pod\u013ea ustanovenia \u00a7 47 ods. 3 z\u00e1kona \u010d. 543\/2002 Z.z. o\u00a0ochrane pr\u00edrody a\u00a0krajiny v\u00a0znen\u00ed neskor\u0161\u00edch predpisov (\u010falej len \"z\u00e1kon\"). D\u00e1tum za\u010datia konania: 20.12.2023 \u017diadate\u013e: Obec Horn\u00e1 Mi\u010din\u00e1, 974 01 Horn\u00e1 Mi\u010din\u00e1 79 \u0160pecifik\u00e1cia drev\u00edn: 1ks smrek strieborn\u00fd, 1 ks v\u0155ba previsnut\u00e1, 50m2 krovit\u00fd\u2026","rel":"","context":"V &quot;Elektronick\u00e1 \u00faradn\u00e1 tabu\u013ea&quot;","block_context":{"text":"Elektronick\u00e1 \u00faradn\u00e1 tabu\u013ea","link":"https:\/\/www.hornamicina.eu\/web\/category\/uradna-tabula\/"},"img":{"alt_text":"les","src":"https:\/\/i0.wp.com\/www.hornamicina.eu\/web\/wp-content\/uploads\/2016\/02\/les.jpg?fit=960%2C640&ssl=1&resize=350%2C200","width":350,"height":200,"srcset":"https:\/\/i0.wp.com\/www.hornamicina.eu\/web\/wp-content\/uploads\/2016\/02\/les.jpg?fit=960%2C640&ssl=1&resize=350%2C200 1x, https:\/\/i0.wp.com\/www.hornamicina.eu\/web\/wp-content\/uploads\/2016\/02\/les.jpg?fit=960%2C640&ssl=1&resize=525%2C300 1.5x, https:\/\/i0.wp.com\/www.hornamicina.eu\/web\/wp-content\/uploads\/2016\/02\/les.jpg?fit=960%2C640&ssl=1&resize=700%2C400 2x"},"classes":[]},{"id":468,"url":"https:\/\/www.hornamicina.eu\/web\/autobusovy-zajazd-hontianska-parada-hrusov-2017\/","url_meta":{"origin":1612,"position":5},"title":"Autobusov\u00fd z\u00e1jazd &#8222;Hontianska par\u00e1da Hru\u0161ov 2017&#8220;","author":"admin","date":"21. j\u00fala 2017","format":false,"excerpt":"Obecn\u00fd \u00farad Horn\u00e1 Mi\u010din\u00e1 a Denn\u00e9 centrum seniorov Horn\u00e1 Mi\u010din\u00e1 oznamuj\u00fa ob\u010danom obce, \u017ee d\u0148a 19.8.2017 (sobota) organizuj\u00fa autobusov\u00fd z\u00e1jazd \"Hontianska par\u00e1da Hru\u0161ov 2017\". Z\u00e1ujemcovia sa m\u00f4\u017eu prihl\u00e1si\u0165 z\u00e1v\u00e4zne do 10.8.2017 so zaplaten\u00edm poplatku v sume 7\u20ac\/osoba na obecnom \u00farade Horn\u00e1 Mi\u010din\u00e1. N\u00e1v\u0161teva jednotliv\u00fdch podujat\u00ed je v uveden\u00fd de\u0148 individu\u00e1lna.\u2026","rel":"","context":"V &quot;Denn\u00e9 centrum obce&quot;","block_context":{"text":"Denn\u00e9 centrum obce","link":"https:\/\/www.hornamicina.eu\/web\/category\/denne-centrum-obce\/"},"img":{"alt_text":"Hontianska par\u00e1da Hru\u0161ov 2017","src":"https:\/\/i0.wp.com\/www.hornamicina.eu\/web\/wp-content\/uploads\/2017\/07\/hontparada.jpg?fit=530%2C530&ssl=1&resize=350%2C200","width":350,"height":200,"srcset":"https:\/\/i0.wp.com\/www.hornamicina.eu\/web\/wp-content\/uploads\/2017\/07\/hontparada.jpg?fit=530%2C530&ssl=1&resize=350%2C200 1x, https:\/\/i0.wp.com\/www.hornamicina.eu\/web\/wp-content\/uploads\/2017\/07\/hontparada.jpg?fit=530%2C530&ssl=1&resize=525%2C300 1.5x"},"classes":[]}],"jetpack_likes_enabled":true,"_links":{"self":[{"href":"https:\/\/www.hornamicina.eu\/web\/wp-json\/wp\/v2\/posts\/1612","targetHints":{"allow":["GET"]}}],"collection":[{"href":"https:\/\/www.hornamicina.eu\/web\/wp-json\/wp\/v2\/posts"}],"about":[{"href":"https:\/\/www.hornamicina.eu\/web\/wp-json\/wp\/v2\/types\/post"}],"author":[{"embeddable":true,"href":"https:\/\/www.hornamicina.eu\/web\/wp-json\/wp\/v2\/users\/1"}],"replies":[{"embeddable":true,"href":"https:\/\/www.hornamicina.eu\/web\/wp-json\/wp\/v2\/comments?post=1612"}],"version-history":[{"count":0,"href":"https:\/\/www.hornamicina.eu\/web\/wp-json\/wp\/v2\/posts\/1612\/revisions"}],"wp:featuredmedia":[{"embeddable":true,"href":"https:\/\/www.hornamicina.eu\/web\/wp-json\/wp\/v2\/media\/1613"}],"wp:attachment":[{"href":"https:\/\/www.hornamicina.eu\/web\/wp-json\/wp\/v2\/media?parent=1612"}],"wp:term":[{"taxonomy":"category","embeddable":true,"href":"https:\/\/www.hornamicina.eu\/web\/wp-json\/wp\/v2\/categories?post=1612"},{"taxonomy":"post_tag","embeddable":true,"href":"https:\/\/www.hornamicina.eu\/web\/wp-json\/wp\/v2\/tags?post=1612"}],"curies":[{"name":"wp","href":"https:\/\/api.w.org\/{rel}","templated":true}]}}