{"id":1550,"date":"2019-08-06T11:55:54","date_gmt":"2019-08-06T09:55:54","guid":{"rendered":"https:\/\/www.hornamicina.eu\/web\/?p=1550"},"modified":"2020-06-26T21:11:58","modified_gmt":"2020-06-26T19:11:58","slug":"stvorlistok-basnikov-jana-gallovica","status":"publish","type":"post","link":"https:\/\/www.hornamicina.eu\/web\/stvorlistok-basnikov-jana-gallovica\/","title":{"rendered":"\u0160tvorl\u00edstok b\u00e1snikov J\u00e1na Gallovi\u010da"},"content":{"rendered":"<p>Obecn\u00fd \u00farad Horn\u00e1 Mi\u010din\u00e1 V\u00e1s poz\u00fdva na IV. liter\u00e1rno hudobn\u00fd ve\u010der do Evanjelick\u00e9ho kostola na Lazovnej ulici v Banskej Bystrici na predstavenie J\u00e1na Gallovi\u010da, Petra Lipu a Juraja Ba\u010du \u0160tvorl\u00edstok b\u00e1snikov, ktor\u00fd sa uskuto\u010dn\u00ed 15.9.2019 o 18:00.<\/p>\n<p><a href=\"https:\/\/i0.wp.com\/www.hornamicina.eu\/web\/wp-content\/uploads\/2019\/08\/C872CF6E-3F76-437B-9F20-01C339718A9E.jpeg?ssl=1\"><img data-recalc-dims=\"1\" loading=\"lazy\" decoding=\"async\" data-attachment-id=\"1551\" data-permalink=\"https:\/\/www.hornamicina.eu\/web\/stvorlistok-basnikov-jana-gallovica\/c872cf6e-3f76-437b-9f20-01c339718a9e\/\" data-orig-file=\"https:\/\/i0.wp.com\/www.hornamicina.eu\/web\/wp-content\/uploads\/2019\/08\/C872CF6E-3F76-437B-9F20-01C339718A9E.jpeg?fit=1242%2C1812&amp;ssl=1\" data-orig-size=\"1242,1812\" data-comments-opened=\"0\" data-image-meta=\"{&quot;aperture&quot;:&quot;0&quot;,&quot;credit&quot;:&quot;&quot;,&quot;camera&quot;:&quot;&quot;,&quot;caption&quot;:&quot;&quot;,&quot;created_timestamp&quot;:&quot;0&quot;,&quot;copyright&quot;:&quot;&quot;,&quot;focal_length&quot;:&quot;0&quot;,&quot;iso&quot;:&quot;0&quot;,&quot;shutter_speed&quot;:&quot;0&quot;,&quot;title&quot;:&quot;&quot;,&quot;orientation&quot;:&quot;1&quot;}\" data-image-title=\"C872CF6E-3F76-437B-9F20-01C339718A9E\" data-image-description=\"\" data-image-caption=\"\" data-large-file=\"https:\/\/i0.wp.com\/www.hornamicina.eu\/web\/wp-content\/uploads\/2019\/08\/C872CF6E-3F76-437B-9F20-01C339718A9E.jpeg?fit=702%2C1024&amp;ssl=1\" class=\"alignnone size-large wp-image-1551\" src=\"https:\/\/i0.wp.com\/www.hornamicina.eu\/web\/wp-content\/uploads\/2019\/08\/C872CF6E-3F76-437B-9F20-01C339718A9E.jpeg?resize=702%2C1024&#038;ssl=1\" alt=\"\" width=\"702\" height=\"1024\" srcset=\"https:\/\/i0.wp.com\/www.hornamicina.eu\/web\/wp-content\/uploads\/2019\/08\/C872CF6E-3F76-437B-9F20-01C339718A9E.jpeg?resize=702%2C1024&amp;ssl=1 702w, https:\/\/i0.wp.com\/www.hornamicina.eu\/web\/wp-content\/uploads\/2019\/08\/C872CF6E-3F76-437B-9F20-01C339718A9E.jpeg?resize=206%2C300&amp;ssl=1 206w, https:\/\/i0.wp.com\/www.hornamicina.eu\/web\/wp-content\/uploads\/2019\/08\/C872CF6E-3F76-437B-9F20-01C339718A9E.jpeg?resize=768%2C1120&amp;ssl=1 768w, https:\/\/i0.wp.com\/www.hornamicina.eu\/web\/wp-content\/uploads\/2019\/08\/C872CF6E-3F76-437B-9F20-01C339718A9E.jpeg?resize=720%2C1050&amp;ssl=1 720w, https:\/\/i0.wp.com\/www.hornamicina.eu\/web\/wp-content\/uploads\/2019\/08\/C872CF6E-3F76-437B-9F20-01C339718A9E.jpeg?w=1242&amp;ssl=1 1242w\" sizes=\"auto, (max-width: 702px) 100vw, 702px\" \/><\/a><\/p>\n","protected":false},"excerpt":{"rendered":"Obecn\u00fd \u00farad Horn\u00e1 Mi\u010din\u00e1 V\u00e1s poz\u00fdva na IV. liter\u00e1rno hudobn\u00fd ve\u010der do Evanjelick\u00e9ho [&hellip;]","protected":false},"author":1,"featured_media":1552,"comment_status":"closed","ping_status":"open","sticky":false,"template":"","format":"standard","meta":{"advanced_seo_description":"","jetpack_seo_html_title":"","jetpack_seo_noindex":false,"_jetpack_memberships_contains_paid_content":false,"footnotes":""},"categories":[206,5,7,8],"tags":[],"class_list":["post-1550","post","type-post","status-publish","format-standard","has-post-thumbnail","hentry","category-denne-centrum-obce","category-dolezite","category-kultura","category-oznamy"],"jetpack_featured_media_url":"https:\/\/i0.wp.com\/www.hornamicina.eu\/web\/wp-content\/uploads\/2019\/08\/6E196989-4FA4-458A-9F02-0B11D4D47633.jpeg?fit=659%2C659&ssl=1","jetpack_sharing_enabled":true,"jetpack_shortlink":"https:\/\/wp.me\/p8RsFw-p0","jetpack-related-posts":[{"id":2064,"url":"https:\/\/www.hornamicina.eu\/web\/uznesenia-z-2020-08-13\/","url_meta":{"origin":1550,"position":0},"title":"Uznesenia zo d\u0148a 13.8.2020","author":"admin","date":"7. septembra 2020","format":"aside","excerpt":"UZNESENIA zo zasadnutia obecn\u00e9ho zastupite\u013estva (\u010falej len OZ) obce Horn\u00e1 Mi\u010din\u00e1 konan\u00e9ho d\u0148a 13.8.2020 Uznesenie \u010d. 1 \/ zo d\u0148a 13.08.2020 K bodu 2. Program obecn\u00e9ho zastupite\u013estva - OZ obce Horn\u00e1 Mi\u010din\u00e1 schva\u013euje: - Program obecn\u00e9ho zastupite\u013estva doplnen\u00fd o bod 11. Pr\u00edtomn\u00ed poslanci: Jana Baranov\u00e1, Michal Karkal\u00edk, Richard Kaz\u00edk, Bohu\u0161\u2026","rel":"","context":"V &quot;Uznesenia&quot;","block_context":{"text":"Uznesenia","link":"https:\/\/www.hornamicina.eu\/web\/category\/uznesenia\/"},"img":{"alt_text":"Logo obce a dokumenty","src":"https:\/\/i0.wp.com\/www.hornamicina.eu\/web\/wp-content\/uploads\/2017\/07\/uznesenia.jpg?fit=530%2C530&ssl=1&resize=350%2C200","width":350,"height":200,"srcset":"https:\/\/i0.wp.com\/www.hornamicina.eu\/web\/wp-content\/uploads\/2017\/07\/uznesenia.jpg?fit=530%2C530&ssl=1&resize=350%2C200 1x, https:\/\/i0.wp.com\/www.hornamicina.eu\/web\/wp-content\/uploads\/2017\/07\/uznesenia.jpg?fit=530%2C530&ssl=1&resize=525%2C300 1.5x"},"classes":[]},{"id":1992,"url":"https:\/\/www.hornamicina.eu\/web\/uznesenia-z-2020-05-20\/","url_meta":{"origin":1550,"position":1},"title":"Uznesenia zo d\u0148a 20.5.2020","author":"admin","date":"26. m\u00e1ja 2020","format":"aside","excerpt":"UZNESENIA zo zasadnutia obecn\u00e9ho zastupite\u013estva (\u010falej len OZ) obce Horn\u00e1 Mi\u010din\u00e1 konan\u00e9ho d\u0148a 20.05.2020 Uznesenie \u010d. 1 \/ zo d\u0148a 20.05.2020 K bodu 2. Program obecn\u00e9ho zastupite\u013estva OZ obce Horn\u00e1 Mi\u010din\u00e1 schva\u013euje: - Program obecn\u00e9ho zastupite\u013estva Pr\u00edtomn\u00ed poslanci: Jana Baranov\u00e1, Michal Karkal\u00edk, Richard Kaz\u00edk, Bohu\u0161 Martinec, Jaroslav Pa\u013ea Hlasovali za:\u2026","rel":"","context":"V &quot;Uznesenia&quot;","block_context":{"text":"Uznesenia","link":"https:\/\/www.hornamicina.eu\/web\/category\/uznesenia\/"},"img":{"alt_text":"Logo obce a dokumenty","src":"https:\/\/i0.wp.com\/www.hornamicina.eu\/web\/wp-content\/uploads\/2017\/07\/uznesenia.jpg?fit=530%2C530&ssl=1&resize=350%2C200","width":350,"height":200,"srcset":"https:\/\/i0.wp.com\/www.hornamicina.eu\/web\/wp-content\/uploads\/2017\/07\/uznesenia.jpg?fit=530%2C530&ssl=1&resize=350%2C200 1x, https:\/\/i0.wp.com\/www.hornamicina.eu\/web\/wp-content\/uploads\/2017\/07\/uznesenia.jpg?fit=530%2C530&ssl=1&resize=525%2C300 1.5x"},"classes":[]},{"id":1620,"url":"https:\/\/www.hornamicina.eu\/web\/uznesenia-z-2019-10-21\/","url_meta":{"origin":1550,"position":2},"title":"Uznesenia z 21.10.2019","author":"admin","date":"28. okt\u00f3bra 2019","format":"aside","excerpt":"UZNESENIA zo zasadnutia obecn\u00e9ho zastupite\u013estva (\u010falej len OZ) obce Horn\u00e1 Mi\u010din\u00e1 konan\u00e9ho d\u0148a 21.10.2019 Uznesenie \u010d. 1 \/ zo d\u0148a 21.10.2019 K\u00a0bodu 2. Program obecn\u00e9ho zastupite\u013estva OZ obce Horn\u00e1 Mi\u010din\u00e1 schva\u013euje -\u00a0\u00a0\u00a0\u00a0\u00a0\u00a0\u00a0\u00a0\u00a0\u00a0Program obecn\u00e9ho zastupite\u013estva Pr\u00edtomn\u00ed poslanci: \u00a0\u00a0\u00a0\u00a0\u00a0\u00a0\u00a0\u00a0\u00a0 Jana Baranov\u00e1, Michal Karkal\u00edk, Richard Kaz\u00edk, Bohu\u0161 Martinec, Jaroslav Pa\u013ea Hlasovali\u00a0\u00a0\u00a0\u00a0\u00a0\u00a0\u00a0\u00a0\u00a0\u00a0\u00a0\u00a0\u00a0 za: (5)\u2026","rel":"","context":"V &quot;Uznesenia&quot;","block_context":{"text":"Uznesenia","link":"https:\/\/www.hornamicina.eu\/web\/category\/uznesenia\/"},"img":{"alt_text":"Logo obce a dokumenty","src":"https:\/\/i0.wp.com\/www.hornamicina.eu\/web\/wp-content\/uploads\/2017\/07\/uznesenia.jpg?fit=530%2C530&ssl=1&resize=350%2C200","width":350,"height":200,"srcset":"https:\/\/i0.wp.com\/www.hornamicina.eu\/web\/wp-content\/uploads\/2017\/07\/uznesenia.jpg?fit=530%2C530&ssl=1&resize=350%2C200 1x, https:\/\/i0.wp.com\/www.hornamicina.eu\/web\/wp-content\/uploads\/2017\/07\/uznesenia.jpg?fit=530%2C530&ssl=1&resize=525%2C300 1.5x"},"classes":[]},{"id":4926,"url":"https:\/\/www.hornamicina.eu\/web\/uznesenia-zo-zasadnutia-oz-obce-horna-micina-9-2024\/","url_meta":{"origin":1550,"position":3},"title":"Uznesenia zo zasadnutia oz obce Horn\u00e1 Mi\u010din\u00e1 &#8211; 9\/2024","author":"admin","date":"23. septembra 2024","format":false,"excerpt":"UZNESENIA zo zasadnutia obecn\u00e9ho zastupite\u013estva (\u010falej len OZ) obce Horn\u00e1 Mi\u010din\u00e1 konan\u00e9ho d\u0148a 16.9.2024 v\u00a0budove obecn\u00e9ho \u00faradu Horn\u00e1 Mi\u010din\u00e1 o\u00a017:00 hod. \u00a0 PR\u00cdTOMN\u00cd POSLANCI: Teodor Bachleda,\u00a0 Michal Karkal\u00edk, \u00a0Jana Baranov\u00e1 NEPR\u00cdTOMN\u00cd POSLANCI: \u013dubom\u00edr \u010cerh\u00fd\u0148-DOV zahrani\u010die,Tibor Pip\u00ed\u0161ka -PN \u00a0 K\u00a0bodu 2. Program OZ OZ obce Horn\u00e1 Mi\u010din\u00e1 uznesen\u00edm \u010d.28\/2024\u00a0 zo 16.9.2024\u2026","rel":"","context":"V &quot;Uznesenia&quot;","block_context":{"text":"Uznesenia","link":"https:\/\/www.hornamicina.eu\/web\/category\/uznesenia\/"},"img":{"alt_text":"","src":"https:\/\/i0.wp.com\/www.hornamicina.eu\/web\/wp-content\/uploads\/2017\/07\/zastupitelstvo.jpg?fit=530%2C375&ssl=1&resize=350%2C200","width":350,"height":200,"srcset":"https:\/\/i0.wp.com\/www.hornamicina.eu\/web\/wp-content\/uploads\/2017\/07\/zastupitelstvo.jpg?fit=530%2C375&ssl=1&resize=350%2C200 1x, https:\/\/i0.wp.com\/www.hornamicina.eu\/web\/wp-content\/uploads\/2017\/07\/zastupitelstvo.jpg?fit=530%2C375&ssl=1&resize=525%2C300 1.5x"},"classes":[]},{"id":4924,"url":"https:\/\/www.hornamicina.eu\/web\/zapisnica-so-zasadnutia-zastupitelstva-obce-hm-9-2024\/","url_meta":{"origin":1550,"position":4},"title":"Z\u00e1pisnica so zasadnutia zastupite\u013estva obce HM &#8211; 9\/2024","author":"admin","date":"23. septembra 2024","format":false,"excerpt":"Z\u00c1PISNICA zo zasadnutia obecn\u00e9ho zastupite\u013estva (\u010falej len OZ) obce\u00a0Horn\u00e1 Mi\u010din\u00e1 konan\u00e9ho d\u0148a 16.9.2024 v budove obecn\u00e9ho \u00faradu Horn\u00e1 Mi\u010din\u00e1 o 17:00 hod. \u00a0 PR\u00cdTOMN\u00cd: Starosta obce:\u00a0\u00a0\u00a0\u00a0\u00a0\u00a0\u00a0\u00a0\u00a0\u00a0\u00a0\u00a0\u00a0\u00a0\u00a0\u00a0\u00a0\u00a0\u00a0\u00a0\u00a0\u00a0\u00a0\u00a0\u00a0\u00a0\u00a0\u00a0\u00a0 Ivan Len\u00e1r Poslanci OZ:\u00a0\u00a0\u00a0\u00a0\u00a0\u00a0\u00a0\u00a0\u00a0\u00a0\u00a0\u00a0\u00a0\u00a0\u00a0\u00a0\u00a0\u00a0\u00a0\u00a0\u00a0\u00a0\u00a0\u00a0\u00a0\u00a0\u00a0\u00a0\u00a0\u00a0\u00a0\u00a0 pod\u013ea prilo\u017eenej prezen\u010dnej listiny Ob\u010dania obce a\u00a0prizvan\u00ed:\u00a0\u00a0\u00a0\u00a0\u00a0\u00a0\u00a0\u00a0\u00a0\u00a0\u00a0\u00a0 pod\u013ea prilo\u017eenej prezen\u010dnej listiny \u00a0 Zasadnutie obecn\u00e9ho zastupite\u013estva otvoril a\u00a0viedol starosta obce Ivan\u2026","rel":"","context":"V &quot;D\u00f4le\u017eit\u00e9&quot;","block_context":{"text":"D\u00f4le\u017eit\u00e9","link":"https:\/\/www.hornamicina.eu\/web\/category\/dolezite\/"},"img":{"alt_text":"","src":"https:\/\/i0.wp.com\/www.hornamicina.eu\/web\/wp-content\/uploads\/2017\/07\/zastupitelstvo.jpg?fit=530%2C375&ssl=1&resize=350%2C200","width":350,"height":200,"srcset":"https:\/\/i0.wp.com\/www.hornamicina.eu\/web\/wp-content\/uploads\/2017\/07\/zastupitelstvo.jpg?fit=530%2C375&ssl=1&resize=350%2C200 1x, https:\/\/i0.wp.com\/www.hornamicina.eu\/web\/wp-content\/uploads\/2017\/07\/zastupitelstvo.jpg?fit=530%2C375&ssl=1&resize=525%2C300 1.5x"},"classes":[]},{"id":1545,"url":"https:\/\/www.hornamicina.eu\/web\/uznesenie-z-2019-07-22\/","url_meta":{"origin":1550,"position":5},"title":"Uznesenie z 22.7.2019","author":"admin","date":"2. augusta 2019","format":"aside","excerpt":"UZNESENIA zo zasadnutia obecn\u00e9ho zastupite\u013estva (\u010falej len OZ) obce Horn\u00e1 Mi\u010din\u00e1 konan\u00e9ho d\u0148a 22.07.2019 Uznesenie \u010d. 1 \/ zo d\u0148a 22.07.2019 K\u00a0bodu 2. Program obecn\u00e9ho zastupite\u013estva OZ obce Horn\u00e1 Mi\u010din\u00e1 schva\u013euje -\u00a0\u00a0\u00a0\u00a0\u00a0\u00a0\u00a0\u00a0\u00a0\u00a0Program obecn\u00e9ho zastupite\u013estva Pr\u00edtomn\u00ed poslanci: \u00a0\u00a0\u00a0\u00a0\u00a0\u00a0\u00a0\u00a0\u00a0 Jana Baranov\u00e1, Michal Karkal\u00edk, Richard Kaz\u00edk, Bohu\u0161 Martinec, Jaroslav Pa\u013ea Hlasovali\u00a0\u00a0\u00a0\u00a0\u00a0\u00a0\u00a0\u00a0\u00a0\u00a0\u00a0\u00a0\u00a0 za: (5)\u2026","rel":"","context":"V &quot;Uznesenia&quot;","block_context":{"text":"Uznesenia","link":"https:\/\/www.hornamicina.eu\/web\/category\/uznesenia\/"},"img":{"alt_text":"Logo obce a dokumenty","src":"https:\/\/i0.wp.com\/www.hornamicina.eu\/web\/wp-content\/uploads\/2017\/07\/uznesenia.jpg?fit=530%2C530&ssl=1&resize=350%2C200","width":350,"height":200,"srcset":"https:\/\/i0.wp.com\/www.hornamicina.eu\/web\/wp-content\/uploads\/2017\/07\/uznesenia.jpg?fit=530%2C530&ssl=1&resize=350%2C200 1x, https:\/\/i0.wp.com\/www.hornamicina.eu\/web\/wp-content\/uploads\/2017\/07\/uznesenia.jpg?fit=530%2C530&ssl=1&resize=525%2C300 1.5x"},"classes":[]}],"jetpack_likes_enabled":true,"_links":{"self":[{"href":"https:\/\/www.hornamicina.eu\/web\/wp-json\/wp\/v2\/posts\/1550","targetHints":{"allow":["GET"]}}],"collection":[{"href":"https:\/\/www.hornamicina.eu\/web\/wp-json\/wp\/v2\/posts"}],"about":[{"href":"https:\/\/www.hornamicina.eu\/web\/wp-json\/wp\/v2\/types\/post"}],"author":[{"embeddable":true,"href":"https:\/\/www.hornamicina.eu\/web\/wp-json\/wp\/v2\/users\/1"}],"replies":[{"embeddable":true,"href":"https:\/\/www.hornamicina.eu\/web\/wp-json\/wp\/v2\/comments?post=1550"}],"version-history":[{"count":0,"href":"https:\/\/www.hornamicina.eu\/web\/wp-json\/wp\/v2\/posts\/1550\/revisions"}],"wp:featuredmedia":[{"embeddable":true,"href":"https:\/\/www.hornamicina.eu\/web\/wp-json\/wp\/v2\/media\/1552"}],"wp:attachment":[{"href":"https:\/\/www.hornamicina.eu\/web\/wp-json\/wp\/v2\/media?parent=1550"}],"wp:term":[{"taxonomy":"category","embeddable":true,"href":"https:\/\/www.hornamicina.eu\/web\/wp-json\/wp\/v2\/categories?post=1550"},{"taxonomy":"post_tag","embeddable":true,"href":"https:\/\/www.hornamicina.eu\/web\/wp-json\/wp\/v2\/tags?post=1550"}],"curies":[{"name":"wp","href":"https:\/\/api.w.org\/{rel}","templated":true}]}}