{"id":1391,"date":"2019-04-24T16:41:10","date_gmt":"2019-04-24T14:41:10","guid":{"rendered":"https:\/\/www.hornamicina.eu\/web\/?p=1391"},"modified":"2019-04-24T16:41:10","modified_gmt":"2019-04-24T14:41:10","slug":"divadelne-predstavenie-fimfarum","status":"publish","type":"post","link":"https:\/\/www.hornamicina.eu\/web\/divadelne-predstavenie-fimfarum\/","title":{"rendered":"Divadeln\u00e9 predstavenie &#8211; Fimfarum"},"content":{"rendered":"<p>Obec Horn\u00e1 Mi\u010din\u00e1 V\u00e1s poz\u00fdva na divadeln\u00e9 predstavenie Fimfarum pod\u013ea rovnomennej rozpr\u00e1vky Jana Wericha<\/p>\n<p><strong><span style=\"font-size: 18pt;\">v sobotu 27.4.2019 o 17:00<\/span><\/strong><\/p>\n<p>v s\u00e1le Obecn\u00e9ho \u00faradu.<\/p>\n<p style=\"text-align: center;\">Te\u0161\u00edme sa na Va\u0161u \u00fa\u010das\u0165! \u010clenovia divadeln\u00e9ho kr\u00fa\u017eku EVG BB. Vstupn\u00e9 dobrovo\u013en\u00e9..<a href=\"https:\/\/i0.wp.com\/www.hornamicina.eu\/web\/wp-content\/uploads\/2019\/04\/06917530-5597-4770-B331-FF14F5B693CD.jpeg?ssl=1\"><img data-recalc-dims=\"1\" loading=\"lazy\" decoding=\"async\" data-attachment-id=\"1393\" data-permalink=\"https:\/\/www.hornamicina.eu\/web\/divadelne-predstavenie-fimfarum\/06917530-5597-4770-b331-ff14f5b693cd\/\" data-orig-file=\"https:\/\/i0.wp.com\/www.hornamicina.eu\/web\/wp-content\/uploads\/2019\/04\/06917530-5597-4770-B331-FF14F5B693CD.jpeg?fit=1242%2C1695&amp;ssl=1\" data-orig-size=\"1242,1695\" data-comments-opened=\"0\" data-image-meta=\"{&quot;aperture&quot;:&quot;0&quot;,&quot;credit&quot;:&quot;&quot;,&quot;camera&quot;:&quot;&quot;,&quot;caption&quot;:&quot;&quot;,&quot;created_timestamp&quot;:&quot;0&quot;,&quot;copyright&quot;:&quot;&quot;,&quot;focal_length&quot;:&quot;0&quot;,&quot;iso&quot;:&quot;0&quot;,&quot;shutter_speed&quot;:&quot;0&quot;,&quot;title&quot;:&quot;&quot;,&quot;orientation&quot;:&quot;1&quot;}\" data-image-title=\"06917530-5597-4770-B331-FF14F5B693CD\" data-image-description=\"\" data-image-caption=\"\" data-large-file=\"https:\/\/i0.wp.com\/www.hornamicina.eu\/web\/wp-content\/uploads\/2019\/04\/06917530-5597-4770-B331-FF14F5B693CD.jpeg?fit=750%2C1024&amp;ssl=1\" class=\"alignnone size-large wp-image-1393\" src=\"https:\/\/i0.wp.com\/www.hornamicina.eu\/web\/wp-content\/uploads\/2019\/04\/06917530-5597-4770-B331-FF14F5B693CD.jpeg?resize=750%2C1024&#038;ssl=1\" alt=\"\" width=\"750\" height=\"1024\" srcset=\"https:\/\/i0.wp.com\/www.hornamicina.eu\/web\/wp-content\/uploads\/2019\/04\/06917530-5597-4770-B331-FF14F5B693CD.jpeg?resize=750%2C1024&amp;ssl=1 750w, https:\/\/i0.wp.com\/www.hornamicina.eu\/web\/wp-content\/uploads\/2019\/04\/06917530-5597-4770-B331-FF14F5B693CD.jpeg?resize=220%2C300&amp;ssl=1 220w, https:\/\/i0.wp.com\/www.hornamicina.eu\/web\/wp-content\/uploads\/2019\/04\/06917530-5597-4770-B331-FF14F5B693CD.jpeg?resize=768%2C1048&amp;ssl=1 768w, https:\/\/i0.wp.com\/www.hornamicina.eu\/web\/wp-content\/uploads\/2019\/04\/06917530-5597-4770-B331-FF14F5B693CD.jpeg?resize=720%2C983&amp;ssl=1 720w, https:\/\/i0.wp.com\/www.hornamicina.eu\/web\/wp-content\/uploads\/2019\/04\/06917530-5597-4770-B331-FF14F5B693CD.jpeg?w=1242&amp;ssl=1 1242w\" sizes=\"auto, (max-width: 750px) 100vw, 750px\" \/><\/a><\/p>\n<p>&nbsp;<\/p>\n<p>&nbsp;<\/p>\n","protected":false},"excerpt":{"rendered":"Obec Horn\u00e1 Mi\u010din\u00e1 V\u00e1s poz\u00fdva na divadeln\u00e9 predstavenie Fimfarum pod\u013ea rovnomennej rozpr\u00e1vky Jana [&hellip;]","protected":false},"author":1,"featured_media":1392,"comment_status":"closed","ping_status":"open","sticky":false,"template":"","format":"standard","meta":{"advanced_seo_description":"","jetpack_seo_html_title":"","jetpack_seo_noindex":false,"_jetpack_memberships_contains_paid_content":false,"footnotes":""},"categories":[5,7,8],"tags":[53,102,104,103],"class_list":["post-1391","post","type-post","status-publish","format-standard","has-post-thumbnail","hentry","category-dolezite","category-kultura","category-oznamy","tag-53","tag-divadlo","tag-fimfarum","tag-predstavenie"],"jetpack_featured_media_url":"https:\/\/i0.wp.com\/www.hornamicina.eu\/web\/wp-content\/uploads\/2019\/04\/28640F54-CBDF-41EA-B805-ED558C321FF4.jpeg?fit=441%2C269&ssl=1","jetpack_sharing_enabled":true,"jetpack_shortlink":"https:\/\/wp.me\/p8RsFw-mr","jetpack-related-posts":[{"id":1675,"url":"https:\/\/www.hornamicina.eu\/web\/mikulas-2019\/","url_meta":{"origin":1391,"position":0},"title":"Mikul\u00e1\u0161 2019","author":"admin","date":"25. novembra 2019","format":false,"excerpt":"Obec Horn\u00e1 Mi\u010din\u00e1 poz\u00fdva deti obce d\u0148a 7.12.2019 (sobota) na stretnutie s Mikul\u00e1\u0161om, rozsvietenie viano\u010dn\u00e9ho strom\u010deka a sladk\u00fa odmenu. PROGRAM: 14:45 hod. \u00a0 \u00a0- divadeln\u00e9 predstavenie hercov z Divadla pod balk\u00f3nom v s\u00e1le obecn\u00e9ho \u00faradu a rozd\u00e1vanie mikul\u00e1\u0161skych bal\u00edkov 16:00 hod. \u00a0 \u00a0- rozsvietenie viano\u010dn\u00e9ho strom\u010deka v obecnom parku \u00a0\u2026","rel":"","context":"V &quot;Kult\u00fara&quot;","block_context":{"text":"Kult\u00fara","link":"https:\/\/www.hornamicina.eu\/web\/category\/kultura\/"},"img":{"alt_text":"","src":"https:\/\/i0.wp.com\/www.hornamicina.eu\/web\/wp-content\/uploads\/2019\/11\/mikulast.jpg?fit=1069%2C550&ssl=1&resize=350%2C200","width":350,"height":200,"srcset":"https:\/\/i0.wp.com\/www.hornamicina.eu\/web\/wp-content\/uploads\/2019\/11\/mikulast.jpg?fit=1069%2C550&ssl=1&resize=350%2C200 1x, https:\/\/i0.wp.com\/www.hornamicina.eu\/web\/wp-content\/uploads\/2019\/11\/mikulast.jpg?fit=1069%2C550&ssl=1&resize=525%2C300 1.5x, https:\/\/i0.wp.com\/www.hornamicina.eu\/web\/wp-content\/uploads\/2019\/11\/mikulast.jpg?fit=1069%2C550&ssl=1&resize=700%2C400 2x, https:\/\/i0.wp.com\/www.hornamicina.eu\/web\/wp-content\/uploads\/2019\/11\/mikulast.jpg?fit=1069%2C550&ssl=1&resize=1050%2C600 3x"},"classes":[]},{"id":672,"url":"https:\/\/www.hornamicina.eu\/web\/mikulas-2017\/","url_meta":{"origin":1391,"position":1},"title":"Mikul\u00e1\u0161 2017","author":"admin","date":"4. decembra 2017","format":false,"excerpt":"Obec Horn\u00e1 Mi\u010din\u00e1 poz\u00fdva mal\u00fdch aj ve\u013ek\u00fdch d\u0148a 9.12.2017 (sobota) na stretnutie s Mikul\u00e1\u0161om, rozsvietenie viano\u010dn\u00e9ho strom\u010deka a sladk\u00fa odmenu pre deti. Pozv\u00e1nka na stretnutie s Mikul\u00e1\u0161om - 2017 \u00a0 PROGRAM: 16:00 hod. \u00a0 \u00a0- rozsvietenie viano\u010dn\u00e9ho strom\u010deka v obecnom parku 16:30 hod. \u00a0 \u00a0- divadeln\u00e9 predstavenie v s\u00e1le obecn\u00e9ho\u2026","rel":"","context":"V &quot;Kult\u00fara&quot;","block_context":{"text":"Kult\u00fara","link":"https:\/\/www.hornamicina.eu\/web\/category\/kultura\/"},"img":{"alt_text":"","src":"https:\/\/i0.wp.com\/www.hornamicina.eu\/web\/wp-content\/uploads\/2017\/12\/stromcek1.png?fit=530%2C530&ssl=1&resize=350%2C200","width":350,"height":200,"srcset":"https:\/\/i0.wp.com\/www.hornamicina.eu\/web\/wp-content\/uploads\/2017\/12\/stromcek1.png?fit=530%2C530&ssl=1&resize=350%2C200 1x, https:\/\/i0.wp.com\/www.hornamicina.eu\/web\/wp-content\/uploads\/2017\/12\/stromcek1.png?fit=530%2C530&ssl=1&resize=525%2C300 1.5x"},"classes":[]},{"id":4023,"url":"https:\/\/www.hornamicina.eu\/web\/mikulas-2023\/","url_meta":{"origin":1391,"position":2},"title":"Mikul\u00e1\u0161 2023","author":"admin","date":"29. novembra 2023","format":false,"excerpt":"Obec Horn\u00e1 Mi\u010din\u00e1 poz\u00fdva mil\u00e9 deti a rodi\u010dov\u00a0 Mikul\u00e1\u0161 pre najmen\u0161\u00edch 9.12.2023 (sobota) od 16:15 hod \u00a0 16:15 - stretnutie pri viano\u010dnom strom\u010deku v parku Horn\u00e1 Mi\u010din\u00e1 16:30 - Rozsvietenie strom\u010deka 17:00 - Divadeln\u00e9 predstavenie pre najmen\u0161\u00edch - Havko a M\u0148auka sa chystaj\u00fa na Vianoce \u00a0 \u00da\u010das\u0165 pros\u00edm nahl\u00e1ste cez\u2026","rel":"","context":"V &quot;Kult\u00fara&quot;","block_context":{"text":"Kult\u00fara","link":"https:\/\/www.hornamicina.eu\/web\/category\/kultura\/"},"img":{"alt_text":"","src":"https:\/\/i0.wp.com\/www.hornamicina.eu\/web\/wp-content\/uploads\/2023\/11\/Mikulas2023.png?fit=1200%2C653&ssl=1&resize=350%2C200","width":350,"height":200,"srcset":"https:\/\/i0.wp.com\/www.hornamicina.eu\/web\/wp-content\/uploads\/2023\/11\/Mikulas2023.png?fit=1200%2C653&ssl=1&resize=350%2C200 1x, https:\/\/i0.wp.com\/www.hornamicina.eu\/web\/wp-content\/uploads\/2023\/11\/Mikulas2023.png?fit=1200%2C653&ssl=1&resize=525%2C300 1.5x, https:\/\/i0.wp.com\/www.hornamicina.eu\/web\/wp-content\/uploads\/2023\/11\/Mikulas2023.png?fit=1200%2C653&ssl=1&resize=700%2C400 2x, https:\/\/i0.wp.com\/www.hornamicina.eu\/web\/wp-content\/uploads\/2023\/11\/Mikulas2023.png?fit=1200%2C653&ssl=1&resize=1050%2C600 3x"},"classes":[]},{"id":4246,"url":"https:\/\/www.hornamicina.eu\/web\/mdd-na-hornej-micinej-1-6-2024\/","url_meta":{"origin":1391,"position":3},"title":"MDD na Hornej Mi\u010dinej &#8211; 1.6.2024","author":"admin","date":"16. m\u00e1ja 2024","format":false,"excerpt":"Obec Horn\u00e1 Mi\u010din\u00e1 poz\u00fdva v\u0161etky deti a rodi\u010dov na de\u0148 det\u00ed na Mi\u010dinej. Horn\u00e1 Mi\u010din\u00e1 poz\u00fdva v\u0161etky deti a rodi\u010dov na de\u0148 det\u00ed na Mi\u010dinej. 1.6.2024 od 15:00 hod \u0160portov\u00e9 ihrisko pri Obecnom \u00farade Program: Program: sk\u00e1kacie hrady \u2013 Lev\u00ed kr\u00e1\u013e a Dr\u00e1\u010dik Divadeln\u00e9 predstavenie o sedlia\u010dke dareb\u00e1\u010dke \/ Divadlo\u2026","rel":"","context":"V &quot;D\u00f4le\u017eit\u00e9&quot;","block_context":{"text":"D\u00f4le\u017eit\u00e9","link":"https:\/\/www.hornamicina.eu\/web\/category\/dolezite\/"},"img":{"alt_text":"","src":"https:\/\/i0.wp.com\/www.hornamicina.eu\/web\/wp-content\/uploads\/2024\/05\/IMG_3778.jpeg?fit=1200%2C557&ssl=1&resize=350%2C200","width":350,"height":200,"srcset":"https:\/\/i0.wp.com\/www.hornamicina.eu\/web\/wp-content\/uploads\/2024\/05\/IMG_3778.jpeg?fit=1200%2C557&ssl=1&resize=350%2C200 1x, https:\/\/i0.wp.com\/www.hornamicina.eu\/web\/wp-content\/uploads\/2024\/05\/IMG_3778.jpeg?fit=1200%2C557&ssl=1&resize=525%2C300 1.5x, https:\/\/i0.wp.com\/www.hornamicina.eu\/web\/wp-content\/uploads\/2024\/05\/IMG_3778.jpeg?fit=1200%2C557&ssl=1&resize=700%2C400 2x, https:\/\/i0.wp.com\/www.hornamicina.eu\/web\/wp-content\/uploads\/2024\/05\/IMG_3778.jpeg?fit=1200%2C557&ssl=1&resize=1050%2C600 3x"},"classes":[]},{"id":1100,"url":"https:\/\/www.hornamicina.eu\/web\/mikulas-2018\/","url_meta":{"origin":1391,"position":4},"title":"Mikul\u00e1\u0161 2018","author":"admin","date":"29. novembra 2018","format":false,"excerpt":"Obec Horn\u00e1 Mi\u010din\u00e1 poz\u00fdva mal\u00fdch aj ve\u013ek\u00fdch d\u0148a 8.12.2018 (sobota) na stretnutie s Mikul\u00e1\u0161om, rozsvietenie viano\u010dn\u00e9ho strom\u010deka a sladk\u00fa odmenu pre deti. Pozv\u00e1nka na stretnutie s Mikul\u00e1\u0161om - 2018 \u00a0 PROGRAM: 14:30 hod. \u00a0 \u00a0- divadeln\u00e9 predstavenie hercov z Divadla pod balk\u00f3nom v s\u00e1le obecn\u00e9ho \u00faradu a rozd\u00e1vanie mikul\u00e1\u0161skych bal\u00edkov\u2026","rel":"","context":"V &quot;Kult\u00fara&quot;","block_context":{"text":"Kult\u00fara","link":"https:\/\/www.hornamicina.eu\/web\/category\/kultura\/"},"img":{"alt_text":"","src":"https:\/\/i0.wp.com\/www.hornamicina.eu\/web\/wp-content\/uploads\/2017\/12\/stromcek1.png?fit=530%2C530&ssl=1&resize=350%2C200","width":350,"height":200,"srcset":"https:\/\/i0.wp.com\/www.hornamicina.eu\/web\/wp-content\/uploads\/2017\/12\/stromcek1.png?fit=530%2C530&ssl=1&resize=350%2C200 1x, https:\/\/i0.wp.com\/www.hornamicina.eu\/web\/wp-content\/uploads\/2017\/12\/stromcek1.png?fit=530%2C530&ssl=1&resize=525%2C300 1.5x"},"classes":[]},{"id":1550,"url":"https:\/\/www.hornamicina.eu\/web\/stvorlistok-basnikov-jana-gallovica\/","url_meta":{"origin":1391,"position":5},"title":"\u0160tvorl\u00edstok b\u00e1snikov J\u00e1na Gallovi\u010da","author":"admin","date":"6. augusta 2019","format":false,"excerpt":"Obecn\u00fd \u00farad Horn\u00e1 Mi\u010din\u00e1 V\u00e1s poz\u00fdva na IV. liter\u00e1rno hudobn\u00fd ve\u010der do Evanjelick\u00e9ho kostola na Lazovnej ulici v Banskej Bystrici na predstavenie J\u00e1na Gallovi\u010da, Petra Lipu a Juraja Ba\u010du \u0160tvorl\u00edstok b\u00e1snikov, ktor\u00fd sa uskuto\u010dn\u00ed 15.9.2019 o 18:00.","rel":"","context":"V &quot;Denn\u00e9 centrum obce&quot;","block_context":{"text":"Denn\u00e9 centrum obce","link":"https:\/\/www.hornamicina.eu\/web\/category\/denne-centrum-obce\/"},"img":{"alt_text":"","src":"https:\/\/i0.wp.com\/www.hornamicina.eu\/web\/wp-content\/uploads\/2019\/08\/6E196989-4FA4-458A-9F02-0B11D4D47633.jpeg?fit=659%2C659&ssl=1&resize=350%2C200","width":350,"height":200,"srcset":"https:\/\/i0.wp.com\/www.hornamicina.eu\/web\/wp-content\/uploads\/2019\/08\/6E196989-4FA4-458A-9F02-0B11D4D47633.jpeg?fit=659%2C659&ssl=1&resize=350%2C200 1x, https:\/\/i0.wp.com\/www.hornamicina.eu\/web\/wp-content\/uploads\/2019\/08\/6E196989-4FA4-458A-9F02-0B11D4D47633.jpeg?fit=659%2C659&ssl=1&resize=525%2C300 1.5x"},"classes":[]}],"jetpack_likes_enabled":true,"_links":{"self":[{"href":"https:\/\/www.hornamicina.eu\/web\/wp-json\/wp\/v2\/posts\/1391","targetHints":{"allow":["GET"]}}],"collection":[{"href":"https:\/\/www.hornamicina.eu\/web\/wp-json\/wp\/v2\/posts"}],"about":[{"href":"https:\/\/www.hornamicina.eu\/web\/wp-json\/wp\/v2\/types\/post"}],"author":[{"embeddable":true,"href":"https:\/\/www.hornamicina.eu\/web\/wp-json\/wp\/v2\/users\/1"}],"replies":[{"embeddable":true,"href":"https:\/\/www.hornamicina.eu\/web\/wp-json\/wp\/v2\/comments?post=1391"}],"version-history":[{"count":0,"href":"https:\/\/www.hornamicina.eu\/web\/wp-json\/wp\/v2\/posts\/1391\/revisions"}],"wp:featuredmedia":[{"embeddable":true,"href":"https:\/\/www.hornamicina.eu\/web\/wp-json\/wp\/v2\/media\/1392"}],"wp:attachment":[{"href":"https:\/\/www.hornamicina.eu\/web\/wp-json\/wp\/v2\/media?parent=1391"}],"wp:term":[{"taxonomy":"category","embeddable":true,"href":"https:\/\/www.hornamicina.eu\/web\/wp-json\/wp\/v2\/categories?post=1391"},{"taxonomy":"post_tag","embeddable":true,"href":"https:\/\/www.hornamicina.eu\/web\/wp-json\/wp\/v2\/tags?post=1391"}],"curies":[{"name":"wp","href":"https:\/\/api.w.org\/{rel}","templated":true}]}}