{"id":1067,"date":"2018-11-06T11:46:02","date_gmt":"2018-11-06T10:46:02","guid":{"rendered":"https:\/\/www.hornamicina.eu\/web\/?p=1067"},"modified":"2019-02-25T09:48:19","modified_gmt":"2019-02-25T08:48:19","slug":"zamer-predaj-2018-11","status":"publish","type":"post","link":"https:\/\/www.hornamicina.eu\/web\/zamer-predaj-2018-11\/","title":{"rendered":"Z\u00e1mer predaja majetku obce"},"content":{"rendered":"<p align=\"center\"><u><span style=\"color: #000000;\">Obec\u00a0 Horn\u00e1 Mi\u010din\u00e1, Horn\u00e1 Mi\u010din\u00e1 \u010d. 79, 974 01\u00a0 Horn\u00e1 Mi\u010din\u00e1<\/span><\/u><\/p>\n<p align=\"center\"><strong><u><span style=\"color: #000000;\">Z\u00c1MER PREDAJA MAJETKU OBCE<\/span><\/u><\/strong><\/p>\n<p><span style=\"color: #000000;\">Obec Horn\u00e1 Mi\u010din\u00e1 t\u00fdmto v\u00a0s\u00falade s\u00a0\u00fast. \u00a7 9a a\u00a0ods. 8 p\u00edsm. e\/ z\u00e1k. \u010d. 138\/1991 Zb. o\u00a0majetku obc\u00ed v\u00a0znen\u00ed neskor\u0161\u00edch predpisov<\/span><\/p>\n<p align=\"center\"><strong><span style=\"color: #000000;\">z\u00a0v\u00a0e r e j \u0148 u\u00a0j e :<\/span><\/strong><span style=\"color: #000000;\">\u00a0<\/span><\/p>\n<p><span style=\"color: #000000;\">z\u00e1mer predaja nasledovn\u00e9ho majetku obce:<\/span><\/p>\n<ul>\n<li><span style=\"color: #000000;\">\u00a0<\/span><i><u>novovzniknut\u00fa parcelu\u00a0\u00a0KN-C \u010d. 515\/4, druh pozemku: zastavan\u00e9 plochy a\u00a0n\u00e1dvoria, o\u00a0v\u00fdmere: 41 m2, nach\u00e1dzaj\u00faci sa v\u00a0katastr\u00e1lnom \u00fazem\u00ed: Horn\u00e1 Mi\u010din\u00e1. obec: Horn\u00e1 Mi\u010din\u00e1, okres: Bansk\u00e1 Bystrica, ktor\u00e1 bola<\/u><\/i><i><u>\u00a0vytvoren\u00e1 oddelen\u00edm od existuj\u00facej parcely\u00a0\u00a0<\/u><\/i><i><u>KN-E \u010d. 225\/7 na z\u00e1klade:<\/u><\/i>\n<ul>\n<li><i><u><span style=\"color: #000000;\">&#8211; Geometrick\u00fd pl\u00e1n \u010d. 36840734-025\/2018 zo d\u0148a 24. 05. 2018, vyhotoven\u00fdm spolo\u010dnos\u0165ou GEOLINK s.r.o. so s\u00eddlom N\u00e1rodn\u00e1 9, 974 01 Bansk\u00e1 Bystrica, I\u010cO: 36840734, autoriza\u010dne osved\u010den\u00fdm d\u0148a 24. 05. 2018 Ing. Mari\u00e1nom Gab\u010dom, \u00faradne osved\u010den\u00fdm d\u0148a 30.05.2018 Okresn\u00fdm \u00faradom Bansk\u00e1 Bystrica, katastr\u00e1lnym odborom pod \u010d. 475\/2018<\/span><\/u><\/i><\/li>\n<\/ul>\n<\/li>\n<\/ul>\n<p><span style=\"color: #000000;\">a\u00a0jeho predaj kupuj\u00facemu:<b>\u00a0Ladislav Kurjan, bytom Horn\u00e1 Strieborn\u00e1 11, 974 01 Bansk\u00e1 Bystrica<\/b>\u00a0a to ako pr\u00edpad hodn\u00fd osobitn\u00e9ho zrete\u013ea pod\u013ea\u00a0<\/span><a href=\"http:\/\/www.vssr.sk\/main\/goto.ashx?t=27&amp;p=1948392&amp;f=2\" target=\"_blank\" rel=\"noopener\" data-saferedirecturl=\"https:\/\/www.google.com\/url?q=http:\/\/www.vssr.sk\/main\/goto.ashx?t%3D27%26p%3D1948392%26f%3D2&amp;source=gmail&amp;ust=1541584066952000&amp;usg=AFQjCNErtOZWkbV79acNtCMYG5GWnoNq2g\">\u00a7 9a ods. 8 p\u00edsm. e) z\u00e1kona \u010d. 138\/1991 Zb.<\/a><span style=\"color: #000000;\">, schva\u013eovan\u00fd trojp\u00e4tinovou v\u00e4\u010d\u0161inou v\u0161etk\u00fdch poslancov, ktor\u00fdm je skuto\u010dnos\u0165, \u017ee ide o pozemok priamo susediaci s pozemkom \u017eiadate\u013ea a ktor\u00fd \u017eiadate\u013e vyu\u017eije na ter\u00e9nne \u00fapravy za \u00fa\u010delom lep\u0161ieho vyu\u017eitia pozemku pri svojom rodinnom dome, <strong>za k\u00fapnu cenu 19,756\u20ac\/m2<\/strong>, teda za <strong>celkov\u00fa k\u00fapnu cenu 810 \u20ac<\/strong>, ktor\u00e1 bola zisten\u00e1 znaleck\u00fdm posudkom \u010d. 32\/2018 zo d\u0148a 04.06.2018 znalcom Ing. M\u00e1riou Harachovou.<\/span><\/p>\n","protected":false},"excerpt":{"rendered":"Obec\u00a0 Horn\u00e1 Mi\u010din\u00e1, Horn\u00e1 Mi\u010din\u00e1 \u010d. 79, 974 01\u00a0 Horn\u00e1 Mi\u010din\u00e1 Z\u00c1MER PREDAJA [&hellip;]","protected":false},"author":1,"featured_media":390,"comment_status":"closed","ping_status":"open","sticky":false,"template":"","format":"standard","meta":{"advanced_seo_description":"","jetpack_seo_html_title":"","jetpack_seo_noindex":false,"_jetpack_memberships_contains_paid_content":false,"footnotes":""},"categories":[32],"tags":[],"class_list":["post-1067","post","type-post","status-publish","format-standard","has-post-thumbnail","hentry","category-uradna-tabula"],"jetpack_featured_media_url":"https:\/\/i0.wp.com\/www.hornamicina.eu\/web\/wp-content\/uploads\/2017\/07\/uznesenia.jpg?fit=530%2C530&ssl=1","jetpack_sharing_enabled":true,"jetpack_shortlink":"https:\/\/wp.me\/p8RsFw-hd","jetpack-related-posts":[{"id":2351,"url":"https:\/\/www.hornamicina.eu\/web\/predaj-2021-krnac\/","url_meta":{"origin":1067,"position":0},"title":"Z\u00e1mer predaja majetku obce &#8211; p. Krn\u00e1\u010d","author":"admin","date":"22. febru\u00e1ra 2021","format":false,"excerpt":"Obec Horn\u00e1 Mi\u010din\u00e1 t\u00fdmto v\u00a0s\u00falade s\u00a0ust.\u00a79a ods.8 p\u00edsm. e)z\u00e1k. \u010d. 138\/1991 Zb. o\u00a0majetku obc\u00ed v\u00a0znen\u00ed neskor\u0161\u00edch predpisov\u00a0zverej\u0148uje z\u00e1mer predaja nasledovn\u00e9ho majetku obce: - Pod\u013ea geometrick\u00e9ho pl\u00e1nu novovytvoren\u00fa parcelu C- \u010d.37\/1 -\u00a0ostatn\u00e1 plocha o\u00a0v\u00fdmere 423m2, evidovan\u00e1 v\u00a0katastri nehnute\u013enost\u00ed ako parc. E-\u010d.225\/6 o v\u00fdmere 423m2, veden\u00e1 na LV-417 v\u00a0k.\u00fa.\u00a0Horn\u00e1 Mi\u010din\u00e1\u00a0do v\u00fdlu\u010dn\u00e9ho vlastn\u00edctva\u2026","rel":"","context":"V &quot;Elektronick\u00e1 \u00faradn\u00e1 tabu\u013ea&quot;","block_context":{"text":"Elektronick\u00e1 \u00faradn\u00e1 tabu\u013ea","link":"https:\/\/www.hornamicina.eu\/web\/category\/uradna-tabula\/"},"img":{"alt_text":"Logo obce a dokumenty","src":"https:\/\/i0.wp.com\/www.hornamicina.eu\/web\/wp-content\/uploads\/2017\/07\/uznesenia.jpg?fit=530%2C530&ssl=1&resize=350%2C200","width":350,"height":200,"srcset":"https:\/\/i0.wp.com\/www.hornamicina.eu\/web\/wp-content\/uploads\/2017\/07\/uznesenia.jpg?fit=530%2C530&ssl=1&resize=350%2C200 1x, https:\/\/i0.wp.com\/www.hornamicina.eu\/web\/wp-content\/uploads\/2017\/07\/uznesenia.jpg?fit=530%2C530&ssl=1&resize=525%2C300 1.5x"},"classes":[]},{"id":3533,"url":"https:\/\/www.hornamicina.eu\/web\/zverejnenie-zameru-zameny-nehn-majetku-p-r-magic\/","url_meta":{"origin":1067,"position":1},"title":"Zverejnenie z\u00e1meru z\u00e1meny nehnute\u013en\u00e9ho majetku &#8211; p. R. Magic","author":"admin","date":"15. febru\u00e1ra 2023","format":false,"excerpt":"ZVEREJNENIE Z\u00c1MERU z\u00e1meny ni\u017e\u0161ie identifikovan\u00e9ho majetku Obce Horn\u00e1 Mi\u010din\u00e1 z\u00a0d\u00f4vodu hodn\u00e9ho osobitn\u00e9ho zrete\u013ea \u00a0 Obec Horn\u00e1 Mi\u010din\u00e1 v s\u00falade s ustanoveniami \u00a7 9 ods. 8 p\u00edsm. c) z\u00e1kona \u010d. 138\/1991 Zb. o majetku obc\u00ed v znen\u00ed neskor\u0161\u00edch predpisov, zverej\u0148uje z\u00e1mer z\u00e1meny ni\u017e\u0161ie identifikovan\u00e9ho nehnute\u013en\u00e9ho majetku z d\u00f4vodu hodn\u00e9ho osobitn\u00e9ho zrete\u013ea\u2026","rel":"","context":"V &quot;D\u00f4le\u017eit\u00e9&quot;","block_context":{"text":"D\u00f4le\u017eit\u00e9","link":"https:\/\/www.hornamicina.eu\/web\/category\/dolezite\/"},"img":{"alt_text":"Logo obce a dokumenty","src":"https:\/\/i0.wp.com\/www.hornamicina.eu\/web\/wp-content\/uploads\/2017\/07\/uznesenia.jpg?fit=530%2C530&ssl=1&resize=350%2C200","width":350,"height":200,"srcset":"https:\/\/i0.wp.com\/www.hornamicina.eu\/web\/wp-content\/uploads\/2017\/07\/uznesenia.jpg?fit=530%2C530&ssl=1&resize=350%2C200 1x, https:\/\/i0.wp.com\/www.hornamicina.eu\/web\/wp-content\/uploads\/2017\/07\/uznesenia.jpg?fit=530%2C530&ssl=1&resize=525%2C300 1.5x"},"classes":[]},{"id":4004,"url":"https:\/\/www.hornamicina.eu\/web\/zamer-zameny-majetku-obce-hm-z-dovodu-hodneho-osobitneho-zretela\/","url_meta":{"origin":1067,"position":2},"title":"Z\u00e1mer z\u00e1meny majetku obce HM &#8211; z d\u00f4vodu hodn\u00e9ho osobitn\u00e9ho zrete\u013ea","author":"admin","date":"29. novembra 2023","format":false,"excerpt":"Z\u00a0V\u00a0E R E J N E N I\u00a0E\u00a0\u00a0 Z\u00a0\u00c1 M E R U z\u00e1meny ni\u017e\u0161ie identifikovan\u00e9ho majetku obce Horn\u00e1 Mi\u010din\u00e1 z d\u00f4vodu hodn\u00e9ho osobitn\u00e9ho zrete\u013ea \u00a0 Obec Horn\u00e1 Mi\u010din\u00e1 v\u00a0s\u00falade s ustanoven\u00edm \u00a7 9a ods. 2 a \u00a7 9a ods. 8 p\u00edsm. e) z\u00e1kona \u010d. 138\/1991 Zb. o\u00a0majetku obc\u00ed, v\u00a0znen\u00ed\u2026","rel":"","context":"V &quot;D\u00f4le\u017eit\u00e9&quot;","block_context":{"text":"D\u00f4le\u017eit\u00e9","link":"https:\/\/www.hornamicina.eu\/web\/category\/dolezite\/"},"img":{"alt_text":"Logo obce a dokumenty","src":"https:\/\/i0.wp.com\/www.hornamicina.eu\/web\/wp-content\/uploads\/2017\/07\/uznesenia.jpg?fit=530%2C530&ssl=1&resize=350%2C200","width":350,"height":200,"srcset":"https:\/\/i0.wp.com\/www.hornamicina.eu\/web\/wp-content\/uploads\/2017\/07\/uznesenia.jpg?fit=530%2C530&ssl=1&resize=350%2C200 1x, https:\/\/i0.wp.com\/www.hornamicina.eu\/web\/wp-content\/uploads\/2017\/07\/uznesenia.jpg?fit=530%2C530&ssl=1&resize=525%2C300 1.5x"},"classes":[]},{"id":4143,"url":"https:\/\/www.hornamicina.eu\/web\/zamer-predat-majetok-obce-z-dovodu-hodneho-osobitneho-zretela-p-pavel-martinec-p-anna-martincova\/","url_meta":{"origin":1067,"position":3},"title":"Z\u00e1mer preda\u0165 majetok obce z d\u00f4vodu hodn\u00e9ho osobitn\u00e9ho zrete\u013ea &#8211; p. Pavel Martinec, p. Anna Martincov\u00e1","author":"admin","date":"21. febru\u00e1ra 2024","format":false,"excerpt":"Zverejnenie z\u00e1meru preda\u0165 ni\u017e\u0161ie identifikovan\u00fd majetok Obce Horn\u00e1 Mi\u010din\u00e1 z d\u00f4vodu hodn\u00e9ho osobitn\u00e9ho zrete\u013ea. Obec Horn\u00e1 Mi\u010din\u00e1 v s\u00falade s ustanoveniami \u00a79 ods. 2 p\u00edsm. a) a \u00a79a ods. 15 p\u00edsm. f) z\u00e1kona \u010d. 138\/1991 Zb. o majetku obc\u00ed v znen\u00ed ncskor\u0161\u00edch prcdpis0v a Z\u00e1sadami hospod\u00e1renia s majetkom Obce Horn\u00e1\u2026","rel":"","context":"V &quot;D\u00f4le\u017eit\u00e9&quot;","block_context":{"text":"D\u00f4le\u017eit\u00e9","link":"https:\/\/www.hornamicina.eu\/web\/category\/dolezite\/"},"img":{"alt_text":"Logo obce a dokumenty","src":"https:\/\/i0.wp.com\/www.hornamicina.eu\/web\/wp-content\/uploads\/2017\/07\/uznesenia.jpg?fit=530%2C530&ssl=1&resize=350%2C200","width":350,"height":200,"srcset":"https:\/\/i0.wp.com\/www.hornamicina.eu\/web\/wp-content\/uploads\/2017\/07\/uznesenia.jpg?fit=530%2C530&ssl=1&resize=350%2C200 1x, https:\/\/i0.wp.com\/www.hornamicina.eu\/web\/wp-content\/uploads\/2017\/07\/uznesenia.jpg?fit=530%2C530&ssl=1&resize=525%2C300 1.5x"},"classes":[]},{"id":2635,"url":"https:\/\/www.hornamicina.eu\/web\/osob-zretel-lackova\/","url_meta":{"origin":1067,"position":4},"title":"Predaj majetku z d\u00f4vodu osobitn\u00e9ho zrete\u013ea &#8211; p. Lackova","author":"admin","date":"31. augusta 2021","format":false,"excerpt":"ZVEREJNENIE Z\u00c1MERU preda\u0165 ni\u017e\u0161ie identifikovan\u00fd majetok Obce Horn\u00e1 Mi\u010din\u00e1 z d\u00f4vodu hodn\u00e9ho osobitn\u00e9ho zrete\u013ea Obec Horn\u00e1 Mi\u010din\u00e1 v s\u00falade s ustanoveniami \u00a79 ods. 2 p\u00edsm. a) a \u00a7 9a ods. 8 p\u00edsm. e) z\u00e1kona \u010d. 138\/1991 Zb. o majetku obc\u00ed v znen\u00ed neskor\u0161\u00edch predpisov, t\u00fdmto zverej\u0148uje z\u00e1mer preda\u0165 predmetn\u00e9 nehnute\u013enosti\u2026","rel":"","context":"V &quot;D\u00f4le\u017eit\u00e9&quot;","block_context":{"text":"D\u00f4le\u017eit\u00e9","link":"https:\/\/www.hornamicina.eu\/web\/category\/dolezite\/"},"img":{"alt_text":"Logo obce a dokumenty","src":"https:\/\/i0.wp.com\/www.hornamicina.eu\/web\/wp-content\/uploads\/2017\/07\/uznesenia.jpg?fit=530%2C530&ssl=1&resize=350%2C200","width":350,"height":200,"srcset":"https:\/\/i0.wp.com\/www.hornamicina.eu\/web\/wp-content\/uploads\/2017\/07\/uznesenia.jpg?fit=530%2C530&ssl=1&resize=350%2C200 1x, https:\/\/i0.wp.com\/www.hornamicina.eu\/web\/wp-content\/uploads\/2017\/07\/uznesenia.jpg?fit=530%2C530&ssl=1&resize=525%2C300 1.5x"},"classes":[]},{"id":4244,"url":"https:\/\/www.hornamicina.eu\/web\/zverejnenie-zameru-predat-nizsie-identifikovany-majetok-obce-horna-micina-zdovodu-hodneho-osobitneho-zretela-m-marko\/","url_meta":{"origin":1067,"position":5},"title":"Zverejnenie z\u00e1meru preda\u0165 ni\u017e\u0161ie identifikovan\u00fd majetok Obce Horn\u00e1 Mi\u010din\u00e1 zd\u00f4vodu hodn\u00e9ho osobitn\u00e9ho zrete\u013ea &#8211; M. Marko","author":"admin","date":"16. m\u00e1ja 2024","format":false,"excerpt":"Obec Horn\u00e1 Mi\u010din\u00e1 v\u00a0s\u00falade s ustanoveniami \u00a7 9 ods. 2 p\u00edsm. a) a \u00a7 9a ods. 15 p\u00edsm. f) z\u00e1kona \u010d. 138\/1991 Zb. o\u00a0majetku obc\u00ed v\u00a0znen\u00ed neskor\u0161\u00edch predpisov a\u00a0Z\u00e1sadami hospod\u00e1renia s\u00a0majetkom Obce Horn\u00e1 Mi\u010din\u00e1 zo d\u0148a 13.12.2023, t\u00fdmto zverej\u0148uje z\u00e1mer preda\u0165 ni\u017e\u0161ie identifikovan\u00fd majetok Obce Horn\u00e1 Mi\u010din\u00e1 k\u00fapnopredajnou zmluvou z\u00a0d\u00f4vodu\u2026","rel":"","context":"V &quot;D\u00f4le\u017eit\u00e9&quot;","block_context":{"text":"D\u00f4le\u017eit\u00e9","link":"https:\/\/www.hornamicina.eu\/web\/category\/dolezite\/"},"img":{"alt_text":"Logo obce a dokumenty","src":"https:\/\/i0.wp.com\/www.hornamicina.eu\/web\/wp-content\/uploads\/2017\/07\/uznesenia.jpg?fit=530%2C530&ssl=1&resize=350%2C200","width":350,"height":200,"srcset":"https:\/\/i0.wp.com\/www.hornamicina.eu\/web\/wp-content\/uploads\/2017\/07\/uznesenia.jpg?fit=530%2C530&ssl=1&resize=350%2C200 1x, https:\/\/i0.wp.com\/www.hornamicina.eu\/web\/wp-content\/uploads\/2017\/07\/uznesenia.jpg?fit=530%2C530&ssl=1&resize=525%2C300 1.5x"},"classes":[]}],"jetpack_likes_enabled":true,"_links":{"self":[{"href":"https:\/\/www.hornamicina.eu\/web\/wp-json\/wp\/v2\/posts\/1067","targetHints":{"allow":["GET"]}}],"collection":[{"href":"https:\/\/www.hornamicina.eu\/web\/wp-json\/wp\/v2\/posts"}],"about":[{"href":"https:\/\/www.hornamicina.eu\/web\/wp-json\/wp\/v2\/types\/post"}],"author":[{"embeddable":true,"href":"https:\/\/www.hornamicina.eu\/web\/wp-json\/wp\/v2\/users\/1"}],"replies":[{"embeddable":true,"href":"https:\/\/www.hornamicina.eu\/web\/wp-json\/wp\/v2\/comments?post=1067"}],"version-history":[{"count":0,"href":"https:\/\/www.hornamicina.eu\/web\/wp-json\/wp\/v2\/posts\/1067\/revisions"}],"wp:featuredmedia":[{"embeddable":true,"href":"https:\/\/www.hornamicina.eu\/web\/wp-json\/wp\/v2\/media\/390"}],"wp:attachment":[{"href":"https:\/\/www.hornamicina.eu\/web\/wp-json\/wp\/v2\/media?parent=1067"}],"wp:term":[{"taxonomy":"category","embeddable":true,"href":"https:\/\/www.hornamicina.eu\/web\/wp-json\/wp\/v2\/categories?post=1067"},{"taxonomy":"post_tag","embeddable":true,"href":"https:\/\/www.hornamicina.eu\/web\/wp-json\/wp\/v2\/tags?post=1067"}],"curies":[{"name":"wp","href":"https:\/\/api.w.org\/{rel}","templated":true}]}}