{"id":1025,"date":"2018-10-04T14:13:02","date_gmt":"2018-10-04T12:13:02","guid":{"rendered":"http:\/\/www.hornamicina.eu\/web\/?p=1025"},"modified":"2018-10-04T14:13:02","modified_gmt":"2018-10-04T12:13:02","slug":"vystava-ovocia-zeleniny-2018","status":"publish","type":"post","link":"https:\/\/www.hornamicina.eu\/web\/vystava-ovocia-zeleniny-2018\/","title":{"rendered":"V\u00fdstava ovocia a zeleniny 2018"},"content":{"rendered":"<p style=\"text-align: center;\"><strong>Obecn\u00fd \u00farad, ZO SZPB, Denn\u00e9 centrum seniorov a FO Dru\u017estevn\u00edk Horn\u00e1 Mi\u010din\u00e1<\/strong><\/p>\n<p style=\"text-align: center;\">V\u00e1s poz\u00fdvaj\u00fa na<\/p>\n<h2 style=\"text-align: center;\">V\u00fdstavu ovocia a zeleniny<\/h2>\n<p style=\"text-align: center;\"><span style=\"font-size: 14pt;\"><strong>6. okt\u00f3bra 2018 (sobota) o 15:00<\/strong><\/span><\/p>\n<p style=\"text-align: center;\">na futbalovom \u0161tadi\u00f3ne NIVA<\/p>\n<p style=\"text-align: center;\">Najkraj\u0161ie expon\u00e1ty bud\u00fa ocenen\u00e9.<\/p>\n","protected":false},"excerpt":{"rendered":"Obecn\u00fd \u00farad, ZO SZPB, Denn\u00e9 centrum seniorov a FO Dru\u017estevn\u00edk Horn\u00e1 Mi\u010din\u00e1 V\u00e1s [&hellip;]","protected":false},"author":1,"featured_media":1026,"comment_status":"closed","ping_status":"open","sticky":false,"template":"","format":"standard","meta":{"advanced_seo_description":"","jetpack_seo_html_title":"","jetpack_seo_noindex":false,"_jetpack_memberships_contains_paid_content":false,"footnotes":""},"categories":[7,8],"tags":[],"class_list":["post-1025","post","type-post","status-publish","format-standard","has-post-thumbnail","hentry","category-kultura","category-oznamy"],"jetpack_featured_media_url":"https:\/\/i0.wp.com\/www.hornamicina.eu\/web\/wp-content\/uploads\/2018\/10\/slivkysq.jpg?fit=530%2C520&ssl=1","jetpack_sharing_enabled":true,"jetpack_shortlink":"https:\/\/wp.me\/p8RsFw-gx","jetpack-related-posts":[{"id":913,"url":"https:\/\/www.hornamicina.eu\/web\/pozvanka-zas-2018-08-01\/","url_meta":{"origin":1025,"position":0},"title":"Pozv\u00e1nka na mimoriadne zasadnutie OZ Hornej Mi\u010dinej","author":"admin","date":"27. j\u00fala 2018","format":false,"excerpt":"D\u0148a 1.8. 2018 \/streda\/\u00a0 o 19:00 hod. sa uskuto\u010dn\u00ed mimoriadne zasadnutie obecn\u00e9ho zastupite\u013estva v zasada\u010dke obecn\u00e9ho \u00faradu. \u00a0 Program: Otvorenie Program obecn\u00e9ho zastupite\u013estva Vo\u013eba n\u00e1vrhovej komisie, overovate\u013eov z\u00e1pisnice a zapistovate\u013ea Ur\u010denie rozsahu v\u00fdkonu \/\u00fav\u00e4zku\/ funkcie starostu obce na cel\u00e9 funk\u010dn\u00e9 obdobie 2018-2022 Ur\u010denie po\u010dtu poslancov obecn\u00e9ho zastupite\u013estva na cel\u00e9 funk\u010dn\u00e9\u2026","rel":"","context":"V &quot;Zastupite\u013estvo&quot;","block_context":{"text":"Zastupite\u013estvo","link":"https:\/\/www.hornamicina.eu\/web\/category\/zastupitelstvo\/"},"img":{"alt_text":"","src":"https:\/\/i0.wp.com\/www.hornamicina.eu\/web\/wp-content\/uploads\/2017\/07\/zastupitelstvo.jpg?fit=530%2C375&ssl=1&resize=350%2C200","width":350,"height":200,"srcset":"https:\/\/i0.wp.com\/www.hornamicina.eu\/web\/wp-content\/uploads\/2017\/07\/zastupitelstvo.jpg?fit=530%2C375&ssl=1&resize=350%2C200 1x, https:\/\/i0.wp.com\/www.hornamicina.eu\/web\/wp-content\/uploads\/2017\/07\/zastupitelstvo.jpg?fit=530%2C375&ssl=1&resize=525%2C300 1.5x"},"classes":[]},{"id":1100,"url":"https:\/\/www.hornamicina.eu\/web\/mikulas-2018\/","url_meta":{"origin":1025,"position":1},"title":"Mikul\u00e1\u0161 2018","author":"admin","date":"29. novembra 2018","format":false,"excerpt":"Obec Horn\u00e1 Mi\u010din\u00e1 poz\u00fdva mal\u00fdch aj ve\u013ek\u00fdch d\u0148a 8.12.2018 (sobota) na stretnutie s Mikul\u00e1\u0161om, rozsvietenie viano\u010dn\u00e9ho strom\u010deka a sladk\u00fa odmenu pre deti. Pozv\u00e1nka na stretnutie s Mikul\u00e1\u0161om - 2018 \u00a0 PROGRAM: 14:30 hod. \u00a0 \u00a0- divadeln\u00e9 predstavenie hercov z Divadla pod balk\u00f3nom v s\u00e1le obecn\u00e9ho \u00faradu a rozd\u00e1vanie mikul\u00e1\u0161skych bal\u00edkov\u2026","rel":"","context":"V &quot;Kult\u00fara&quot;","block_context":{"text":"Kult\u00fara","link":"https:\/\/www.hornamicina.eu\/web\/category\/kultura\/"},"img":{"alt_text":"","src":"https:\/\/i0.wp.com\/www.hornamicina.eu\/web\/wp-content\/uploads\/2017\/12\/stromcek1.png?fit=530%2C530&ssl=1&resize=350%2C200","width":350,"height":200,"srcset":"https:\/\/i0.wp.com\/www.hornamicina.eu\/web\/wp-content\/uploads\/2017\/12\/stromcek1.png?fit=530%2C530&ssl=1&resize=350%2C200 1x, https:\/\/i0.wp.com\/www.hornamicina.eu\/web\/wp-content\/uploads\/2017\/12\/stromcek1.png?fit=530%2C530&ssl=1&resize=525%2C300 1.5x"},"classes":[]},{"id":668,"url":"https:\/\/www.hornamicina.eu\/web\/navrh-rozpocet-18-20\/","url_meta":{"origin":1025,"position":2},"title":"N\u00e1vrh rozpo\u010dtu na roky 2018-2020","author":"admin","date":"24. novembra 2017","format":"aside","excerpt":"N\u00e1vrh rozpo\u010dtu na roky 2018, 2019 a 2020 HM n\u00e1vrh na rozpo\u010det 2018-2020","rel":"","context":"V &quot;D\u00f4le\u017eit\u00e9&quot;","block_context":{"text":"D\u00f4le\u017eit\u00e9","link":"https:\/\/www.hornamicina.eu\/web\/category\/dolezite\/"},"img":{"alt_text":"Logo obce a dokumenty","src":"https:\/\/i0.wp.com\/www.hornamicina.eu\/web\/wp-content\/uploads\/2017\/07\/uznesenia.jpg?fit=530%2C530&ssl=1&resize=350%2C200","width":350,"height":200,"srcset":"https:\/\/i0.wp.com\/www.hornamicina.eu\/web\/wp-content\/uploads\/2017\/07\/uznesenia.jpg?fit=530%2C530&ssl=1&resize=350%2C200 1x, https:\/\/i0.wp.com\/www.hornamicina.eu\/web\/wp-content\/uploads\/2017\/07\/uznesenia.jpg?fit=530%2C530&ssl=1&resize=525%2C300 1.5x"},"classes":[]},{"id":1089,"url":"https:\/\/www.hornamicina.eu\/web\/rozpocet-19-a-19-21\/","url_meta":{"origin":1025,"position":3},"title":"Rozpo\u010det na rok 2019 a n\u00e1vrhy na 2019-2021","author":"admin","date":"20. novembra 2018","format":"aside","excerpt":"Rozpo\u010det na rok 2019 Rozpo\u010det na rok 2019 N\u00e1vrh rozpo\u010dtu na roky 2019, 2020 a 2021 N\u00e1vrh rozpo\u010dtu na roky 2019-2021 Finan\u010dn\u00fd rozpo\u010det 2018 a n\u00e1vrh fr na 2019,2020,2021","rel":"","context":"V &quot;D\u00f4le\u017eit\u00e9&quot;","block_context":{"text":"D\u00f4le\u017eit\u00e9","link":"https:\/\/www.hornamicina.eu\/web\/category\/dolezite\/"},"img":{"alt_text":"Logo obce a dokumenty","src":"https:\/\/i0.wp.com\/www.hornamicina.eu\/web\/wp-content\/uploads\/2017\/07\/uznesenia.jpg?fit=530%2C530&ssl=1&resize=350%2C200","width":350,"height":200,"srcset":"https:\/\/i0.wp.com\/www.hornamicina.eu\/web\/wp-content\/uploads\/2017\/07\/uznesenia.jpg?fit=530%2C530&ssl=1&resize=350%2C200 1x, https:\/\/i0.wp.com\/www.hornamicina.eu\/web\/wp-content\/uploads\/2017\/07\/uznesenia.jpg?fit=530%2C530&ssl=1&resize=525%2C300 1.5x"},"classes":[]},{"id":688,"url":"https:\/\/www.hornamicina.eu\/web\/harmonogram-zberu-odpadu-na-rok-2018\/","url_meta":{"origin":1025,"position":4},"title":"Harmonogram zberu odpadu na rok 2018","author":"admin","date":"15. decembra 2017","format":"aside","excerpt":"Harmonogram zberu trieden\u00e9ho odpadu na rok 2018: MESIAC TRIEDEN\u00dd ODPAD PLASTY PAPIER SKLO de\u0148 zberu de\u0148 zberu de\u0148 zberu Janu\u00e1r 22 19 8 Febru\u00e1r 19 16 5 Marec 19 16 5 Apr\u00edl 16 13 3 a 30 M\u00e1j 14 11 28 J\u00fan 11 8 25 J\u00fal 9 6 23 August\u2026","rel":"","context":"V &quot;Odpady&quot;","block_context":{"text":"Odpady","link":"https:\/\/www.hornamicina.eu\/web\/category\/odpady\/"},"img":{"alt_text":"Separovan\u00fd zber","src":"https:\/\/i0.wp.com\/www.hornamicina.eu\/web\/wp-content\/uploads\/2017\/06\/sepzber.jpg?fit=530%2C530&ssl=1&resize=350%2C200","width":350,"height":200,"srcset":"https:\/\/i0.wp.com\/www.hornamicina.eu\/web\/wp-content\/uploads\/2017\/06\/sepzber.jpg?fit=530%2C530&ssl=1&resize=350%2C200 1x, https:\/\/i0.wp.com\/www.hornamicina.eu\/web\/wp-content\/uploads\/2017\/06\/sepzber.jpg?fit=530%2C530&ssl=1&resize=525%2C300 1.5x"},"classes":[]},{"id":690,"url":"https:\/\/www.hornamicina.eu\/web\/uznesenie-z-13-12-2017\/","url_meta":{"origin":1025,"position":5},"title":"Uznesenie z 13.12.2017","author":"admin","date":"18. decembra 2017","format":"aside","excerpt":"UZNESENIE zo zasadnutia obecn\u00e9ho zastupite\u013estva obce Horn\u00e1 Mi\u010din\u00e1 konan\u00e9ho d\u0148a 13.12.2017 \u00a0 Uznesenie \u010d. 1 \/ zo d\u0148a 13.12.2017 K\u00a0bodu 2. Program zasadnutia obecn\u00e9ho zastupite\u013estva (\u010falej OZ) obce Horn\u00e1 Mi\u010din\u00e1 OZ obce Horn\u00e1 Mi\u010din\u00e1 schva\u013euje Program obecn\u00e9ho zastupite\u013estva \u00a0 Pr\u00edtomn\u00ed poslanci: \u00a0\u00a0\u00a0\u00a0\u00a0\u00a0\u00a0\u00a0 Michal Karkal\u00edk, Bohu\u0161 Martinec, Tom\u00e1\u0161 Martinec, Jaroslav Pa\u013ea,\u2026","rel":"","context":"V &quot;Uznesenia&quot;","block_context":{"text":"Uznesenia","link":"https:\/\/www.hornamicina.eu\/web\/category\/uznesenia\/"},"img":{"alt_text":"Logo obce a dokumenty","src":"https:\/\/i0.wp.com\/www.hornamicina.eu\/web\/wp-content\/uploads\/2017\/07\/uznesenia.jpg?fit=530%2C530&ssl=1&resize=350%2C200","width":350,"height":200,"srcset":"https:\/\/i0.wp.com\/www.hornamicina.eu\/web\/wp-content\/uploads\/2017\/07\/uznesenia.jpg?fit=530%2C530&ssl=1&resize=350%2C200 1x, https:\/\/i0.wp.com\/www.hornamicina.eu\/web\/wp-content\/uploads\/2017\/07\/uznesenia.jpg?fit=530%2C530&ssl=1&resize=525%2C300 1.5x"},"classes":[]}],"jetpack_likes_enabled":true,"_links":{"self":[{"href":"https:\/\/www.hornamicina.eu\/web\/wp-json\/wp\/v2\/posts\/1025","targetHints":{"allow":["GET"]}}],"collection":[{"href":"https:\/\/www.hornamicina.eu\/web\/wp-json\/wp\/v2\/posts"}],"about":[{"href":"https:\/\/www.hornamicina.eu\/web\/wp-json\/wp\/v2\/types\/post"}],"author":[{"embeddable":true,"href":"https:\/\/www.hornamicina.eu\/web\/wp-json\/wp\/v2\/users\/1"}],"replies":[{"embeddable":true,"href":"https:\/\/www.hornamicina.eu\/web\/wp-json\/wp\/v2\/comments?post=1025"}],"version-history":[{"count":0,"href":"https:\/\/www.hornamicina.eu\/web\/wp-json\/wp\/v2\/posts\/1025\/revisions"}],"wp:featuredmedia":[{"embeddable":true,"href":"https:\/\/www.hornamicina.eu\/web\/wp-json\/wp\/v2\/media\/1026"}],"wp:attachment":[{"href":"https:\/\/www.hornamicina.eu\/web\/wp-json\/wp\/v2\/media?parent=1025"}],"wp:term":[{"taxonomy":"category","embeddable":true,"href":"https:\/\/www.hornamicina.eu\/web\/wp-json\/wp\/v2\/categories?post=1025"},{"taxonomy":"post_tag","embeddable":true,"href":"https:\/\/www.hornamicina.eu\/web\/wp-json\/wp\/v2\/tags?post=1025"}],"curies":[{"name":"wp","href":"https:\/\/api.w.org\/{rel}","templated":true}]}}